{"id":203660,"date":"2025-10-27T13:48:08","date_gmt":"2025-10-27T13:48:08","guid":{"rendered":"https:\/\/www.europesays.com\/es\/203660\/"},"modified":"2025-10-27T13:48:08","modified_gmt":"2025-10-27T13:48:08","slug":"se-despide-de-la-melena-larga-y-se-atreve-con-el-corte-de-pelo-bob-mas-sexy","status":"publish","type":"post","link":"https:\/\/www.europesays.com\/es\/203660\/","title":{"rendered":"se despide de la melena larga y se atreve con el corte de pelo bob m\u00e1s sexy"},"content":{"rendered":"<p class=\"c-paragraph\"><b>Sydney Sweeney <\/b>no solo es un icono de moda, sino que la actriz estadounidense ya es una de las j\u00f3venes m\u00e1s inspiradoras en cuesti\u00f3n de belleza, lo que le ha llevado a conquistar a firmas como <b>Armany Beauty, K\u00e9rastase o Laneige<\/b>, entre otras, que no han dudado en contar con su imagen para importantes campa\u00f1as y lanzamientos.<\/p>\n<p class=\"c-paragraph\">Para sus fans, Sydney Sweeney tambi\u00e9n es referente en este aspecto. Y m\u00e1s all\u00e1 de sus rutinas o maquillajes, <b>una se\u00f1a de identidad de la actriz de Euphoria es su melena<\/b>: larga, de color rubio y peinada con raya en medio. Aunque, como todo, parece que la int\u00e9rprete ha querido apostar con un cambio de look para esta nueva era personal y profesional en la que se encuentra.<\/p>\n<p class=\"c-paragraph\">M\u00e1s all\u00e1 de atravesar por una bonita etapa personal por <a href=\"https:\/\/www.20minutos.es\/mujer\/moda\/sydney-sweeney-cita-romantica-novio-scooter-braun-look-empoderado-sexy_6512586_0.html\" title=\"Sydney Sweeney se va de cita rom\u00e1ntica con su novio Scooter Braun y un &#039;look&#039; tan empoderado como sexy\" rel=\"nofollow noopener\" target=\"_blank\">su relaci\u00f3n con Scooter Braun, de 44 a\u00f1os<\/a>,<b> Sydney Sweeney tambi\u00e9n est\u00e1 en plena promoci\u00f3n de su nueva pel\u00edcula, Christy<\/b>. Y, precisamente, en la premier de Los \u00c1ngeles, la estadounidense <b>sorprendi\u00f3 con un inesperado corte de pelo <\/b>con el que dejaba atr\u00e1s su caracter\u00edstica melena XL y se apuntaba a un rubio mucho m\u00e1s intenso.<\/p>\n<p>As\u00ed es el nuevo color y corte de pelo de Sydney Sweeney<\/p>\n<p class=\"c-paragraph\"><b>Sydney Sweeney estrena nuevo rubio de la mano del experto en coloraci\u00f3n Jacob Schwartz<\/b>, que trabaj\u00f3 con productos de Schwarzkopz Professional para conseguir un nuevo tono de rubio ideal.<\/p>\n<p class=\"c-paragraph\">Se trata de una coloraci\u00f3n que el propio estilista ha definido como &#8216;dark suede blonde&#8217; (rubio ante oscuro) en el que tambi\u00e9n ha dejado protagonismo al color natural de la int\u00e9rprete con sus ra\u00edces. Adem\u00e1s<b>, este color resaltan los rasgos y el azul de los ojos de Sweeney.\u00a0<\/b><\/p>\n<p class=\"c-paragraph\">Por su parte, el encargado del corte de pelo fue <b>Glen Coco <\/b>que, tal y como ha compartido en sus redes, este peinado lo ha llamado: \u00abEl viaje al &#8216;bob&#8217; de Sydney Sweeney\u00bb, ya que es la primera vez que la actriz se atreve con este peinado.\u00a0<\/p>\n<p class=\"c-paragraph\">El corte lo ha realizado de la mano de este estilista de K\u00e9rastase, firma de cuidado capilar para la que Sydney Sweeney ya ha sido imagen. Y, como dictan los bobs originales, cuenta con <b>un corte a la altura de la barbilla de lo m\u00e1s elegante<\/b>, que no solo es favorecedor sino que permite peinarlo de distintas maneras: ondulado, liso, con puntas rectas o peinadas hacia adentro&#8230;<\/p>\n<p class=\"c-paragraph\">Asimismo, se trata de <b>un peinado atemporal que favorece, por norma general, a todo tipo de rostros<\/b> y que, sin duda, en el caso de Sydney Sweeney le aporta un toque sexy al dejar cuello, hombros y escote al descubierto.<\/p>\n<p class=\"c-paragraph\">Es<b> un corte lineal, totalmente pulido y sin capas<\/b> que, adem\u00e1s, no requiere de excesivo mantenimiento, pues se puede retocar cada dos o tres meses para dejarlo siempre a la misma medida.<\/p>\n<p class=\"c-paragraph\">En el caso de Sydney Sweeney, la actriz lo lleva peinado con raya en medio y con un resultado de brillo e hidrataci\u00f3n que, tal y como cuenta el propio Glen Coco, <b>se ha conseguido gracias a Gloss Absolu<\/b>: un aceite capilar anti-frizz formulado con aceite de rosa silvestre que aporta un acabado glossy a cualquier peinado mientras que, al mismo tiempo, protege la melena.<a href=\"https:\/\/www.amazon.es\/K%C3%A9rastase-Anti-frizz-Potenciador-Ingrediente-Definitivo\/dp\/B0DQV1FQ49?tag=20m5551-21\" rel=\"nofollow noreferrer noopener\" target=\"_blank\"> Disponible en Amazon por 36 \u20ac<\/a>.<\/p>\n","protected":false},"excerpt":{"rendered":"Sydney Sweeney no solo es un icono de moda, sino que la actriz estadounidense ya es una de&hellip;\n","protected":false},"author":2,"featured_media":203661,"comment_status":"","ping_status":"","sticky":false,"template":"","format":"standard","meta":{"footnotes":""},"categories":[174],"tags":[255,6193,146,147,25,24,256,55822,7745,23,15408,15407],"class_list":{"0":"post-203660","1":"post","2":"type-post","3":"status-publish","4":"format-standard","5":"has-post-thumbnail","7":"category-famosos","8":"tag-celebrities","9":"tag-despide","10":"tag-entertainment","11":"tag-entretenimiento","12":"tag-es","13":"tag-espana","14":"tag-famosos","15":"tag-melena","16":"tag-se","17":"tag-spain","18":"tag-sweeney","19":"tag-sydney"},"share_on_mastodon":{"url":"https:\/\/pubeurope.com\/@es\/115446448412446607","error":""},"_links":{"self":[{"href":"https:\/\/www.europesays.com\/es\/wp-json\/wp\/v2\/posts\/203660","targetHints":{"allow":["GET"]}}],"collection":[{"href":"https:\/\/www.europesays.com\/es\/wp-json\/wp\/v2\/posts"}],"about":[{"href":"https:\/\/www.europesays.com\/es\/wp-json\/wp\/v2\/types\/post"}],"author":[{"embeddable":true,"href":"https:\/\/www.europesays.com\/es\/wp-json\/wp\/v2\/users\/2"}],"replies":[{"embeddable":true,"href":"https:\/\/www.europesays.com\/es\/wp-json\/wp\/v2\/comments?post=203660"}],"version-history":[{"count":0,"href":"https:\/\/www.europesays.com\/es\/wp-json\/wp\/v2\/posts\/203660\/revisions"}],"wp:featuredmedia":[{"embeddable":true,"href":"https:\/\/www.europesays.com\/es\/wp-json\/wp\/v2\/media\/203661"}],"wp:attachment":[{"href":"https:\/\/www.europesays.com\/es\/wp-json\/wp\/v2\/media?parent=203660"}],"wp:term":[{"taxonomy":"category","embeddable":true,"href":"https:\/\/www.europesays.com\/es\/wp-json\/wp\/v2\/categories?post=203660"},{"taxonomy":"post_tag","embeddable":true,"href":"https:\/\/www.europesays.com\/es\/wp-json\/wp\/v2\/tags?post=203660"}],"curies":[{"name":"wp","href":"https:\/\/api.w.org\/{rel}","templated":true}]}}