{"id":203663,"date":"2025-10-27T13:51:08","date_gmt":"2025-10-27T13:51:08","guid":{"rendered":"https:\/\/www.europesays.com\/es\/203663\/"},"modified":"2025-10-27T13:51:08","modified_gmt":"2025-10-27T13:51:08","slug":"equipo-de-investigacion-anuncia-un-cambio-historico-de-noche-en-lasexta-para-emitir-un-reportaje-especial-sobre-mazon","status":"publish","type":"post","link":"https:\/\/www.europesays.com\/es\/203663\/","title":{"rendered":"&#8216;Equipo de investigaci\u00f3n&#8217; anuncia un cambio hist\u00f3rico de noche en laSexta para emitir un reportaje especial sobre Maz\u00f3n"},"content":{"rendered":"<p class=\"article-text\">\n        Desde su segunda temporada en el a\u00f1o 2011, cuando todav\u00eda se emit\u00eda en <strong>Antena 3<\/strong>, el programa <strong>Equipo de investigaci\u00f3n<\/strong> es un cl\u00e1sico de las noches de los viernes. El formato al que pone cara <strong>Gloria Serra<\/strong> se asent\u00f3 en ese prime time, que mantuvo al pasar a <strong>laSexta <\/strong>con su cuarta temporada en el a\u00f1o 2013, y es un cl\u00e1sico de la televisi\u00f3n espa\u00f1ola. Pero muy puntualmente, se convierte en baza de la cadena en otro d\u00eda, como es el caso.\n    <\/p>\n<p>    <a href=\"https:\/\/www.eldiario.es\/comunitat-valenciana\/mazon-documental-investiga-gran-incognita-dana_1_12708389.html\" data-mrf-recirculation=\"saber-mas\" data-dl-event=\"saber-mas\" rel=\"nofollow noopener\" target=\"_blank\"><\/p>\n<p class=\"know-more__title\">Documental | &#8216;\u00bfD\u00f3nde estaba Maz\u00f3n?&#8217;: el documental que investiga la gran inc\u00f3gnita de la dana<\/p>\n<p>            <\/a><\/p>\n<p class=\"article-text\">\n        A trav\u00e9s de sus redes sociales, Equipo de investigaci\u00f3n anuncia que emitir\u00e1 un <strong>especial la noche de este martes, 28 de octubre<\/strong>, por el primer aniversario de la DANA que asol\u00f3 Valencia. Despu\u00e9s de que <a href=\"https:\/\/www.eldiario.es\/comunitat-valenciana\/mazon-documental-investiga-gran-incognita-dana_1_12708389.html\" data-mrf-recirculation=\"links-noticia\" class=\"link\" target=\"_blank\" rel=\"nofollow noopener\"><strong>elDiario.es<\/strong><\/a><a href=\"https:\/\/www.eldiario.es\/comunitat-valenciana\/mazon-documental-investiga-gran-incognita-dana_1_12708389.html\" data-mrf-recirculation=\"links-noticia\" class=\"link\" target=\"_blank\" rel=\"nofollow noopener\"> haya publicado un documental<\/a> exclusivo en el que nuevas voces se\u00f1alan que Maz\u00f3n pas\u00f3 por su casa despu\u00e9s de la larga comida en El Ventorro junto a Maribel Vilaplana, y que hay un lapso de 36 minutos en los que no se sabe d\u00f3nde estaba ni qu\u00e9 hizo el presidente valenciano, laSexta anuncia su propio documental titulado <strong>Historia de la DANA: Las horas ausentes<\/strong>.\n    <\/p>\n<blockquote class=\"twitter-tweet\" data-lang=\"es\"><p><a href=\"https:\/\/twitter.com\/X\/status\/1982050758909411779?ref_src=twsrc%5Etfw\" rel=\"nofollow noopener\" target=\"_blank\"><\/p><\/blockquote>\n<p class=\"article-text\">\n        Aunque por el momento no se dan m\u00e1s detalles, y solamente se muestra la imagen en la que Maz\u00f3n, por la ma\u00f1ana, mantiene su agenda prevista pese a reconocer que ya tiene conocimiento de la primera alerta hidrol\u00f3gica; el t\u00edtulo y el planteamiento de la promoci\u00f3n parece apuntar tambi\u00e9n a ese per\u00edodo de ausencia del president de la Generalitat Valenciana.\n    <\/p>\n<p>    <a href=\"https:\/\/www.eldiario.es\/comunitat-valenciana\/mazon-documental-investiga-gran-incognita-dana_1_12708389.html\" data-mrf-recirculation=\"saber-mas-abajo\" data-dl-event=\"saber-mas-abajo\" rel=\"nofollow noopener\" target=\"_blank\"><\/p>\n<p class=\"know-more__title\">&#8216;\u00bfD\u00f3nde estaba Maz\u00f3n?&#8217;: el documental que investiga la gran inc\u00f3gnita de la tragedia<\/p>\n<p>            <\/a><\/p>\n<p class=\"article-text\">\n        La DANA que arras\u00f3 partes de Valencia se produjo el pasado 29 de octubre de 2024. Un a\u00f1o despu\u00e9s, este mi\u00e9rcoles realizar\u00e1n <strong>programaciones especiales tanto RTVE<\/strong> (como recogemos por sus cambios) como <strong>laSexta<\/strong>, con este documental especial de Equipo de investigaci\u00f3n el martes y un <a href=\"https:\/\/x.com\/laSextaTV\/status\/1981370941423628564\" target=\"_blank\" data-mrf-recirculation=\"links-noticia\" class=\"link\" rel=\"nofollow\">programa especial de <\/a><a href=\"https:\/\/x.com\/laSextaTV\/status\/1981370941423628564\" target=\"_blank\" data-mrf-recirculation=\"links-noticia\" class=\"link\" rel=\"nofollow\"><strong>El Objetivo<\/strong><\/a><a href=\"https:\/\/x.com\/laSextaTV\/status\/1981370941423628564\" target=\"_blank\" data-mrf-recirculation=\"links-noticia\" class=\"link\" rel=\"nofollow\"> el mismo mi\u00e9rcoles<\/a>.\n    <\/p>\n<p>                                <script async src=\"https:\/\/platform.twitter.com\/widgets.js\" charset=\"utf-8\"><\/script><\/p>\n","protected":false},"excerpt":{"rendered":"Desde su segunda temporada en el a\u00f1o 2011, cuando todav\u00eda se emit\u00eda en Antena 3, el programa Equipo&hellip;\n","protected":false},"author":2,"featured_media":203664,"comment_status":"","ping_status":"","sticky":false,"template":"","format":"standard","meta":{"footnotes":""},"categories":[171],"tags":[4187,7556,11418,146,147,622,25,24,12608,1903,1294,5622,1439,193,13698,23,214,2338],"class_list":{"0":"post-203663","1":"post","2":"type-post","3":"status-publish","4":"format-standard","5":"has-post-thumbnail","7":"category-tv","8":"tag-anuncia","9":"tag-cambio","10":"tag-emitir","11":"tag-entertainment","12":"tag-entretenimiento","13":"tag-equipo","14":"tag-es","15":"tag-espana","16":"tag-especial","17":"tag-historico","18":"tag-investigacion","19":"tag-lasexta","20":"tag-mazon","21":"tag-noche","22":"tag-reportaje","23":"tag-spain","24":"tag-tv","25":"tag-video"},"share_on_mastodon":{"url":"https:\/\/pubeurope.com\/@es\/115446460381064878","error":""},"_links":{"self":[{"href":"https:\/\/www.europesays.com\/es\/wp-json\/wp\/v2\/posts\/203663","targetHints":{"allow":["GET"]}}],"collection":[{"href":"https:\/\/www.europesays.com\/es\/wp-json\/wp\/v2\/posts"}],"about":[{"href":"https:\/\/www.europesays.com\/es\/wp-json\/wp\/v2\/types\/post"}],"author":[{"embeddable":true,"href":"https:\/\/www.europesays.com\/es\/wp-json\/wp\/v2\/users\/2"}],"replies":[{"embeddable":true,"href":"https:\/\/www.europesays.com\/es\/wp-json\/wp\/v2\/comments?post=203663"}],"version-history":[{"count":0,"href":"https:\/\/www.europesays.com\/es\/wp-json\/wp\/v2\/posts\/203663\/revisions"}],"wp:featuredmedia":[{"embeddable":true,"href":"https:\/\/www.europesays.com\/es\/wp-json\/wp\/v2\/media\/203664"}],"wp:attachment":[{"href":"https:\/\/www.europesays.com\/es\/wp-json\/wp\/v2\/media?parent=203663"}],"wp:term":[{"taxonomy":"category","embeddable":true,"href":"https:\/\/www.europesays.com\/es\/wp-json\/wp\/v2\/categories?post=203663"},{"taxonomy":"post_tag","embeddable":true,"href":"https:\/\/www.europesays.com\/es\/wp-json\/wp\/v2\/tags?post=203663"}],"curies":[{"name":"wp","href":"https:\/\/api.w.org\/{rel}","templated":true}]}}