{"id":203679,"date":"2025-10-27T13:59:07","date_gmt":"2025-10-27T13:59:07","guid":{"rendered":"https:\/\/www.europesays.com\/es\/203679\/"},"modified":"2025-10-27T13:59:07","modified_gmt":"2025-10-27T13:59:07","slug":"lituania-cierra-su-frontera-oriental-tras-el-derribo-de-globos-procedentes-de-bielorrusia-internacional","status":"publish","type":"post","link":"https:\/\/www.europesays.com\/es\/203679\/","title":{"rendered":"Lituania cierra su frontera oriental tras el derribo de globos procedentes de Bielorrusia | Internacional"},"content":{"rendered":"<p class=\"\"><a href=\"https:\/\/elpais.com\/espana\/2025-10-23\/la-otan-despliega-dos-cazas-espanoles-tras-la-entrada-de-dos-aviones-rusos-en-el-espacio-aereo-de-lituania.html\" target=\"_self\" rel=\"nofollow noopener\" title=\"https:\/\/elpais.com\/espana\/2025-10-23\/la-otan-despliega-dos-cazas-espanoles-tras-la-entrada-de-dos-aviones-rusos-en-el-espacio-aereo-de-lituania.html\">El Gobierno lituano ha ordenado el cierre de su frontera con Bielorrusia<\/a> y que se derriben los globos aerost\u00e1ticos procedentes de este pa\u00eds que entren en su espacio a\u00e9reo. Varios de estos artefactos han irrumpido en los cielos lituanos durante el fin de semana, provocando incluso el cierre de aeropuertos. \u201cLa reuni\u00f3n de la Comisi\u00f3n de Seguridad Nacional debati\u00f3 medidas para contrarrestar un ataque h\u00edbrido en el que se utiliza contrabando transportado por aire contra Lituania, lo que perturba la aviaci\u00f3n civil y el funcionamiento de los aeropuertos del pa\u00eds\u201d, apunta <a href=\"https:\/\/lrv.lt\/en\/news\/prime-minister-presented-the-decisions-of-the-national-security-commission-hkww\/\" target=\"_self\" rel=\"nofollow noopener\" title=\"https:\/\/lrv.lt\/en\/news\/prime-minister-presented-the-decisions-of-the-national-security-commission-hkww\/\">un comunicado del Ejecutivo de la rep\u00fablica b\u00e1ltica.<\/a> <\/p>\n<p class=\"\">\u201cEnviamos una se\u00f1al a Bielorrusia y le decimos que aqu\u00ed no se tolerar\u00e1 ning\u00fan ataque h\u00edbrido\u201d, ha se\u00f1alado la primera ministra de la rep\u00fablica b\u00e1ltica, Inga Ruginien\u0117, al anunciar la medida. \u201cTomaremos todas las medidas m\u00e1s duras para detener este tipo de ataques\u201d. Entre ellas est\u00e1n el derribo de globos, la presi\u00f3n sobre Bielorrusia \u2015desde cuyo territorio entran en Lituania\u2015, el combate del contrabando y la provisi\u00f3n de asistencia a los ciudadanos afectados por los retrasos en los vuelos. <\/p>\n<p class=\"\">Ruginien\u0117 ha a\u00f1adido, tambi\u00e9n, que \u201cen la pr\u00f3xima sesi\u00f3n del Gobierno tambi\u00e9n est\u00e1 prevista una decisi\u00f3n sobre las enmiendas al c\u00f3digo penal iniciadas con anterioridad: se propone ampliar la responsabilidad penal por la posesi\u00f3n ilegal de productos sujetos a impuestos especiales de escaso valor cuando se utilicen aeronaves (drones) o globos meteorol\u00f3gicos para su transporte, lo que supone una amenaza para la seguridad p\u00fablica\u201d.<\/p>\n<p class=\"\">La irrupci\u00f3n de globos aerost\u00e1ticos de contrabandistas ser\u00eda una nueva variaci\u00f3n de <a href=\"https:\/\/elpais.com\/internacional\/2025-09-28\/rusia-redobla-las-injerencias-y-sabotajes-para-dividir-a-europa.html\" target=\"_self\" rel=\"nofollow noopener\" title=\"https:\/\/elpais.com\/internacional\/2025-09-28\/rusia-redobla-las-injerencias-y-sabotajes-para-dividir-a-europa.html\">la guerra h\u00edbrida que desde Rusia y Bielorrusia<\/a> \u2015su m\u00e1s estrecho aliado en Europa\u2015 se estar\u00eda lanzando sobre los pa\u00edses de la OTAN. En los \u00faltimos meses, se han producido diversas variantes como la irrupci\u00f3n de drones que obligan a cerrar el espacio a\u00e9reo o a clausurar aeropuertos civiles para evitar riesgos de accidentes.<\/p>\n<p class=\"\">El pasado jueves, dos aviones rusos entraron en el espacio a\u00e9reo lituano y dos Eurofighter espa\u00f1oles \u2015basados en el pa\u00eds y que forman parte de la defensa del flanco este de la OTAN\u2015 tuvieron que despegar para interceptarles. <\/p>\n<p class=\"\">En su comparecencia, Ruginien\u0117 ha se\u00f1alado incluso que no descarta activar el art\u00edculo 4 del tratado de la Alianza Atl\u00e1ntica. Esto ya lo hizo Polonia en septiembre, cuando casi una veintena de drones rusos entraron en su espacio a\u00e9reo. <\/p>\n<p class=\"\">Esta respuesta evita, por el momento, lo que ha sugerido en los \u00faltimos d\u00edas el presidente de Lituania, Gitanas Nauseda, que ha sugerido que podr\u00edan limitar la circulaci\u00f3n ferroviaria por el paso de Suwalki, que une la regi\u00f3n rusa de Kaliningrado con Bielorrusia. Esa estrecha franja de terreno, en la frontera entre Polonia y Lituania es la zona de mayor tensi\u00f3n en la frontera de los pa\u00edses que forman parte de la OTAN con Rusia y su estrecho aliado de Europa oriental. <\/p>\n","protected":false},"excerpt":{"rendered":"El Gobierno lituano ha ordenado el cierre de su frontera con Bielorrusia y que se derriben los globos&hellip;\n","protected":false},"author":2,"featured_media":203680,"comment_status":"","ping_status":"","sticky":false,"template":"","format":"standard","meta":{"footnotes":""},"categories":[42],"tags":[31499,17,18,55828,13,14,55827,69,7082,11,61,62,63,64,19,20,14551,9,10,15,16,1613,1614,12,21,22,1617,65,66,67],"class_list":{"0":"post-203679","1":"post","2":"type-post","3":"status-publish","4":"format-standard","5":"has-post-thumbnail","7":"category-internacional","8":"tag-bielorrusia","9":"tag-breaking-news","10":"tag-breakingnews","11":"tag-contrabando","12":"tag-featured-news","13":"tag-featurednews","14":"tag-globos-aerostaticos","15":"tag-guerra","16":"tag-guerra-de-rusia-en-ucrania","17":"tag-headlines","18":"tag-internacional","19":"tag-international","20":"tag-international-news","21":"tag-internationalnews","22":"tag-latest-news","23":"tag-latestnews","24":"tag-lituania","25":"tag-news","26":"tag-noticias","27":"tag-noticias-destacadas","28":"tag-noticiasdestacadas","29":"tag-otan","30":"tag-rusia","31":"tag-titulares","32":"tag-ultimas-noticias","33":"tag-ultimasnoticias","34":"tag-union-europea","35":"tag-world","36":"tag-world-news","37":"tag-worldnews"},"share_on_mastodon":{"url":"","error":""},"_links":{"self":[{"href":"https:\/\/www.europesays.com\/es\/wp-json\/wp\/v2\/posts\/203679","targetHints":{"allow":["GET"]}}],"collection":[{"href":"https:\/\/www.europesays.com\/es\/wp-json\/wp\/v2\/posts"}],"about":[{"href":"https:\/\/www.europesays.com\/es\/wp-json\/wp\/v2\/types\/post"}],"author":[{"embeddable":true,"href":"https:\/\/www.europesays.com\/es\/wp-json\/wp\/v2\/users\/2"}],"replies":[{"embeddable":true,"href":"https:\/\/www.europesays.com\/es\/wp-json\/wp\/v2\/comments?post=203679"}],"version-history":[{"count":0,"href":"https:\/\/www.europesays.com\/es\/wp-json\/wp\/v2\/posts\/203679\/revisions"}],"wp:featuredmedia":[{"embeddable":true,"href":"https:\/\/www.europesays.com\/es\/wp-json\/wp\/v2\/media\/203680"}],"wp:attachment":[{"href":"https:\/\/www.europesays.com\/es\/wp-json\/wp\/v2\/media?parent=203679"}],"wp:term":[{"taxonomy":"category","embeddable":true,"href":"https:\/\/www.europesays.com\/es\/wp-json\/wp\/v2\/categories?post=203679"},{"taxonomy":"post_tag","embeddable":true,"href":"https:\/\/www.europesays.com\/es\/wp-json\/wp\/v2\/tags?post=203679"}],"curies":[{"name":"wp","href":"https:\/\/api.w.org\/{rel}","templated":true}]}}