{"id":203691,"date":"2025-10-27T14:10:13","date_gmt":"2025-10-27T14:10:13","guid":{"rendered":"https:\/\/www.europesays.com\/es\/203691\/"},"modified":"2025-10-27T14:10:13","modified_gmt":"2025-10-27T14:10:13","slug":"seran-las-definitivas-duenas-fija-nuevas-fechas-clave-para-la-reapertura-del-helmantico","status":"publish","type":"post","link":"https:\/\/www.europesays.com\/es\/203691\/","title":{"rendered":"\u00bfSer\u00e1n las definitivas?: Due\u00f1as fija nuevas fechas &#8216;clave&#8217; para la reapertura del Helm\u00e1ntico"},"content":{"rendered":"<p><img fetchpriority=\"high\" class=\"v-a-img\" src=\"https:\/\/www.europesays.com\/es\/wp-content\/uploads\/2025\/10\/Imagen SALAMANCA UDS G SEGOVIANA (11)-RYieunjEm14xS90wu2XQzAJ-1200x840@Gaceta Salamanca.jpg\" loading=\"eager\" decoding=\"async\" alt=\"Aficionados pidiendo la reapertura del Helm\u00e1ntico este domingo.\"  width=\"1200\" height=\"840\"\/><\/p>\n<p>Aficionados pidiendo la reapertura del Helm\u00e1ntico este domingo.          LAYA        <\/p>\n<p>El director general del Salamanca UDS le asegura al ayuntamiento de Salamanca que el de este domingo ha sido su \u00faltimo choque en Las Pistas, asegurando que este martes habr\u00e1 una \u00abprevisita\u00bb y que el mi\u00e9rcoles ya tendr\u00e1 \u00abok\u00bb. Villares, por su pate, sigue sin saber \u00abnada\u00bb<\/p>\n<p><a class=\"v-mdl-ath__fig-a\" href=\"https:\/\/www.lagacetadesalamanca.es\/autor\/ivan-ramajo-5957.html\" title=\"Iv\u00e1n Ramajo\" rel=\"nofollow noopener\" target=\"_blank\"><br \/>\n<img decoding=\"async\" class=\"v-mdl-ath__img\" src=\"https:\/\/www.europesays.com\/es\/wp-content\/uploads\/2025\/07\/1753832595_473_autor-5957-foto-1.png\" alt=\"Iv\u00e1n Ramajo\"\/><br \/>\n<\/a><\/p>\n<p><a class=\"v-mdl-ath__fig-a\" href=\"https:\/\/www.lagacetadesalamanca.es\/autor\/jaime-garcia-7078.html\" title=\"Jaime Garc\u00eda\" rel=\"nofollow noopener\" target=\"_blank\"><br \/>\n<img decoding=\"async\" class=\"v-mdl-ath__img\" src=\"https:\/\/www.europesays.com\/es\/wp-content\/uploads\/2025\/08\/autor-7078-foto-1.png\" alt=\"Jaime Garc\u00eda\"\/><br \/>\n<\/a><\/p>\n<p class=\"v-mdl-ath__p v-mdl-ath__p--6\">\nLunes, 27 de octubre 2025, 12:41<\/p>\n<p>| Actualizado 14:02h.<\/p>\n<p class=\"v-p\"><strong>El caso Helm\u00e1ntico<\/strong> -su reapertura tras cinco meses sin jugarse un encuentro de car\u00e1cter oficial debido a su cese de actividad- <strong>sigue sumando cap\u00edtulos<\/strong>. Tras <a href=\"https:\/\/www.lagacetadesalamanca.es\/deportes\/futbol-local\/salamancauds\/salamanca-explicaciones-sobre-nuevo-cambio-sede-cara-20251023132202-nt.html\" target=\"_blank\" data-voc-vtm-id=\"in-text-traffic\" title=\"prorrogar motu proprio una semana m\u00e1s su estancia en Las Pistas este pasado jueves\" data-mrf-link=\"www.lagacetadesalamanca.es\" rel=\"nofollow noopener\">prorrogar motu proprio una semana m\u00e1s su estancia en Las Pistas este pasado jueves<\/a> -circunstancia que no fue notificada oficialmente a la RFEF, <a href=\"https:\/\/www.lagacetadesalamanca.es\/deportes\/futbol-local\/salamancauds\/tiron-orejas-salamanca-estadio-helmantico-acta-arbitral-20251026195539-nt.html\" target=\"_blank\" data-voc-vtm-id=\"in-text-traffic\" title=\"como advirti\u00f3 el colegiado de este pasado domingo en su acta-\" data-mrf-link=\"www.lagacetadesalamanca.es\" rel=\"nofollow noopener\">como advirti\u00f3 el colegiado de este pasado domingo en su acta-<\/a>, el Salamanca UDS se enfrenta a un nuevo punto de break. Con las fechas de <strong>este martes y mi\u00e9rcoles como &#8216;claves&#8217; seg\u00fan ha fijado el director general del club, Rafael Due\u00f1as<\/strong>.<\/p>\n<p class=\"v-p\">En este sentido, ha asegurado a las administraciones que <strong>este martes habr\u00e1 una \u00abprevisita\u00bb<\/strong> para lograr el certificado del Organismo de Control Autorizado y que ser\u00e1 <strong>al d\u00eda siguiente cuando tendr\u00e1 el \u00abok\u00bb definitivo.<\/strong><\/p>\n<p class=\"v-p\">Esta nueva previsi\u00f3n llega despu\u00e9s de haber fijado el choque frente al Coruxo de este domingo (17:00 horas) tambi\u00e9n en Las Pistas. <strong>Y sin que el Consistorio de Villares de la Reina siga sin tener ning\u00fan tipo de constancia<\/strong> de que las circunstancias del estadio Helm\u00e1ntico hayan cambiado.<\/p>\n<p>Reporta un error<\/p>\n","protected":false},"excerpt":{"rendered":"Aficionados pidiendo la reapertura del Helm\u00e1ntico este domingo. LAYA El director general del Salamanca UDS le asegura al&hellip;\n","protected":false},"author":2,"featured_media":203692,"comment_status":"","ping_status":"","sticky":false,"template":"","format":"standard","meta":{"footnotes":""},"categories":[268],"tags":[12554,55829,168,27223,25,24,4400,2540,280,282,30023,2860,14237,281,23,167],"class_list":{"0":"post-203691","1":"post","2":"type-post","3":"status-publish","4":"format-standard","5":"has-post-thumbnail","7":"category-futbol","8":"tag-clave","9":"tag-definitivas","10":"tag-deportes","11":"tag-duenas","12":"tag-es","13":"tag-espana","14":"tag-fechas","15":"tag-fija","16":"tag-football","17":"tag-futbol","18":"tag-helmantico","19":"tag-nuevas","20":"tag-reapertura","21":"tag-soccer","22":"tag-spain","23":"tag-sports"},"share_on_mastodon":{"url":"https:\/\/pubeurope.com\/@es\/115446535233074761","error":""},"_links":{"self":[{"href":"https:\/\/www.europesays.com\/es\/wp-json\/wp\/v2\/posts\/203691","targetHints":{"allow":["GET"]}}],"collection":[{"href":"https:\/\/www.europesays.com\/es\/wp-json\/wp\/v2\/posts"}],"about":[{"href":"https:\/\/www.europesays.com\/es\/wp-json\/wp\/v2\/types\/post"}],"author":[{"embeddable":true,"href":"https:\/\/www.europesays.com\/es\/wp-json\/wp\/v2\/users\/2"}],"replies":[{"embeddable":true,"href":"https:\/\/www.europesays.com\/es\/wp-json\/wp\/v2\/comments?post=203691"}],"version-history":[{"count":0,"href":"https:\/\/www.europesays.com\/es\/wp-json\/wp\/v2\/posts\/203691\/revisions"}],"wp:featuredmedia":[{"embeddable":true,"href":"https:\/\/www.europesays.com\/es\/wp-json\/wp\/v2\/media\/203692"}],"wp:attachment":[{"href":"https:\/\/www.europesays.com\/es\/wp-json\/wp\/v2\/media?parent=203691"}],"wp:term":[{"taxonomy":"category","embeddable":true,"href":"https:\/\/www.europesays.com\/es\/wp-json\/wp\/v2\/categories?post=203691"},{"taxonomy":"post_tag","embeddable":true,"href":"https:\/\/www.europesays.com\/es\/wp-json\/wp\/v2\/tags?post=203691"}],"curies":[{"name":"wp","href":"https:\/\/api.w.org\/{rel}","templated":true}]}}