{"id":203694,"date":"2025-10-27T14:12:28","date_gmt":"2025-10-27T14:12:28","guid":{"rendered":"https:\/\/www.europesays.com\/es\/203694\/"},"modified":"2025-10-27T14:12:28","modified_gmt":"2025-10-27T14:12:28","slug":"un-pequeno-departamento-de-75-m2-es-renovado-con-elegancia-minimalista","status":"publish","type":"post","link":"https:\/\/www.europesays.com\/es\/203694\/","title":{"rendered":"Un peque\u00f1o departamento de 75 m2 es renovado con elegancia minimalista"},"content":{"rendered":"<p><strong>Este peque\u00f1o departamento se sumerge en un universo minimalista en el que los peque\u00f1os detalles hacen la diferencia<\/strong><\/p>\n<p>Desde las ventanas se ve el Arco della Pace, imponente y escultural: un gigante de piedra que domina uno de los espacios m\u00e1s pintorescos de la ciudad. As\u00ed comienza Ilaria Peru, cofundadora de Atelier Nima, para describir los espacios de este <strong>peque\u00f1o departamento de 75 metros cuadrados<\/strong> <strong>en Mil\u00e1n<\/strong>, ubicado en pleno centro hist\u00f3rico. Un ojo de buey con vistas a la ciudad, o un reflejo de ella. De hecho, este pied-\u00e0-terre milan\u00e9s est\u00e1 <strong>te\u00f1ido de tonos neutros y superficies texturizadas<\/strong>, como si quisiera rendir homenaje a la ciudad que lo acoge.<\/p>\n<p>\u201cEl proyecto de renovaci\u00f3n de esta vivienda fue encargado por una joven pareja reci\u00e9n instalada en Mil\u00e1n, que quer\u00eda dotar el espacio de un ambiente tranquilo, un poco la personalidad de ellos\u201d, se\u00f1ala la arquitecta.<\/p>\n<p><img decoding=\"async\" alt=\"Plaza Arco della Pace en Italia\" loading=\"lazy\" class=\"ResponsiveImageContainer-eNxvmU cfBbTk responsive-image__image\"   src=\"https:\/\/www.europesays.com\/es\/wp-content\/uploads\/2025\/10\/Cagnola_15.jpg\"\/><\/p>\n<p>El departamento cuenta con una vista privilegiada a la Plaza Arco della Pace.<\/p>\n<p>Carolina Gheri<img decoding=\"async\" alt=\"Mesa plegable de madera decora el rinc\u00f3n de una sala minimalista\" loading=\"lazy\" class=\"ResponsiveImageContainer-eNxvmU cfBbTk responsive-image__image\" src=\"https:\/\/www.europesays.com\/es\/wp-content\/uploads\/2025\/10\/Cagnola_7.jpg\"\/><\/p>\n<p>Este <strong>peque\u00f1o departamento<\/strong> es un precioso contenedor de tonos neutros. Cada mueble, cada elemento tiene un lugar cuidadosamente seleccionado.<\/p>\n<p>Carolina Gheri<img decoding=\"async\" alt=\"Ilaria Peru\" loading=\"lazy\" class=\"ResponsiveImageContainer-eNxvmU cfBbTk responsive-image__image\" src=\"https:\/\/www.europesays.com\/es\/wp-content\/uploads\/2025\/10\/Cagnola_22.jpg\"\/><\/p>\n<p>Ilaria Peru, del Atelier Nima, sonr\u00ede en el interior del departamento.<\/p>\n<p>Carolina GheriAmbiente acogedor y tonos neutros<\/p>\n<p><strong>Este peque\u00f1o departamento en el coraz\u00f3n verde de Mil\u00e1n transmite paz<\/strong>. La atm\u00f3sfera te\u00f1ida de algunos tonos de blanco nos transporta a un invierno de colores. Se pretende lograr una sensaci\u00f3n de calidez, haciendo que la atm\u00f3sfera se torne acogedora y envolvente. El objetivo era encarnar la esencia del <a href=\"https:\/\/www.admagazine.com\/articulos\/estilo-minimalista-la-nueva-tendencia-nordica-que-te-encantara\" target=\"_blank\" rel=\"nofollow noopener\">estilo minimalista<\/a> sin descuidar la atenci\u00f3n al detalle. \u201c<strong>Las l\u00edneas limpias y los tonos c\u00e1lidos crean un ambiente armonioso y acogedor<\/strong>\u201d, cuenta Ilaria, para luego sugerir que \u201cuna b\u00fasqueda constante de luz y elegancia impregna cada rinc\u00f3n\u201d. Junto a los fondos neutros, es imposible no fijarse en la alocada selecci\u00f3n de objetos y mobiliario vintage: \u201cproductos ic\u00f3nicos del dise\u00f1o italiano dialogan con el yeso de cal, los acabados de madera y los detalles bronceados conectan con la d\u00e9cada de 1970 y sus modas\u201d, todo ello con la mirada puesta en el genius loci milan\u00e9s. De Vico Magistretti con sus l\u00e1mparas \u00fanicas a Charles Rennie Mackintosh, de Castiglioni a Marcel Breuer para los asientos del comedor.<\/p>\n","protected":false},"excerpt":{"rendered":"Este peque\u00f1o departamento se sumerge en un universo minimalista en el que los peque\u00f1os detalles hacen la diferencia&hellip;\n","protected":false},"author":2,"featured_media":203695,"comment_status":"","ping_status":"","sticky":false,"template":"","format":"standard","meta":{"footnotes":""},"categories":[173],"tags":[229,233,231,230,9258,8372,232,234,146,147,25,24,9257,23],"class_list":{"0":"post-203694","1":"post","2":"type-post","3":"status-publish","4":"format-standard","5":"has-post-thumbnail","7":"category-arte-y-diseno","8":"tag-arte","9":"tag-arte-y-diseno","10":"tag-arts","11":"tag-arts-and-design","12":"tag-casas-pequenas","13":"tag-decoracion","14":"tag-design","15":"tag-diseno","16":"tag-entertainment","17":"tag-entretenimiento","18":"tag-es","19":"tag-espana","20":"tag-minimalista","21":"tag-spain"},"share_on_mastodon":{"url":"https:\/\/pubeurope.com\/@es\/115446543011569004","error":""},"_links":{"self":[{"href":"https:\/\/www.europesays.com\/es\/wp-json\/wp\/v2\/posts\/203694","targetHints":{"allow":["GET"]}}],"collection":[{"href":"https:\/\/www.europesays.com\/es\/wp-json\/wp\/v2\/posts"}],"about":[{"href":"https:\/\/www.europesays.com\/es\/wp-json\/wp\/v2\/types\/post"}],"author":[{"embeddable":true,"href":"https:\/\/www.europesays.com\/es\/wp-json\/wp\/v2\/users\/2"}],"replies":[{"embeddable":true,"href":"https:\/\/www.europesays.com\/es\/wp-json\/wp\/v2\/comments?post=203694"}],"version-history":[{"count":0,"href":"https:\/\/www.europesays.com\/es\/wp-json\/wp\/v2\/posts\/203694\/revisions"}],"wp:featuredmedia":[{"embeddable":true,"href":"https:\/\/www.europesays.com\/es\/wp-json\/wp\/v2\/media\/203695"}],"wp:attachment":[{"href":"https:\/\/www.europesays.com\/es\/wp-json\/wp\/v2\/media?parent=203694"}],"wp:term":[{"taxonomy":"category","embeddable":true,"href":"https:\/\/www.europesays.com\/es\/wp-json\/wp\/v2\/categories?post=203694"},{"taxonomy":"post_tag","embeddable":true,"href":"https:\/\/www.europesays.com\/es\/wp-json\/wp\/v2\/tags?post=203694"}],"curies":[{"name":"wp","href":"https:\/\/api.w.org\/{rel}","templated":true}]}}