{"id":203709,"date":"2025-10-27T14:21:06","date_gmt":"2025-10-27T14:21:06","guid":{"rendered":"https:\/\/www.europesays.com\/es\/203709\/"},"modified":"2025-10-27T14:21:06","modified_gmt":"2025-10-27T14:21:06","slug":"dolar-blue-dolar-hoy-a-cuanto-cotizan-el-lunes-27-de-octubre-de-2025-la-cotizacion-del-dolar-para-la-compra-y-para-la-venta","status":"publish","type":"post","link":"https:\/\/www.europesays.com\/es\/203709\/","title":{"rendered":"D\u00f3lar blue, d\u00f3lar hoy: a cu\u00e1nto cotizan el lunes 27 de octubre de 2025 | La cotizaci\u00f3n del d\u00f3lar para la compra y para la venta"},"content":{"rendered":"<p>Milei va por las reformas laboral e impositiva\u00a0\u00a0<\/p>\n<p>\u00a0Javier Milei asegur\u00f3 hoy que buscar\u00e1 consensos para avanzar en las reformas estructurales y precis\u00f3 que primero se propondr\u00e1n las modificaciones en materia laboral e impositiva y luego ser\u00e1 el turno de la laboral.<\/p>\n<p>El jefe de Estado indic\u00f3 que en el \u00e1mbito tributario, el Gobierno impulsa un plan que incluye \u201cbajar al\u00edcuotas de 20 impuestos y expandir la base imponible\u201d y a\u00f1adi\u00f3 que explic\u00f3 que la estrategia de reducir al\u00edcuotas busca que \u201cno tenga sentido la evasi\u00f3n, liberando recursos al sector privado\u201d.<\/p>\n<p>En una entrevista televisiva, Milei asegur\u00f3 que, \u201csi el programa fiscal dise\u00f1ado por el ministro (Luis) Caputo contin\u00faa, se estar\u00eda \u201cdevolvi\u00e9ndole a los argentinos US$ 500 mil millones hasta el 2031\u201d.<\/p>\n<p>Respecto a la reforma previsional, Milei asegur\u00f3: \u201cSolamente se puede encarar seriamente cuando uno recompone el mercado de trabajo, sino es mentirle a la gente\u201d.<\/p>\n<p>Se desploma la cotizaci\u00f3n del d\u00f3lar mayorista<\/p>\n<p>En las primeras operaciones de la jornada la cotizaci\u00f3n del d\u00f3lar mayorista se desploma a $ 1.355.<\/p>\n<p>Subas de hasta 40% en las acciones<\/p>\n<p>Las acciones tienen subas de hasta 40% en las transacciones de premercado.<\/p>\n<p>Lo mismo ocurre con los bonos de la deuda p\u00fablica, lo cual provocar\u00e1 una baja en el riesgo pa\u00eds, pero que se conocer\u00e1 reci\u00e9n ma\u00f1ana.<\/p>\n<p>Baja el d\u00f3lar<\/p>\n<p>El d\u00f3lar cae $ 100 y cotiza a $ 1.420\/25 en los bancos privados antes de la apertura oficial del mercado.<\/p>\n<p>Las operaciones que ya se habilitaron a trav\u00e9s de homebanking permiten a sus clientes comprar divisas a $ 1.420\/25.<\/p>\n<p>Esto significa una baja de casi $ 100 con relaci\u00f3n al cierre del viernes.<\/p>\n<p>Caputo confirm\u00f3 plan: econom\u00eda real al freezer\u00a0<\/p>\n<p>Por Bernarda Tinetti<\/p>\n<p>Las lecturas respecto al mercado financiero oficial las anticip\u00f3 el d\u00f3lar cripto: se fue desplomando mientras se aproximaba el dato sobre resultado de los comicios, bajo el paraguas de qu\u00e9 el problema econ\u00f3mico se resuelve con dinero. Suponen que con m\u00e1s apoyo externo llegar\u00e1 el alivio. Y \u00bfla econom\u00eda real? Seg\u00fan afirm\u00f3 Luis Caputo, titular de Hacienda, se va a mantener el esquema de bandas y est\u00e1 \u201cc\u00f3modo\u201d con el techo en 1.500 pesos. Pero, \u00bfcu\u00e1nto m\u00e1s puede durar el d\u00f3lar barato en un pa\u00eds en recesi\u00f3n? En el corto plazo, las expectativas sobre una devaluaci\u00f3n se disipan, si la demanda efectivamente afloja.<\/p>\n<p><b><a href=\"https:\/\/www.pagina12.com.ar\/869076-caputo-confirmo-plan-economia-real-al-freezer\" rel=\"nofollow noopener\" target=\"_blank\">Le\u00e9 la nota completa<\/a><\/b>A cu\u00e1nto cotiza el d\u00f3lar hoy\u00a0\u00a0<\/p>\n<p>El d\u00f3lar oficial cotiza a $1455 para la compra y $1505 para la venta.<\/p>\n<p>El d\u00f3lar blue est\u00e1 a $1505 para la compra y a $1525 para la venta.<\/p>\n","protected":false},"excerpt":{"rendered":"Milei va por las reformas laboral e impositiva\u00a0\u00a0 \u00a0Javier Milei asegur\u00f3 hoy que buscar\u00e1 consensos para avanzar en&hellip;\n","protected":false},"author":2,"featured_media":203710,"comment_status":"","ping_status":"","sticky":false,"template":"","format":"standard","meta":{"footnotes":""},"categories":[80],"tags":[82,11253,11252,95,94,25,24,23],"class_list":{"0":"post-203709","1":"post","2":"type-post","3":"status-publish","4":"format-standard","5":"has-post-thumbnail","7":"category-economia","8":"tag-business","9":"tag-dolar","10":"tag-dolar-blue","11":"tag-economia","12":"tag-economy","13":"tag-es","14":"tag-espana","15":"tag-spain"},"share_on_mastodon":{"url":"https:\/\/pubeurope.com\/@es\/115446578165904806","error":""},"_links":{"self":[{"href":"https:\/\/www.europesays.com\/es\/wp-json\/wp\/v2\/posts\/203709","targetHints":{"allow":["GET"]}}],"collection":[{"href":"https:\/\/www.europesays.com\/es\/wp-json\/wp\/v2\/posts"}],"about":[{"href":"https:\/\/www.europesays.com\/es\/wp-json\/wp\/v2\/types\/post"}],"author":[{"embeddable":true,"href":"https:\/\/www.europesays.com\/es\/wp-json\/wp\/v2\/users\/2"}],"replies":[{"embeddable":true,"href":"https:\/\/www.europesays.com\/es\/wp-json\/wp\/v2\/comments?post=203709"}],"version-history":[{"count":0,"href":"https:\/\/www.europesays.com\/es\/wp-json\/wp\/v2\/posts\/203709\/revisions"}],"wp:featuredmedia":[{"embeddable":true,"href":"https:\/\/www.europesays.com\/es\/wp-json\/wp\/v2\/media\/203710"}],"wp:attachment":[{"href":"https:\/\/www.europesays.com\/es\/wp-json\/wp\/v2\/media?parent=203709"}],"wp:term":[{"taxonomy":"category","embeddable":true,"href":"https:\/\/www.europesays.com\/es\/wp-json\/wp\/v2\/categories?post=203709"},{"taxonomy":"post_tag","embeddable":true,"href":"https:\/\/www.europesays.com\/es\/wp-json\/wp\/v2\/tags?post=203709"}],"curies":[{"name":"wp","href":"https:\/\/api.w.org\/{rel}","templated":true}]}}