{"id":203713,"date":"2025-10-27T14:23:07","date_gmt":"2025-10-27T14:23:07","guid":{"rendered":"https:\/\/www.europesays.com\/es\/203713\/"},"modified":"2025-10-27T14:23:07","modified_gmt":"2025-10-27T14:23:07","slug":"reunion-de-junts-y-puigdemont-en-directo","status":"publish","type":"post","link":"https:\/\/www.europesays.com\/es\/203713\/","title":{"rendered":"Reuni\u00f3n de Junts y Puigdemont, en directo"},"content":{"rendered":"<p class=\"c-paragraph\">La ejecutiva de Junts reunida este lunes en Perpi\u00f1\u00e1n (Francia) <b>ha decidido \u00abpor unanimidad\u00bb romper con el Gobierno de Pedro S\u00e1nchez<\/b> despu\u00e9s de que el expresident <b><a href=\"https:\/\/www.20minutos.es\/tags\/personas\/carles-puigdemont.html\" title=\"Carles Puigdemont\" target=\"_blank\" rel=\"nofollow noopener\">Carles Puigdemont<\/a><\/b> le trasladase su postura al inicio del encuentro. Est\u00e1 prevista una comparecencia p\u00fablica a las 17.00 horas en la que se ofrecer\u00e1n m\u00e1s detalles sobre los movimientos futuros de la formaci\u00f3n, cuya militancia deber\u00e1 ratificar en consulta interna la decisi\u00f3n. El actual president de la Generalitat, <b><a href=\"https:\/\/www.20minutos.es\/tags\/personas\/salvador-illa.html\" title=\"Salvador Illa\" target=\"_blank\" rel=\"nofollow noopener\">Salvador Illa<\/a><\/b>, hab\u00eda pedido este lunes a Junts \u00absentido com\u00fan\u00bb y le hab\u00eda recordado que la alternativa a Pedro S\u00e1nchez es \u00abla involuci\u00f3n\u00bb.\u00a0Por su parte, el presidente de Castilla-La Mancha, el socialista <b><a href=\"https:\/\/www.20minutos.es\/tags\/personas\/emiliano-garcia-page.html\" title=\"Emiliano Garc\u00eda-Page\" target=\"_blank\" rel=\"nofollow noopener\">Emiliano Garc\u00eda-Page<\/a><\/b>, ha se\u00f1alado que Puigdemont est\u00e1 \u00abprisionero\u00bb de\u00a0<b><a href=\"https:\/\/www.20minutos.es\/tags\/personas\/pedro-sanchez.html\" title=\"Pedro S\u00e1nchez\" target=\"_blank\" rel=\"nofollow noopener\">Pedro S\u00e1nchez<\/a><\/b>\u00a0y el Gobierno lo est\u00e1, a su vez, de Junts per Catalunya, y ha expresado que ser\u00e1 \u00abmuy complicado\u00bb sortear los encuentros electorales previstos en 2026\u00a0<b>sin que haya elecciones generales<\/b>.\u00a0<\/p>\n<p>15:0527\/10\/2025<\/p>\n<p>CCOO\u00a0acusa a Junts de \u00abdar alas a la extrema derecha\u00bb<\/p>\n<p class=\"c-paragraph\">La secretaria general de CCOO de Catalunya, Bel\u00e9n L\u00f3pez, ha acusado a Junts de \u00ab<b>alimentar la antipol\u00edtica y dar alas a la extrema derecha<\/b>\u00bb despu\u00e9s de que la ejecutiva del partido haya acordado por unanimidad romper con el PSOE. \u00abNi reducci\u00f3n de jornada ni presupuestos para reforzar los servicios p\u00fablicos ni inversiones para la vivienda o Rodalies. Solo gesticular\u00bb, ha criticado en X.<\/p>\n<p>14:3627\/10\/2025<\/p>\n<p>\u00abNada de lo que podemos hacer es posible con PP y Vox\u00bb<\/p>\n<p class=\"c-paragraph\">El portavoz de Sumar, <b><a href=\"https:\/\/www.20minutos.es\/tags\/personas\/ernest-urtasun.html\" title=\"Ernest Urtasun\" target=\"_blank\" rel=\"nofollow noopener\">Ernest Urtasun<\/a><\/b>, ha mostrado su confianza en que Junts no optar\u00e1 finalmente por una ruptura total con el Gobierno ni se prestar\u00e1 a facilitar que PP y Vox lleguen a la Moncloa, dado que eso \u00abno lo entender\u00eda nadie en Catalu\u00f1a\u00bb. \u00ab<b>Junts tiene que tener muy claro que nada de lo que podemos hacer juntos es posible con un Gobierno de PP y Vox<\/b>, nada. Creo que evidentemente nadie en Catalu\u00f1a, y tampoco los votantes de Junts, entender\u00eda ning\u00fan tipo de operaci\u00f3n en la cual pudiera participar para facilitar la llegada del Partido Popular y Vox\u00bb, ha lanzado este lunes durante una rueda de prensa en Madrid. De esta forma, Urtasun descartaba impl\u00edcitamente que en la reuni\u00f3n de la direcci\u00f3n del partido liderado por Carles Puigdemont de este lunes, en la que se ha acordado por unanimidad romper con el PSOE, Junts se preste a una moci\u00f3n de censura contra el presidente del Gobierno, Pedro S\u00e1nchez.<\/p>\n<p>14:2727\/10\/2025<\/p>\n<p>Los intereses de Catalu\u00f1a no se defienden \u00absolos\u00bb<\/p>\n<p class=\"c-paragraph\">El portavoz de Esquerra Republicana, Isaac Albert, ha avisado a Junts de que los intereses de Catalunya no se defienden \u00absolos\u00bb y ha aseverado que su formaci\u00f3n \u00ab<b>no se levantar\u00e1 nunca de una negociaci\u00f3n<\/b>\u00ab. En este sentido, ha reiterado que ERC quiere hacer valer su \u00abpoder\u00bb en la capital de Espa\u00f1a para defender los intereses de Catalunya. Asimismo, Albert ha mostrado \u00abrespeto\u00bb por la decisi\u00f3n que tome la militancia del partido independentista.<\/p>\n<p>14:0727\/10\/2025<\/p>\n<p>El PSOE reh\u00fasa valorar la ruptura decidida por Junts\u00a0<\/p>\n<p class=\"c-paragraph\">La portavoz de la Comisi\u00f3n Ejecutiva Federal del PSOE, <b>Montse M\u00ednguez<\/b>, ha rehusado valorar la decisi\u00f3n de romper con su partido que la direcci\u00f3n de Junts ha adoptado por unanimidad y ha avanzado que se posicionar\u00e1n al respecto cuando escuchen las explicaciones que d\u00e9 el l\u00edder de la formaci\u00f3n independentista, Carles Puigdemont, en la rueda de prensa que ha convocado para las 17.00 horas.<\/p>\n<p>13:3927\/10\/2025<\/p>\n<p>Junts decide romper con S\u00e1nchez<\/p>\n<p class=\"c-paragraph\">La ejecutiva de Junts <b>ha decidido \u00abpor unanimidad\u00bb aceptar la ruptura de relaciones con el Gobierno de Pedro S\u00e1nchez<\/b> despu\u00e9s de que el expresident Carles Puigdemont lo propusiese al inicio de la reuni\u00f3n celebrada este lunes en Perpi\u00f1\u00e1n, que ya ha finalizado. Est\u00e1 previsto que a las 17:00 horas de hoy, JxCat ofrezca una comparecencia de prensa para anunciar p\u00fablicamente su decisi\u00f3n final y los pasos a seguir desde este momento. La decisi\u00f3n del partido deber\u00e1 ratificarla la militancia en una consulta interna.<\/p>\n<p>13:0027\/10\/2025<\/p>\n<p>Permitir un Gobierno de PP y Vox \u00abser\u00eda un retroceso\u00bb<\/p>\n<p class=\"c-paragraph\">El secretario primero de la Mesa del Congreso y portavoz de los Comuns, Gerardo Pisarello, ha avisado a Junts de que si hacen caer el Gobierno de S\u00e1nchez permitir\u00e1n otro de PP y Vox que, seg\u00fan sus palabras,<b> \u00abser\u00eda un enorme retroceso\u00bb para Catalu\u00f1a<\/b>. \u00ab\u00bfEn qu\u00e9 beneficiar\u00eda?\u00bb, se ha preguntado. Sin embargo, s\u00ed ha defendido la postura de los de Puigdemont de presionar al PSOE y ser exigentes en las demandas de autogobierno. Adem\u00e1s, ha expresado que si Junts lo que est\u00e1 planteando es asumir el programa de Alian\u00e7a Catalana, ser\u00eda asumir un programa \u00abxen\u00f3fobo y antisocial\u00bb de los de S\u00edlvia Orriols.<\/p>\n<p>12:4627\/10\/2025<\/p>\n<p>El PP catal\u00e1n lamenta la \u00abescenificaci\u00f3n\u00bb de Junts<\/p>\n<p class=\"c-paragraph\">El PP catal\u00e1n ha asegurado que la reuni\u00f3n de Junts en Perpi\u00f1\u00e1n<b> es \u00abuna escenificaci\u00f3n de credibilidad escasa\u00bb<\/b>. Lo ha afirmado este lunes el secretario general de la formaci\u00f3n, Santi Rodr\u00edguez, quien ha criticado que estos encuentros acaban con \u00abasambleas y amenazas que duran ocho segundos\u00bb. Asimismo, ha avisado de que sea cual sea la decisi\u00f3n de los de Puigdemont, Espa\u00f1a \u00abcontinuar\u00e1 bloqueada\u00bb. Sobre la posibilidad de que los postconvergentes presenten una moci\u00f3n de censura a S\u00e1nchez, Rodr\u00edguez ha dicho que la mejor soluci\u00f3n seria una convocatoria de elecciones. Informa C\u00e9sar Mart\u00ednez.<\/p>\n<p>12:2527\/10\/2025<\/p>\n<p>Puigdemont habr\u00eda comunicado ya su intenci\u00f3n de romper<\/p>\n<p class=\"c-paragraph\">El expresident de la Generalitat <b>Carles Puigdemont<\/b> habr\u00eda comunicado ya a la ejecutiva de Junts su intenci\u00f3n de romper con el Gobierno de Pedro S\u00e1nchez, seg\u00fan informan varios medios, entre ellos RTVE.\u00a0<\/p>\n<p>12:2227\/10\/2025<\/p>\n<p>Podemos ve \u00abmucho ruido y pocas nueces\u00bb en las amenazas<\/p>\n<p class=\"c-paragraph\">El secretario de Organizaci\u00f3n y coportavoz de Podemos,<b> Pablo Fern\u00e1ndez<\/b>, ha sostenido que <b>Junts \u00aben ning\u00fan caso va a tumbar\u00bb al actual Gobierno<\/b> y apostilla que las amenazas de ruptura por parte de la formaci\u00f3n de Carles Puigdemont son \u00ab<b>mucho ruido y pocas nueces<\/b>\u00ab. \u00abNosotros creemos que Junts en ning\u00fan caso va a tumbar a este Gobierno; lo que puede tumbar al Gobierno es sin duda la vivienda y la inacci\u00f3n ante la especulaci\u00f3n y ante el incremento del precio de la vivienda (&#8230;) As\u00ed que mucho ruido y pocas nueces\u00bb, ha lanzado Fern\u00e1ndez.<\/p>\n<p>11:4827\/10\/2025<\/p>\n<p>Im\u00e1genes de la reuni\u00f3n<\/p>\n<p class=\"c-paragraph\">Junts ha compartido un v\u00eddeo sobre el lugar en el que se est\u00e1 llevando a cabo la reuni\u00f3n de Carles Puigdemont con la c\u00fapula del partido en Perpi\u00f1\u00e1n.\u00a0<\/p>\n<p>Cargar m\u00e1s<\/p>\n<p>11:2127\/10\/2025<\/p>\n<p>Page dice que el Gobierno es \u00abprisionero\u00bb de Junts<\/p>\n<p class=\"c-paragraph\">El presidente de Castilla-La Mancha, <b><a href=\"https:\/\/www.20minutos.es\/tags\/personas\/emiliano-garcia-page.html\" title=\"Emiliano Garc\u00eda-Page\" target=\"_blank\" rel=\"nofollow noopener\">Emiliano Garc\u00eda-Page<\/a><\/b>, ha afirmado que en este momento el expresidente catal\u00e1n Carles Puigdemont est\u00e1 \u00abprisionero\u00bb del presidente del Gobierno, Pedro S\u00e1nchez, y el Gobierno lo est\u00e1, a su vez, de Junts per Catalunya, y ha reflexionado que ser\u00e1 \u00abmuy complicado\u00bb sortear los encuentros electorales previstos en 2026 <b>sin que haya elecciones generales<\/b>. En una entrevista este lunes en COPE, Garc\u00eda-Page ha afirmado que desde el primer minuto esta legislatura \u00abtramposa\u00bb est\u00e1 siendo \u00abun laberinto sin salida\u00bb y no solo para el Gobierno sino para todos los que apoyaron la investidura, ya que, \u00abcon la \u00fanica excepci\u00f3n\u00bb de Bildu, los que apoyaron la investidura est\u00e1n en \u00abca\u00edda libre\u00bb.<\/p>\n<p>11:0927\/10\/2025<\/p>\n<p>Bustinduy conf\u00eda en el di\u00e1logo<\/p>\n<p class=\"c-paragraph\">El ministro de Derechos Sociales, Consumo y Agenda 2030, <b>Pablo Bustinduy<\/b>, afronta la respuesta de Junts con respeto y tranquilidad, y conf\u00eda que en que se imponga el di\u00e1logo y la negociaci\u00f3n ante una situaci\u00f3n que reconoce que es \u00abcomplicada\u00bb. \u00abEs verdad que ahora la situaci\u00f3n est\u00e1 delicada, pero yo conf\u00edo en que el di\u00e1logo y la negociaci\u00f3n se acaben imponiendo y eso, a la larga, reforzar\u00e1 la democracia espa\u00f1ola\u00bb, ha se\u00f1alado Bustinduy en una entrevista concedida a TVE.<\/p>\n<p>10:4927\/10\/2025<\/p>\n<p>El PSOE afronta con \u00abmuch\u00edsima tranquilidad\u00bb la reuni\u00f3n<\/p>\n<p class=\"c-paragraph\">La portavoz adjunta del PSOE, Enma L\u00f3pez, ha asegurado este lunes que su formaci\u00f3n afronta con<b> \u00abmuch\u00edsima tranquilidad\u00bb la reuni\u00f3n de Junts <\/b>de hoy sobre el futuro de la legislatura y ha subrayado que sea cual sea la decisi\u00f3n de los de Puigdemont, los socialistas la respetar\u00e1n. Asimismo, ha subrayado que el PSOE est\u00e1 en el Gobierno para mejorar la vida de la ciudadan\u00eda, algo que, ha dicho, demuestran \u00abcada d\u00eda\u00bb.<\/p>\n<p>10:3527\/10\/2025<\/p>\n<p>Comienza la reuni\u00f3n<\/p>\n<p class=\"c-paragraph\">El expresidente de la Generalitat y l\u00edder de Junts,\u00a0<b><a href=\"https:\/\/www.20minutos.es\/tags\/personas\/carles-puigdemont.html\" title=\"Carles Puigdemont\" target=\"_blank\" rel=\"nofollow noopener\">Carles Puigdemont<\/a><\/b>, y el resto de la direcci\u00f3n del partido han empezado este lunes a las 10.00 horas la reuni\u00f3n prevista en Perpi\u00f1\u00e1n (Francia) para decidir\u00a0si rompen con el Gobierno de<b>\u00a0<\/b><a href=\"https:\/\/www.20minutos.es\/tags\/personas\/pedro-sanchez.html\" title=\"Pedro S\u00e1nchez\" target=\"_blank\" rel=\"nofollow noopener\"><b>Pedro S\u00e1nchez<\/b><\/a>. Tanto Puigdemont como la c\u00fapula de Junts han llegado al lugar de la reuni\u00f3n pasadas las 09.00 horas.<\/p>\n","protected":false},"excerpt":{"rendered":"La ejecutiva de Junts reunida este lunes en Perpi\u00f1\u00e1n (Francia) ha decidido \u00abpor unanimidad\u00bb romper con el Gobierno&hellip;\n","protected":false},"author":2,"featured_media":203714,"comment_status":"","ping_status":"","sticky":false,"template":"","format":"standard","meta":{"footnotes":""},"categories":[8],"tags":[17,18,2125,25,24,13,14,11,19,20,9,10,15,16,31409,5667,7458,23,12,21,22],"class_list":{"0":"post-203713","1":"post","2":"type-post","3":"status-publish","4":"format-standard","5":"has-post-thumbnail","7":"category-espana","8":"tag-breaking-news","9":"tag-breakingnews","10":"tag-directo","11":"tag-es","12":"tag-espana","13":"tag-featured-news","14":"tag-featurednews","15":"tag-headlines","16":"tag-latest-news","17":"tag-latestnews","18":"tag-news","19":"tag-noticias","20":"tag-noticias-destacadas","21":"tag-noticiasdestacadas","22":"tag-perpinan","23":"tag-puigdemont","24":"tag-reunion","25":"tag-spain","26":"tag-titulares","27":"tag-ultimas-noticias","28":"tag-ultimasnoticias"},"share_on_mastodon":{"url":"https:\/\/pubeurope.com\/@es\/115446586325048431","error":""},"_links":{"self":[{"href":"https:\/\/www.europesays.com\/es\/wp-json\/wp\/v2\/posts\/203713","targetHints":{"allow":["GET"]}}],"collection":[{"href":"https:\/\/www.europesays.com\/es\/wp-json\/wp\/v2\/posts"}],"about":[{"href":"https:\/\/www.europesays.com\/es\/wp-json\/wp\/v2\/types\/post"}],"author":[{"embeddable":true,"href":"https:\/\/www.europesays.com\/es\/wp-json\/wp\/v2\/users\/2"}],"replies":[{"embeddable":true,"href":"https:\/\/www.europesays.com\/es\/wp-json\/wp\/v2\/comments?post=203713"}],"version-history":[{"count":0,"href":"https:\/\/www.europesays.com\/es\/wp-json\/wp\/v2\/posts\/203713\/revisions"}],"wp:featuredmedia":[{"embeddable":true,"href":"https:\/\/www.europesays.com\/es\/wp-json\/wp\/v2\/media\/203714"}],"wp:attachment":[{"href":"https:\/\/www.europesays.com\/es\/wp-json\/wp\/v2\/media?parent=203713"}],"wp:term":[{"taxonomy":"category","embeddable":true,"href":"https:\/\/www.europesays.com\/es\/wp-json\/wp\/v2\/categories?post=203713"},{"taxonomy":"post_tag","embeddable":true,"href":"https:\/\/www.europesays.com\/es\/wp-json\/wp\/v2\/tags?post=203713"}],"curies":[{"name":"wp","href":"https:\/\/api.w.org\/{rel}","templated":true}]}}