{"id":203725,"date":"2025-10-27T14:34:08","date_gmt":"2025-10-27T14:34:08","guid":{"rendered":"https:\/\/www.europesays.com\/es\/203725\/"},"modified":"2025-10-27T14:34:08","modified_gmt":"2025-10-27T14:34:08","slug":"lamine-yamal-comprara-por-11-millones-la-mansion-de-pique-y-shakira-y-la-convertira-en-una-casa-de-un-deportista-de-elite","status":"publish","type":"post","link":"https:\/\/www.europesays.com\/es\/203725\/","title":{"rendered":"Lamine Yamal comprar\u00e1 por 11 millones la mansi\u00f3n de Piqu\u00e9 y Shakira y la convertir\u00e1 en \u00abuna casa de un deportista de \u00e9lite\u00bb"},"content":{"rendered":"<p class=\"c-paragraph\">La lujosa mansi\u00f3n que un d\u00eda ocuparon <a href=\"https:\/\/www.20minutos.es\/tags\/deportes\/gerard-pique.html\" title=\"Gerard Piqu\u00e9\" rel=\"nofollow noopener\" target=\"_blank\">Gerard Piqu\u00e9<\/a> y <a href=\"https:\/\/www.20minutos.es\/tags\/personas\/shakira.html\" title=\"Shakira\" rel=\"nofollow noopener\" target=\"_blank\">Shakira<\/a>, valorada en su momento en 14 millones de euros,\u00a0en la lujosa urbanizaci\u00f3n Ciutat Diagonal, en Esplugas de Llobregat, ya tiene comprador.<\/p>\n<p class=\"c-paragraph\">Nada m\u00e1s y nada menos que <a href=\"https:\/\/www.20minutos.es\/tags\/deportes\/lamine-yamal.html\" title=\"Lamine Yamal\" rel=\"nofollow noopener\" target=\"_blank\">Lamine Yamal<\/a>, que, seg\u00fan adelanta El Pa\u00eds, <b>adquirir\u00e1 la mansi\u00f3n por 11 millones<\/b>. Su compra se formalizar\u00e1 en los pr\u00f3ximos d\u00edas.<\/p>\n<p class=\"c-paragraph\">Seg\u00fan la misma informaci\u00f3n, la idea de Yamal,\u00a0que tendr\u00e1 cerca a otros compa\u00f1eros del Bar\u00e7a como Alejandro Balde y Ronald Araujo, es <b>\u00abconvertir una casa familiar en una casa de un deportista de \u00e9lite\u00bb<\/b> y as\u00ed tener a mano su propio gimnasio personal, un preparador f\u00edsico a tiempo completo y un fisioterapeuta.\u00a0<\/p>\n<p class=\"c-paragraph\">La cosa no quedar\u00e1 ah\u00ed, sino que, seg\u00fan el mismo medio, tambi\u00e9n habr\u00e1 espacios dentro de la casa para el ocio de cara a las visitas de sus amigos y familiares.<\/p>\n<p class=\"c-paragraph\">Tal y como aseguraron en\u00a0Fiesta,\u00a0<b><b>la casa forma parte de un complejo de 3.800 metros cuadrados que cuenta con tres viviendas<\/b><\/b>, aunque una de las construcciones fue vendida este mismo a\u00f1o por m\u00e1s de tres millones de euros.<\/p>\n","protected":false},"excerpt":{"rendered":"La lujosa mansi\u00f3n que un d\u00eda ocuparon Gerard Piqu\u00e9 y Shakira, valorada en su momento en 14 millones&hellip;\n","protected":false},"author":2,"featured_media":203726,"comment_status":"","ping_status":"","sticky":false,"template":"","format":"standard","meta":{"footnotes":""},"categories":[174],"tags":[11919,255,55210,146,147,25,24,256,11680,5043,23,14780],"class_list":{"0":"post-203725","1":"post","2":"type-post","3":"status-publish","4":"format-standard","5":"has-post-thumbnail","7":"category-famosos","8":"tag-11919","9":"tag-celebrities","10":"tag-comprara","11":"tag-entertainment","12":"tag-entretenimiento","13":"tag-es","14":"tag-espana","15":"tag-famosos","16":"tag-lamine","17":"tag-por","18":"tag-spain","19":"tag-yamal"},"share_on_mastodon":{"url":"https:\/\/pubeurope.com\/@es\/115446629263729000","error":""},"_links":{"self":[{"href":"https:\/\/www.europesays.com\/es\/wp-json\/wp\/v2\/posts\/203725","targetHints":{"allow":["GET"]}}],"collection":[{"href":"https:\/\/www.europesays.com\/es\/wp-json\/wp\/v2\/posts"}],"about":[{"href":"https:\/\/www.europesays.com\/es\/wp-json\/wp\/v2\/types\/post"}],"author":[{"embeddable":true,"href":"https:\/\/www.europesays.com\/es\/wp-json\/wp\/v2\/users\/2"}],"replies":[{"embeddable":true,"href":"https:\/\/www.europesays.com\/es\/wp-json\/wp\/v2\/comments?post=203725"}],"version-history":[{"count":0,"href":"https:\/\/www.europesays.com\/es\/wp-json\/wp\/v2\/posts\/203725\/revisions"}],"wp:featuredmedia":[{"embeddable":true,"href":"https:\/\/www.europesays.com\/es\/wp-json\/wp\/v2\/media\/203726"}],"wp:attachment":[{"href":"https:\/\/www.europesays.com\/es\/wp-json\/wp\/v2\/media?parent=203725"}],"wp:term":[{"taxonomy":"category","embeddable":true,"href":"https:\/\/www.europesays.com\/es\/wp-json\/wp\/v2\/categories?post=203725"},{"taxonomy":"post_tag","embeddable":true,"href":"https:\/\/www.europesays.com\/es\/wp-json\/wp\/v2\/tags?post=203725"}],"curies":[{"name":"wp","href":"https:\/\/api.w.org\/{rel}","templated":true}]}}