{"id":203738,"date":"2025-10-27T14:42:10","date_gmt":"2025-10-27T14:42:10","guid":{"rendered":"https:\/\/www.europesays.com\/es\/203738\/"},"modified":"2025-10-27T14:42:10","modified_gmt":"2025-10-27T14:42:10","slug":"muere-a-los-55-anos-esther-uria-actriz-de-cuentame-hospital-central-y-el-comisario","status":"publish","type":"post","link":"https:\/\/www.europesays.com\/es\/203738\/","title":{"rendered":"Muere a los 55 a\u00f1os Esther Uria, actriz de &#8216;Cu\u00e9ntame&#8217;, &#8216;Hospital Central&#8217; y &#8216;El Comisario&#8217;"},"content":{"rendered":"<p><img loading=\"lazy\" decoding=\"async\" src=\"https:\/\/www.europesays.com\/es\/wp-content\/uploads\/2025\/10\/1760450890_434_100x100_informalia-logo.jpg\" itemtype=\"\/\/schema.org\/ImageObject\" itemprop=\"url\" alt=\"Informalia\" width=\"64\" height=\"64\" pinger-seen=\"true\"\/><\/p>\n<p>La actriz Esther Uria ha muerto a los 55 a\u00f1os despu\u00e9s de no superar una r\u00e1pida enfermedad, seg\u00fan ha publicado El diario vasco. Sus trabajos abarcaron tanto teatro como televisi\u00f3n, porque particip\u00f3 en algunas de las series m\u00e1s conocidas por los espectadores.<\/p>\n<p>Esther Uria trabaj\u00f3 en Hospital Central, Doctor Mateo, Cu\u00e9ntame, El Comisario, Ana y los siete o Maitena. En el Pa\u00eds Vasco, intervino en ficciones de ETB como Euskolegas y Pilotari.<\/p>\n<p>Su trayectoria, como dec\u00edamos, tambi\u00e9n estuvo centrado en el mundo de teatro, una labor que le permiti\u00f3 protagonizar funciones como La cacat\u00faa verde o La importancia de llamarse Ernesto.<\/p>\n<p>La trayectoria de Esther Uria tambi\u00e9n comprende el \u00e1mbito educativo, porque hace unos a\u00f1os decidi\u00f3 centrarse en los estudios y se licenci\u00f3 en Educaci\u00f3n Especial y Psicopedagog\u00eda. Tambi\u00e9n hizo un M\u00e1ster de Formaci\u00f3n de Profesorado en Secundaria.<\/p>\n<p>WhatsApp<a href=\"https:\/\/api.whatsapp.com\/send?text=https:\/\/www.eleconomista.es\/informalia\/television\/noticias\/13613580\/10\/25\/muere-a-los-55-anos-esther-uria-actriz-de-cuentame-hospital-central-y-el-comisario.html?utm_source%3Dwhatsapp%26utm_medium%3Dshare_button&amp;id=1648118629957_whatsapp\" target=\"_blank\" data-action=\"share\/whatsapp\/share\" aria-label=\"Compartir en Whatsapp\" rel=\"nofollow noopener\"><\/a>Facebook<a id=\"fb-share\" href=\"#\" target=\"_blank\" rel=\"noopener noreferrer\" aria-label=\"Compartir en Facebook\"><\/a>Twitter<a href=\"https:\/\/twitter.com\/share?text=Muere+a+los+55+a%C3%B1os+Esther+Uria%2C+actriz+de+%27Cu%C3%A9ntame%27%2C+%27Hospital+Central%27+y+%27El+Comisario%27&amp;url=https:\/\/www.eleconomista.es\/informalia\/television\/noticias\/13613580\/10\/25\/muere-a-los-55-anos-esther-uria-actriz-de-cuentame-hospital-central-y-el-comisario.html&amp;via=Informalia&amp;id=1648118839245_twitter\" target=\"_blank\" aria-label=\"Compartir en Twitter\" rel=\"nofollow noopener\"><\/a>Linkedin<a onclick=\"return abrirLinkedin();\" href=\"https:\/\/www.linkedin.com\/shareArticle?text=Muere+a+los+55+a%C3%B1os+Esther+Uria%2C+actriz+de+%27Cu%C3%A9ntame%27%2C+%27Hospital+Central%27+y+%27El+Comisario%27&amp;url=https:\/\/www.eleconomista.es\/informalia\/television\/noticias\/13613580\/10\/25\/muere-a-los-55-anos-esther-uria-actriz-de-cuentame-hospital-central-y-el-comisario.html&amp;mini=true\" target=\"_blank\" aria-label=\"Compartir en linkedin\" rel=\"nofollow noopener\"><\/a>Beloud<a href=\"https:\/\/beloud.com\/share?text=Muere+a+los+55+a%C3%B1os+Esther+Uria%2C+actriz+de+%27Cu%C3%A9ntame%27%2C+%27Hospital+Central%27+y+%27El+Comisario%27&amp;url=https:\/\/www.eleconomista.es\/informalia\/television\/noticias\/13613580\/10\/25\/muere-a-los-55-anos-esther-uria-actriz-de-cuentame-hospital-central-y-el-comisario.html&amp;via=Informalia&amp;id=1648118839245_beloud\" target=\"_blank\" aria-label=\"Compartir en beloud\" rel=\"nofollow noopener\"><\/a>Bluesky<a href=\"https:\/\/bsky.app\/intent\/compose?text=https:\/\/bsky.app\/intent\/compose?text=https:\/\/www.eleconomista.es\/informalia\/television\/noticias\/13613580\/10\/25\/muere-a-los-55-anos-esther-uria-actriz-de-cuentame-hospital-central-y-el-comisario.html&amp;url=https:\/\/www.eleconomista.es\/informalia\/television\/noticias\/13613580\/10\/25\/muere-a-los-55-anos-esther-uria-actriz-de-cuentame-hospital-central-y-el-comisario.html&amp;via=elEconomistaes&amp;id=1648118839245_bluesky\" target=\"_blank\" aria-label=\"Compartir en bluesky\" rel=\"nofollow noopener\"><\/a><\/p>\n<p><script async src=\"https:\/\/platform.twitter.com\/widgets.js\" charset=\"utf-8\"><\/script><\/p>\n","protected":false},"excerpt":{"rendered":"La actriz Esther Uria ha muerto a los 55 a\u00f1os despu\u00e9s de no superar una r\u00e1pida enfermedad, seg\u00fan&hellip;\n","protected":false},"author":2,"featured_media":203739,"comment_status":"","ping_status":"","sticky":false,"template":"","format":"standard","meta":{"footnotes":""},"categories":[91],"tags":[146,147,25,24,23,807],"class_list":{"0":"post-203738","1":"post","2":"type-post","3":"status-publish","4":"format-standard","5":"has-post-thumbnail","7":"category-entretenimiento","8":"tag-entertainment","9":"tag-entretenimiento","10":"tag-es","11":"tag-espana","12":"tag-spain","13":"tag-television"},"share_on_mastodon":{"url":"https:\/\/pubeurope.com\/@es\/115446661089850283","error":""},"_links":{"self":[{"href":"https:\/\/www.europesays.com\/es\/wp-json\/wp\/v2\/posts\/203738","targetHints":{"allow":["GET"]}}],"collection":[{"href":"https:\/\/www.europesays.com\/es\/wp-json\/wp\/v2\/posts"}],"about":[{"href":"https:\/\/www.europesays.com\/es\/wp-json\/wp\/v2\/types\/post"}],"author":[{"embeddable":true,"href":"https:\/\/www.europesays.com\/es\/wp-json\/wp\/v2\/users\/2"}],"replies":[{"embeddable":true,"href":"https:\/\/www.europesays.com\/es\/wp-json\/wp\/v2\/comments?post=203738"}],"version-history":[{"count":0,"href":"https:\/\/www.europesays.com\/es\/wp-json\/wp\/v2\/posts\/203738\/revisions"}],"wp:featuredmedia":[{"embeddable":true,"href":"https:\/\/www.europesays.com\/es\/wp-json\/wp\/v2\/media\/203739"}],"wp:attachment":[{"href":"https:\/\/www.europesays.com\/es\/wp-json\/wp\/v2\/media?parent=203738"}],"wp:term":[{"taxonomy":"category","embeddable":true,"href":"https:\/\/www.europesays.com\/es\/wp-json\/wp\/v2\/categories?post=203738"},{"taxonomy":"post_tag","embeddable":true,"href":"https:\/\/www.europesays.com\/es\/wp-json\/wp\/v2\/tags?post=203738"}],"curies":[{"name":"wp","href":"https:\/\/api.w.org\/{rel}","templated":true}]}}