{"id":203742,"date":"2025-10-27T14:44:10","date_gmt":"2025-10-27T14:44:10","guid":{"rendered":"https:\/\/www.europesays.com\/es\/203742\/"},"modified":"2025-10-27T14:44:10","modified_gmt":"2025-10-27T14:44:10","slug":"ibex-35-hoy-la-bolsa-en-directo-el-nasdaq-lidera-las-subidas-en-wall-street-que-marca-nuevos-maximos","status":"publish","type":"post","link":"https:\/\/www.europesays.com\/es\/203742\/","title":{"rendered":"Ibex 35 hoy, la Bolsa en Directo | El Nasdaq lidera las subidas en Wall Street, que marca nuevos m\u00e1ximos"},"content":{"rendered":"<p class=\"ue-c-article__paragraph\">\n                                        Los principales \u00edndices, en m\u00e1ximos tras el acuerdo comercial \u00abpreliminar\u00bb alcanzado entre Estados Unidos y China este fin de semana.\n                                    <\/p>\n<p>Directos: Gr\u00e1fico Ibex<\/p>\n<p class=\"ue-c-article__paragraph\">Los tres principales \u00edndices de Wall Street han marcado nuevos m\u00e1ximos hist\u00f3ricos en la sesi\u00f3n de hoy. A la cabeza de los avances se sit\u00faa el tecnol\u00f3gico Nasdaq, con subidas en el entorno del 1,5%.<\/p>\n<p class=\"ue-c-article__paragraph\">Los inversores se han lanzado a las compras despu\u00e9s de que las delegaciones de EEUU y China alcanzaran el domingo un \u00abacuerdo preliminar\u00bb tras dos d\u00edas de negociaciones comerciales en Kuala Lumpur, lo que allana el camino para el encuentro entre el presidente estadounidense, Donald Trump, y su hom\u00f3logo chino, Xi Jinping, despu\u00e9s de una escalada de las tensiones bilaterales.<\/p>\n<p class=\"ue-c-article__paragraph\">Los valores tecnol\u00f3gicos son los principales beneficiados de acuerdo premiliar, como Nvidia, Microsoft, Amazon y Apple, todos ellos con alzas superiores al 1%. Los inversores est\u00e1n pendientes esta semana de las &#8216;siete magn\u00edficas&#8217;, de las que cinco presentar\u00e1n resultados esta semana.<\/p>\n<p class=\"ue-c-article__paragraph\">Las tensiones comerciales y la temporada de resultados van a compartir protagonismo esta semana con la reuni\u00f3n de la Reserva Federal (Fed), que anunciar\u00e1 su decisi\u00f3n sobre los tipos de inter\u00e9s el pr\u00f3ximo mi\u00e9rcoles.  Los analistas coinciden en que el banco central llevar\u00e1 a cabo otro recorte de tipos, sobre todo despu\u00e9s del dato de IPC de Estados Unidos de viernes, que sit\u00faa la inflaci\u00f3n en el 3% interanual.<\/p>\n","protected":false},"excerpt":{"rendered":"Los principales \u00edndices, en m\u00e1ximos tras el acuerdo comercial \u00abpreliminar\u00bb alcanzado entre Estados Unidos y China este fin&hellip;\n","protected":false},"author":2,"featured_media":203743,"comment_status":"","ping_status":"","sticky":false,"template":"","format":"standard","meta":{"footnotes":""},"categories":[80],"tags":[2300,12239,82,95,94,25,24,114,23],"class_list":{"0":"post-203742","1":"post","2":"type-post","3":"status-publish","4":"format-standard","5":"has-post-thumbnail","7":"category-economia","8":"tag-bolsa","9":"tag-bolsa-de-wall-street","10":"tag-business","11":"tag-economia","12":"tag-economy","13":"tag-es","14":"tag-espana","15":"tag-mercados","16":"tag-spain"},"share_on_mastodon":{"url":"https:\/\/pubeurope.com\/@es\/115446668733955997","error":""},"_links":{"self":[{"href":"https:\/\/www.europesays.com\/es\/wp-json\/wp\/v2\/posts\/203742","targetHints":{"allow":["GET"]}}],"collection":[{"href":"https:\/\/www.europesays.com\/es\/wp-json\/wp\/v2\/posts"}],"about":[{"href":"https:\/\/www.europesays.com\/es\/wp-json\/wp\/v2\/types\/post"}],"author":[{"embeddable":true,"href":"https:\/\/www.europesays.com\/es\/wp-json\/wp\/v2\/users\/2"}],"replies":[{"embeddable":true,"href":"https:\/\/www.europesays.com\/es\/wp-json\/wp\/v2\/comments?post=203742"}],"version-history":[{"count":0,"href":"https:\/\/www.europesays.com\/es\/wp-json\/wp\/v2\/posts\/203742\/revisions"}],"wp:featuredmedia":[{"embeddable":true,"href":"https:\/\/www.europesays.com\/es\/wp-json\/wp\/v2\/media\/203743"}],"wp:attachment":[{"href":"https:\/\/www.europesays.com\/es\/wp-json\/wp\/v2\/media?parent=203742"}],"wp:term":[{"taxonomy":"category","embeddable":true,"href":"https:\/\/www.europesays.com\/es\/wp-json\/wp\/v2\/categories?post=203742"},{"taxonomy":"post_tag","embeddable":true,"href":"https:\/\/www.europesays.com\/es\/wp-json\/wp\/v2\/tags?post=203742"}],"curies":[{"name":"wp","href":"https:\/\/api.w.org\/{rel}","templated":true}]}}