{"id":203744,"date":"2025-10-27T14:45:08","date_gmt":"2025-10-27T14:45:08","guid":{"rendered":"https:\/\/www.europesays.com\/es\/203744\/"},"modified":"2025-10-27T14:45:08","modified_gmt":"2025-10-27T14:45:08","slug":"leopoldo-lopez-niega-que-nicolas-maduro-le-pueda-despojar-de-la-ciudadania-venezolana","status":"publish","type":"post","link":"https:\/\/www.europesays.com\/es\/203744\/","title":{"rendered":"Leopoldo L\u00f3pez niega que Nicol\u00e1s Maduro le pueda despojar de la ciudadan\u00eda venezolana"},"content":{"rendered":"<p>El opositor <a href=\"https:\/\/x.com\/leopoldolopez?ref_src=twsrc%5Egoogle%7Ctwcamp%5Eserp%7Ctwgr%5Eauthor\" target=\"_blank\" rel=\"noreferrer noopener nofollow\">Leopoldo L\u00f3pez <\/a>ha reaccionado este lunes al anuncio del r\u00e9gimen de <a href=\"https:\/\/theobjective.com\/etiqueta\/nicolas-maduro\/\" rel=\"nofollow noopener\" target=\"_blank\">Nicol\u00e1s Maduro<\/a> de despojarle de la nacionalidad venezolana. Una decisi\u00f3n que tilda de \u00ab<strong>profunda arbitrariedad<\/strong>\u00bb y que no tiene \u00abning\u00fan sustento\u00bb en la Constituci\u00f3n bolivariana, en cuyo art\u00edculo 35 se subraya que los <a href=\"https:\/\/theobjective.com\/etiqueta\/venezuela\/\" rel=\"nofollow noopener\" target=\"_blank\">venezolanos<\/a> y las venezolanas por nacimiento \u00abno podr\u00e1n ser privados o privadas de su nacionalidad\u00bb.<\/p>\n<p>L\u00f3pez ha se\u00f1alado en rueda de prensa que no hay precedentes de que a un venezolano se le despoje de su nacionalidad, si bien ha a\u00f1adido que \u00ab<strong>no es hecho aislado, sino de muchos a\u00f1os y que es la dura realidad de la dictadura<\/strong>\u00bb. En su caso, no cuenta con pasaporte de su pa\u00eds porque las autoridades del r\u00e9gimen no se lo dieron durante su paso por la prisi\u00f3n de Ramo Verde. El opositor cumpli\u00f3 siete de los 14 a\u00f1os de prisi\u00f3n, bien en el citado penal, bien en arresto domiciliario, por asociarse con Mar\u00eda Corina Machado y decir que el sucesor de Hugo Ch\u00e1vez era un \u00abcorrupto, opresor y narcotraficante\u00bb. Unas palabras que mantiene una d\u00e9cada despu\u00e9s de la sentencia.<\/p>\n<p>\u00abEste despojo de la nacionalidad tiene <strong>una clara intenci\u00f3n de intimidar a los venezolanos<\/strong> para que no se diga lo que todos pensamos y esperanzados: que Maduro termine de salir del poder. Nuestra aspiraci\u00f3n sigue siendo la misma: la salida de Nicol\u00e1s Maduro del poder\u00bb, ha enfatizado en su declaraci\u00f3n ante los medios y con un lema a sus espaldas: La nacionalidad no es un arma pol\u00edtica.<\/p>\n<p><img fetchpriority=\"high\" decoding=\"async\" width=\"1024\" height=\"576\" src=\"https:\/\/www.europesays.com\/es\/wp-content\/uploads\/2025\/10\/leopoldo-lopez-venezuela-1024x576.jpg\" alt=\"\" class=\"wp-image-3797752\"  \/>El opositor en un momento de la comparecencia ante los medios. | Foto: TO<\/p>\n<p>El opositor venezolano no recurrir\u00e1 la decisi\u00f3n de Maduro ni pleitear\u00e1 en los tribunales de su pa\u00eds. \u00abNo hay Estado de derecho, no hay autonom\u00eda. Hay una ficci\u00f3n de justicia, no es un tribunal ni de justicia. <strong>No esperamos nada. No hay ni un solo juez que sea aut\u00f3nomo, ni un solo fiscal que sea aut\u00f3nomo<\/strong>\u00bb, ha incidido.<\/p>\n<p>L\u00f3pez ha insistido en que Maduro no es solo una amenaza para Venezuela, sino para la regi\u00f3n y el mundo entero, al tiempo que ha recordado que 7,9 millones de venezolanos viven exiliados en la actualidad sin poder renovar sus documentos, por lo que <strong>sufren de facto la retirada de la nacionalidad<\/strong> al no poder renovar pasaportes y c\u00e9dulas.<\/p>\n<p>El l\u00edder opositor ha incidido en que el r\u00e9gimen madurista es una \u00abestructura de crimen organizado\u00bb y ha mostrado su esperanza en que las \u00abacciones de presi\u00f3n\u00bb de la Administraci\u00f3n Trump terminen por lograr la ca\u00edda de Maduro y abra paso a una transici\u00f3n a la democracia \u00ab<strong>encabezada por el presidente electo, Edmundo Gonz\u00e1lez, con el respaldo de Mar\u00eda Corina Machado en un pa\u00eds de estabilidad, progreso, bienestar y paz<\/strong>\u00bb.\u00a0<\/p>\n<p>Adem\u00e1s, ha admitido que teme por su integridad en Espa\u00f1a, al tiempo que ha advertido de que los \u00abtent\u00e1culos\u00bb del r\u00e9gimen \u00abcruzan el Atl\u00e1ntico\u00bb como les ha ocurrido a otros opositores en Chile o Colombia. \u00ab<strong>Cuando hay una acusaci\u00f3n y un se\u00f1alamiento, es la pura y dura realidad<\/strong>\u00bb, ha constatado antes de equiparar a Maduro con la situaci\u00f3n de que el narcotraficante Pablo Escobar hubiese llegado en los a\u00f1os ochenta a la presidencia de Colombia.\u00a0<\/p>\n<p>Preguntado si apoyaba una intervenci\u00f3n militar en su pa\u00eds, L\u00f3pez ha sido muy cuidadoso con sus palabras. \u00abNo hay una acci\u00f3n de EEUU con Venezuela, la soberan\u00eda est\u00e1 en los votos de Edmundo Gonz\u00e1lez. <strong>Las acciones no son contra Venezuela, sino en contra del cartel de los Soles, en contra del Tren de Aragua, y en contra de la cabeza de una estructura criminal<\/strong>\u00bb encabezada por \u00abla pesadilla de Maduro\u00bb.<\/p>\n<p>\u00abMaduro es un <strong>narcotraficante, criminal y represor<\/strong>. Nada va a cambiar lo que por naturaleza es un criminal en el poder\u00bb, ha dejado claro el opositor venezolano, quien ha a\u00f1adido que la visi\u00f3n de Washington sobre el problema de Venezuela es \u00abcorrecta y adecuada\u00bb.\u00a0<strong>A diferencia de sus padres, hijos y esposa, Lilian Tintori, que recibieron la nacionalidad espa\u00f1ola en los \u00faltimos a\u00f1os<\/strong>, \u00e9l se ha mantenido \u00fanicamente con la venezolana y se mueve por el extranjero con un permiso de viaje que le expide Madrid, por lo que si Caracas consuma la amenaza, quedar\u00eda en situaci\u00f3n de ap\u00e1trida.<\/p>\n","protected":false},"excerpt":{"rendered":"El opositor Leopoldo L\u00f3pez ha reaccionado este lunes al anuncio del r\u00e9gimen de Nicol\u00e1s Maduro de despojarle de&hellip;\n","protected":false},"author":2,"featured_media":203745,"comment_status":"","ping_status":"","sticky":false,"template":"","format":"standard","meta":{"footnotes":""},"categories":[42],"tags":[17,18,55841,13,14,11,61,62,63,64,19,20,55312,35511,9,30238,10,15,16,12,21,22,65,66,67],"class_list":{"0":"post-203744","1":"post","2":"type-post","3":"status-publish","4":"format-standard","5":"has-post-thumbnail","7":"category-internacional","8":"tag-breaking-news","9":"tag-breakingnews","10":"tag-crisis-venezuela","11":"tag-featured-news","12":"tag-featurednews","13":"tag-headlines","14":"tag-internacional","15":"tag-international","16":"tag-international-news","17":"tag-internationalnews","18":"tag-latest-news","19":"tag-latestnews","20":"tag-leopoldo-lu00f3pez","21":"tag-nacionalidad","22":"tag-news","23":"tag-nicolu00e1s-maduro","24":"tag-noticias","25":"tag-noticias-destacadas","26":"tag-noticiasdestacadas","27":"tag-titulares","28":"tag-ultimas-noticias","29":"tag-ultimasnoticias","30":"tag-world","31":"tag-world-news","32":"tag-worldnews"},"share_on_mastodon":{"url":"https:\/\/pubeurope.com\/@es\/115446673040180660","error":""},"_links":{"self":[{"href":"https:\/\/www.europesays.com\/es\/wp-json\/wp\/v2\/posts\/203744","targetHints":{"allow":["GET"]}}],"collection":[{"href":"https:\/\/www.europesays.com\/es\/wp-json\/wp\/v2\/posts"}],"about":[{"href":"https:\/\/www.europesays.com\/es\/wp-json\/wp\/v2\/types\/post"}],"author":[{"embeddable":true,"href":"https:\/\/www.europesays.com\/es\/wp-json\/wp\/v2\/users\/2"}],"replies":[{"embeddable":true,"href":"https:\/\/www.europesays.com\/es\/wp-json\/wp\/v2\/comments?post=203744"}],"version-history":[{"count":0,"href":"https:\/\/www.europesays.com\/es\/wp-json\/wp\/v2\/posts\/203744\/revisions"}],"wp:featuredmedia":[{"embeddable":true,"href":"https:\/\/www.europesays.com\/es\/wp-json\/wp\/v2\/media\/203745"}],"wp:attachment":[{"href":"https:\/\/www.europesays.com\/es\/wp-json\/wp\/v2\/media?parent=203744"}],"wp:term":[{"taxonomy":"category","embeddable":true,"href":"https:\/\/www.europesays.com\/es\/wp-json\/wp\/v2\/categories?post=203744"},{"taxonomy":"post_tag","embeddable":true,"href":"https:\/\/www.europesays.com\/es\/wp-json\/wp\/v2\/tags?post=203744"}],"curies":[{"name":"wp","href":"https:\/\/api.w.org\/{rel}","templated":true}]}}