{"id":203762,"date":"2025-10-27T14:59:13","date_gmt":"2025-10-27T14:59:13","guid":{"rendered":"https:\/\/www.europesays.com\/es\/203762\/"},"modified":"2025-10-27T14:59:13","modified_gmt":"2025-10-27T14:59:13","slug":"llenar-la-casa-de-productos-mass-market-sin-personalidad-diluye-cualquier-intento-de-estilo","status":"publish","type":"post","link":"https:\/\/www.europesays.com\/es\/203762\/","title":{"rendered":"Llenar la casa de productos &#8216;mass market&#8217; sin personalidad diluye cualquier intento de estilo"},"content":{"rendered":"<p>La elegancia no depende del tama\u00f1o ni del presupuesto, sino del equilibrio entre armon\u00eda, funcionalidad y buen gusto. As\u00ed lo defiende la<strong> interiorista Victoria Belousova<\/strong>, fundadora de <a href=\"https:\/\/victoriainteriors.es\/\" rel=\"nofollow noopener\" target=\"_blank\">Victoria Interiors<\/a>, un estudio especializado en crear hogares sofisticados sin caer en el derroche. Para ella, el <strong><a href=\"https:\/\/www.revistainteriores.es\/tendencias\/asi-es-nuevo-lujo-segun-expertos-arquitectura-sentir-que-vives-alejado-ciudad-pleno-centro_11484\" rel=\"nofollow noopener\" target=\"_blank\">verdadero lujo<\/a> no est\u00e1 en llenar los espacios de piezas costosas<\/strong>, sino en <strong>saber combinarlas con criterio<\/strong>, cuidar la iluminaci\u00f3n y apostar por materiales duraderos que hablen por s\u00ed solos.<\/p>\n<p>En un momento en que las redes sociales nos bombardean con interiores aparentemente perfectos, Belousova propone <strong>una visi\u00f3n m\u00e1s sensata y atemporal<\/strong> del dise\u00f1o: \u00abNo hace falta tener muchos metros ni un presupuesto ilimitado para lograr un espacio elegante, basta con entender la proporci\u00f3n, la luz y la calidad de los acabados\u00bb. Su enfoque combina la est\u00e9tica con la practicidad, demostrando que la belleza puede &#8211; y debe -convivir con la vida cotidiana, incluso cuando hay ni\u00f1os o mascotas en casa.<\/p>\n<p>En esta entrevista, la interiorista desgrana las <a href=\"https:\/\/www.revistainteriores.es\/ideas-casa\/interiorista-advierte-ideas-para-que-tu-piso-parezca-lujo-pinta-puertas-tus-interiores_11868\" rel=\"nofollow noopener\" target=\"_blank\">claves para conseguir un piso elegante<\/a> sin gastar m\u00e1s de la cuenta, desde los materiales que<strong> elevan cualquier ambiente <\/strong>hasta los errores que conviene evitar si queremos mantener esa sensaci\u00f3n de calidad y equilibrio.<\/p>\n<p><a href=\"https:\/\/www.revistainteriores.es\/ideas-casa\/tamara-falco-navidad-decorar-casa-familia-adornos-artesanales-carino_12331\" data-ga4_event=\"custom_event\" data-ga4_event_name=\"click_intext\" data-ga4_link_url=\"https:\/\/www.revistainteriores.es\/ideas-casa\/tamara-falco-navidad-decorar-casa-familia-adornos-artesanales-carino_12331\" data-ga4_link_text=\"tamara_falco_me_encanta_la_navidad_y_poder_decorar_la_casa_en_familia\" data-ga4_content_type=\"photo\" data-ga4_element=\"related\" rel=\"nofollow noopener\" target=\"_blank\">&#13;&#13;<img loading=\"lazy\" decoding=\"async\" src=\"https:\/\/www.europesays.com\/es\/wp-content\/uploads\/2025\/10\/tamara-falco-en-navidad_ebfcbd87_251027144942_600x600.webp.webp\" alt=\"Tamara Falc\u00f3 en Navidad\" class=\"lazyload\" width=\"600\" height=\"600\" data-aspectratio=\"600\/600\"\/>&#13;&#13;<\/p>\n<p class=\"epigraph\">                    &#13;Noticia relacionada<\/p>\n<p class=\"title\">Tamara Falc\u00f3: \u00abMe encanta la Navidad y poder decorar la casa en familia\u00bb<\/p>\n<p><\/a>C\u00f3mo conseguir un piso elegante sin derrochar, seg\u00fan la interiorista Victoria Belousova&#13;<img loading=\"lazy\" decoding=\"async\"   src=\"https:\/\/www.europesays.com\/es\/wp-content\/uploads\/2025\/10\/salon-elegante_7b0a5301_251022084304_1080x1350.webp.webp\" alt=\"Sal\u00f3n elegante\" class=\"lazyload\" width=\"1080\" height=\"1350\" data-aspectratio=\"1080\/1350\"\/><\/p>\n<p>&#13;&#13;Foto: Foto: Jordi Folch y Paloma Pacheco Turnes&#13;<\/p>\n<p><strong>\u00bfCu\u00e1l es el verdadero secreto para que una casa se perciba como elegante y lujosa?<\/strong><\/p>\n<p>Para m\u00ed, la clave est\u00e1 en una <strong>buena distribuci\u00f3n del espacio<\/strong>. No se trata tanto de tener muchos metros cuadrados, sino de que est\u00e9n bien aprovechados. Me gustan los\u00a0<strong>techos altos, la abundante luz natural, y las vistas,\u00a0<\/strong>ya sea a la ciudad o a la naturaleza, porque aportan una sensaci\u00f3n inmediata de lujo. Y, por supuesto, la mano de un buen profesional, sea arquitecto o interiorista, marca la diferencia.<\/p>\n<p><strong>\u00bfQu\u00e9 elementos consideras imprescindibles en un interiorismo de alto nivel, incluso en pisos peque\u00f1os?<\/strong><\/p>\n<p>Yo pienso que la personalizaci\u00f3n. Un interiorismo de calidad se nota <strong>en los detalles hechos a medida<\/strong>: mobiliario, textiles, carpinter\u00eda\u2026 La <strong>iluminaci\u00f3n es otro pilar clave.<\/strong>\u00a0No se trata solo de ver, sino de crear ambientes mediante el tono, el \u00e1ngulo y la intensidad de la luz. Por \u00faltimo, <strong>el arte y los objetos decorativos<\/strong> que reflejan la historia y la personalidad del due\u00f1o aportan car\u00e1cter.<\/p>\n<p><strong>\u00bfHay materiales o acabados que autom\u00e1ticamente elevan un espacio, aunque el mobiliario sea sencillo?<\/strong><\/p>\n<p>S\u00ed. Los <strong>materiales nobles<\/strong>, como el m\u00e1rmol o las maderas naturales, elevan cualquier ambiente. Tambi\u00e9n los<strong> textiles ricos en textura y color<\/strong>, los papeles pintados bien seleccionados, o detalles como molduras y panelados texturados. No hace falta usar todo a la vez. El secreto est\u00e1 en dosificar, dejar que cada elemento tenga su protagonismo.<\/p>\n<p>&#13;<img loading=\"lazy\" decoding=\"async\"   src=\"https:\/\/www.europesays.com\/es\/wp-content\/uploads\/2025\/10\/salon-elegante-con-espejo-y-chimenea-clasica_966b569b_251022085104_1080x1080.webp.webp\" alt=\"Sal\u00f3n elegante con espejo y chimenea cl\u00e1sica\" class=\"lazyload\" width=\"1080\" height=\"1080\" data-aspectratio=\"1080\/1080\"\/><\/p>\n<p>&#13;&#13;Foto: Foto: Jordi Folch&#13;<\/p>\n<p><strong>\u00a1Tenemos canal de WhatsApp! Sigue toda la informaci\u00f3n sobre interiorismo, decoraci\u00f3n, dise\u00f1o, reformas y mucho m\u00e1s en el\u00a0<\/strong><strong>. \u00bfTe lo vas a perder?<\/strong><\/p>\n<p><strong>\u00bfY al contrario? \u00bfQu\u00e9 detalles arruinan un proyecto y eliminan esa sensaci\u00f3n de calidad?<\/strong><\/p>\n<p>La mala iluminaci\u00f3n artificial es <strong>uno de los errores m\u00e1s comunes: una luz demasiado fr\u00eda o c\u00e1lida<\/strong> puede arruinar el ambiente. Por otro lado, las obras mal acabadas, con defectos visibles, hacen que incluso el mejor dise\u00f1o se vea barato. Otro error com\u00fan es elegir mobiliario desproporcionado respecto al espacio. Finalmente, llenar la casa de productos &#8216;mass market&#8217; sin personalidad diluye cualquier intento de estilo.<\/p>\n<p><strong>\u00bfC\u00f3mo equilibras practicidad y sofisticaci\u00f3n en el d\u00eda a d\u00eda, especialmente con ni\u00f1os o mascotas?<\/strong><\/p>\n<p>La clave est\u00e1 en<strong> elegir bien los materiales.<\/strong> Las<strong> telas antimanchas<\/strong>, por ejemplo, pueden ser muy est\u00e9ticas sin renunciar a la funcionalidad. Los <a href=\"https:\/\/www.revistainteriores.es\/tendencias\/salones-modernos-elegantes-sofa-tendencia-2025_11237\" rel=\"nofollow noopener\" target=\"_blank\"><strong>sof\u00e1s desenfundables<\/strong><\/a>, aunque m\u00e1s dif\u00edciles de encontrar y algo m\u00e1s costosos, son una inversi\u00f3n que se agradece con el tiempo. Considero que es esencial <strong>planificar el almacenamiento<\/strong>: un armario bien distribuido en el recibidor puede evitar el desorden que suele acompa\u00f1ar la vida familiar. En cuanto a las alfombras, optar\u00eda por modelos econ\u00f3micos que se puedan renovar cada pocos a\u00f1os.<\/p>\n<p><a href=\"https:\/\/www.revistainteriores.es\/ideas-casa\/interiorista-tiene-solucion-mas-elegante-facil-para-ocultar-radiadores-casa_12203\" data-ga4_event=\"custom_event\" data-ga4_event_name=\"click_intext\" data-ga4_link_url=\"https:\/\/www.revistainteriores.es\/ideas-casa\/interiorista-tiene-solucion-mas-elegante-facil-para-ocultar-radiadores-casa_12203\" data-ga4_link_text=\"una_interiorista_tiene_la_solucion_mas_elegante_y_facil_para_ocultar_los_radiadores_de_casa\" data-ga4_content_type=\"photo\" data-ga4_element=\"related\" rel=\"nofollow noopener\" target=\"_blank\">&#13;&#13;<img loading=\"lazy\" decoding=\"async\" src=\"https:\/\/www.europesays.com\/es\/wp-content\/uploads\/2025\/10\/radiadores_971679db_251003103416_600x600.webp.webp\" alt=\"Radiadores\" class=\"lazyload\" width=\"600\" height=\"600\" data-aspectratio=\"600\/600\"\/>&#13;&#13;<\/p>\n<p class=\"epigraph\">                    &#13;Noticia relacionada<\/p>\n<p class=\"title\">Una interiorista tiene la soluci\u00f3n m\u00e1s elegante y f\u00e1cil para ocultar los radiadores de casa<\/p>\n<p><\/a><\/p>\n<p><strong>Si alguien tiene un presupuesto limitado, pero quiere que su casa parezca m\u00e1s cara, \u00bfpor d\u00f3nde deber\u00eda empezar?<\/strong><\/p>\n<p>Hay que<strong> invertir en la base<\/strong>: aquello que cuesta m\u00e1s cambiar con el tiempo. Un buen suelo &#8211; ya sea porcel\u00e1nico o de madera -, ventanas y puertas de calidad, y una cocina bien dise\u00f1ada con herrajes duraderos marcan una gran diferencia. Tampoco escatimar\u00eda en grifer\u00eda: las piezas baratas tienden a fallar y acaban saliendo m\u00e1s caras. Las cortinas, por su parte, tienen un gran impacto visual y elevan instant\u00e1neamente cualquier espacio. El mobiliario puede ser sencillo al principio; con el tiempo, se puede ir mejorando. Pero <strong>si la base es buena, todo lo dem\u00e1s suma sobre un terreno firme.<\/strong><\/p>\n","protected":false},"excerpt":{"rendered":"La elegancia no depende del tama\u00f1o ni del presupuesto, sino del equilibrio entre armon\u00eda, funcionalidad y buen gusto.&hellip;\n","protected":false},"author":2,"featured_media":203763,"comment_status":"","ping_status":"","sticky":false,"template":"","format":"standard","meta":{"footnotes":""},"categories":[173],"tags":[229,233,231,230,232,234,146,147,25,24,23],"class_list":{"0":"post-203762","1":"post","2":"type-post","3":"status-publish","4":"format-standard","5":"has-post-thumbnail","7":"category-arte-y-diseno","8":"tag-arte","9":"tag-arte-y-diseno","10":"tag-arts","11":"tag-arts-and-design","12":"tag-design","13":"tag-diseno","14":"tag-entertainment","15":"tag-entretenimiento","16":"tag-es","17":"tag-espana","18":"tag-spain"},"share_on_mastodon":{"url":"https:\/\/pubeurope.com\/@es\/115446728329376431","error":""},"_links":{"self":[{"href":"https:\/\/www.europesays.com\/es\/wp-json\/wp\/v2\/posts\/203762","targetHints":{"allow":["GET"]}}],"collection":[{"href":"https:\/\/www.europesays.com\/es\/wp-json\/wp\/v2\/posts"}],"about":[{"href":"https:\/\/www.europesays.com\/es\/wp-json\/wp\/v2\/types\/post"}],"author":[{"embeddable":true,"href":"https:\/\/www.europesays.com\/es\/wp-json\/wp\/v2\/users\/2"}],"replies":[{"embeddable":true,"href":"https:\/\/www.europesays.com\/es\/wp-json\/wp\/v2\/comments?post=203762"}],"version-history":[{"count":0,"href":"https:\/\/www.europesays.com\/es\/wp-json\/wp\/v2\/posts\/203762\/revisions"}],"wp:featuredmedia":[{"embeddable":true,"href":"https:\/\/www.europesays.com\/es\/wp-json\/wp\/v2\/media\/203763"}],"wp:attachment":[{"href":"https:\/\/www.europesays.com\/es\/wp-json\/wp\/v2\/media?parent=203762"}],"wp:term":[{"taxonomy":"category","embeddable":true,"href":"https:\/\/www.europesays.com\/es\/wp-json\/wp\/v2\/categories?post=203762"},{"taxonomy":"post_tag","embeddable":true,"href":"https:\/\/www.europesays.com\/es\/wp-json\/wp\/v2\/tags?post=203762"}],"curies":[{"name":"wp","href":"https:\/\/api.w.org\/{rel}","templated":true}]}}