{"id":203778,"date":"2025-10-27T15:08:10","date_gmt":"2025-10-27T15:08:10","guid":{"rendered":"https:\/\/www.europesays.com\/es\/203778\/"},"modified":"2025-10-27T15:08:10","modified_gmt":"2025-10-27T15:08:10","slug":"cuentas-real-oviedo-el-coste-del-ascenso-para-el-oviedo-las-primas-por-subir-descuadran-las-cuentas-con-56-millones-de-euros-en-perdidas","status":"publish","type":"post","link":"https:\/\/www.europesays.com\/es\/203778\/","title":{"rendered":"CUENTAS REAL OVIEDO | El coste del ascenso para el Oviedo: las primas por subir descuadran las cuentas, con 5,6 millones de euros en p\u00e9rdidas"},"content":{"rendered":"<p class=\"ft-text ft-helper-closenews\">El <strong>\u00e9xito deportivo del ascenso a Primera Divisi\u00f3n<\/strong> tambi\u00e9n tiene un <strong>coste importante<\/strong> para las arcas del <strong>Real Oviedo<\/strong>. El club azul gener\u00f3 <strong>unas p\u00e9rdidas de 5.578.650 euros<\/strong> la pasada temporada, seg\u00fan revelan las cuentas de la entidad. El mayor peso dentro de los gastos del club se concentra en los <strong>m\u00e1s de 16 millones de euros en plantilla deportiva<\/strong>. Sin embargo, el concepto que <strong>descuadra los n\u00fameros<\/strong> \u2014y que no exist\u00eda en cursos anteriores\u2014 es el relativo a las <strong>\u201cprimas colectivas\u201d<\/strong>, el <strong>premio econ\u00f3mico por el ascenso a Primera<\/strong>, que se eleva a <strong>4,5 millones de euros<\/strong>. Las cuentas explican, sin embargo, que el ascenso y el aumento de ingresos en Primera, dotar\u00e1n de estabilidad presupuestaria este curso, para el que se proyecto un super\u00e1vit de <strong>6,1 millones de euros<\/strong>.<\/p>\n<p class=\"ft-text\">Adem\u00e1s de las primas, el <strong>despido de Javi Calleja<\/strong> y los <strong>fichajes para reforzar la plantilla<\/strong> tambi\u00e9n son motivos de peso en el d\u00e9ficit que la junta someter\u00e1 a aprobaci\u00f3n en su junta ordinaria, costes a los que se suma <strong>la reforma del Tartiere<\/strong>.<\/p>\n<p class=\"ft-text\">El propio auditor destaca estos tres factores al explicar los n\u00fameros, apuntando que el incremento de personal deportivo se debe \u201cprincipalmente al <strong>despido e indemnizaci\u00f3n del anterior cuerpo t\u00e9cnico<\/strong>\u201d. Adem\u00e1s, \u201c<strong>se han devengado primas por ascenso<\/strong> que aumentan de forma sustancial el gasto en esta partida y <strong>se han realizado nuevas incorporaciones de jugadores no previstas inicialmente<\/strong>\u201d, posibles gracias al dinero de <strong>CVC<\/strong>. Sobre las reformas, se reconoce que \u201c<strong>las inversiones han sido superiores a las inicialmente previstas<\/strong> debido principalmente a la <strong>remodelaci\u00f3n de determinadas zonas del estadio<\/strong> y al <strong>inicio del proyecto de la nueva ciudad deportiva<\/strong>\u201d.<\/p>\n<p>Las televisiones, al rescate<\/p>\n<p class=\"ft-text\">El informe explica que, al cierre del pasado ejercicio, el <strong>Oviedo ten\u00eda fondos propios negativos de 3,3 millones de euros<\/strong>. No obstante, el auditor subraya que \u201c<strong>el ascenso a Primera Divisi\u00f3n supondr\u00e1 un incremento significativo<\/strong> en los <strong>derechos audiovisuales<\/strong>, as\u00ed como en otros ingresos de explotaci\u00f3n durante la temporada 2025\/26\u201d, lo que \u201c<strong>provocar\u00e1 la generaci\u00f3n de flujos de efecto positivo<\/strong> que <strong>restablecer\u00e1n la situaci\u00f3n financiera y patrimonial<\/strong>\u201d.<\/p>\n<p class=\"ft-text\">De hecho, el <strong>presupuesto para este curso<\/strong> prev\u00e9 un <strong>super\u00e1vit de 6.069.000 euros<\/strong>, sustentado en los <strong>43,5 millones que recibir\u00e1 el Oviedo por derechos televisivos<\/strong>. Tambi\u00e9n se proyecta un <strong>nuevo r\u00e9cord de abonados<\/strong>, con <strong>6.258.000 euros previstos<\/strong>.<\/p>\n<p>Aumento de ingresos, pero tambi\u00e9n de gastos<\/p>\n<p class=\"ft-text\">Los n\u00fameros son negativos pese a que muchos conceptos marcaron <strong>r\u00e9cords hist\u00f3ricos<\/strong>. El mayor crecimiento se ve en el <strong>ingreso por abonados<\/strong>, que alcanz\u00f3 los <strong>5.068.747 euros<\/strong>, muy por encima de los <strong>3,5 millones del curso anterior<\/strong>.<\/p>\n<p class=\"ft-text\">Tambi\u00e9n suponen ingresos destacados los de <strong>competiciones (1.972.266 euros)<\/strong>, <strong>retransmisi\u00f3n (3.039.208 euros)<\/strong>, <strong>comercializaci\u00f3n (3.035.735 euros)<\/strong> \u2014frente a los 2,2 millones del a\u00f1o anterior\u2014 o <strong>publicidad (5.780.227 euros)<\/strong>, frente a los 4,8 del curso previo.<\/p>\n<p class=\"ft-text\">En cuanto a los gastos, la <strong>plantilla deportiva<\/strong> cost\u00f3 <strong>16,7 millones de euros<\/strong> (el a\u00f1o anterior, 10,7), con un fuerte incremento en <strong>sueldos y salarios<\/strong>, que pasaron de <strong>7,4 a 9 millones<\/strong>.<\/p>\n<p class=\"ft-text\">Tambi\u00e9n pesan las <strong>indemnizaciones a jugadores (996.667 euros en 24\/25)<\/strong>. Pero el gran salto est\u00e1 en las <strong>primas colectivas<\/strong>, que ascendieron a <strong>4,5 millones<\/strong>, frente a los <strong>313.333 euros<\/strong> del curso pasado, con <strong>play-off pero sin ascenso<\/strong>.<\/p>\n<p class=\"ft-text\">Adem\u00e1s, el gasto en <strong>servicios exteriores<\/strong> creci\u00f3 de <strong>5,9 millones a casi 7<\/strong>, y el club registra <strong>599.567 euros en amortizaciones<\/strong> por fichajes de temporadas anteriores.<\/p>\n<p>La reforma del Tartiere<\/p>\n<p class=\"ft-text\">Uno de los gastos m\u00e1s destacados del curso fue la <strong>remodelaci\u00f3n parcial del Carlos Tartiere<\/strong>, centrada en la <strong>creaci\u00f3n de palcos VIP<\/strong>. El club invirti\u00f3 <strong>3.433.216,10 euros<\/strong> en este apartado.<\/p>\n<p class=\"ft-text\">La <strong>nueva tienda del Parque Principado<\/strong> y su almac\u00e9n costaron <strong>107.020 euros<\/strong>. A ello se suman el <strong>nuevo c\u00e9sped<\/strong> instalado hace dos veranos y el <strong>videomarcador<\/strong>, que supusieron <strong>1,2 millones m\u00e1s<\/strong>. Y un gasto notable, el de la \u00abimplantaci\u00f3n de una nueva valla publicitaria\u00bb, de 6,4 millones de euros.<\/p>\n<p class=\"ft-text\">Otro dato llamativo es el de <strong>mobiliario<\/strong>, que las cuentas agrupan bajo el concepto \u201c<strong>material deportivo y sillas del Carlos Tartiere<\/strong>\u201d: <strong>m\u00e1s de 230.000 euros<\/strong>.<\/p>\n<p data-close=\"closedContent\" class=\"subscribeHideForDisplay\">Suscr\u00edbete para seguir leyendo<\/p>\n","protected":false},"excerpt":{"rendered":"El \u00e9xito deportivo del ascenso a Primera Divisi\u00f3n tambi\u00e9n tiene un coste importante para las arcas del Real&hellip;\n","protected":false},"author":2,"featured_media":203779,"comment_status":"","ping_status":"","sticky":false,"template":"","format":"standard","meta":{"footnotes":""},"categories":[80],"tags":[6421,82,4897,95,94,25,24,1796,55842,3302,23,20716],"class_list":{"0":"post-203778","1":"post","2":"type-post","3":"status-publish","4":"format-standard","5":"has-post-thumbnail","7":"category-economia","8":"tag-ascenso","9":"tag-business","10":"tag-coste","11":"tag-economia","12":"tag-economy","13":"tag-es","14":"tag-espana","15":"tag-oviedo","16":"tag-primas","17":"tag-real-oviedo","18":"tag-spain","19":"tag-subir"},"share_on_mastodon":{"url":"https:\/\/pubeurope.com\/@es\/115446763107201935","error":""},"_links":{"self":[{"href":"https:\/\/www.europesays.com\/es\/wp-json\/wp\/v2\/posts\/203778","targetHints":{"allow":["GET"]}}],"collection":[{"href":"https:\/\/www.europesays.com\/es\/wp-json\/wp\/v2\/posts"}],"about":[{"href":"https:\/\/www.europesays.com\/es\/wp-json\/wp\/v2\/types\/post"}],"author":[{"embeddable":true,"href":"https:\/\/www.europesays.com\/es\/wp-json\/wp\/v2\/users\/2"}],"replies":[{"embeddable":true,"href":"https:\/\/www.europesays.com\/es\/wp-json\/wp\/v2\/comments?post=203778"}],"version-history":[{"count":0,"href":"https:\/\/www.europesays.com\/es\/wp-json\/wp\/v2\/posts\/203778\/revisions"}],"wp:featuredmedia":[{"embeddable":true,"href":"https:\/\/www.europesays.com\/es\/wp-json\/wp\/v2\/media\/203779"}],"wp:attachment":[{"href":"https:\/\/www.europesays.com\/es\/wp-json\/wp\/v2\/media?parent=203778"}],"wp:term":[{"taxonomy":"category","embeddable":true,"href":"https:\/\/www.europesays.com\/es\/wp-json\/wp\/v2\/categories?post=203778"},{"taxonomy":"post_tag","embeddable":true,"href":"https:\/\/www.europesays.com\/es\/wp-json\/wp\/v2\/tags?post=203778"}],"curies":[{"name":"wp","href":"https:\/\/api.w.org\/{rel}","templated":true}]}}