{"id":203782,"date":"2025-10-27T15:10:08","date_gmt":"2025-10-27T15:10:08","guid":{"rendered":"https:\/\/www.europesays.com\/es\/203782\/"},"modified":"2025-10-27T15:10:08","modified_gmt":"2025-10-27T15:10:08","slug":"muere-un-joven-sevillano-agredido-en-una-discoteca-de-el-puerto-de-santa-maria","status":"publish","type":"post","link":"https:\/\/www.europesays.com\/es\/203782\/","title":{"rendered":"Muere un joven sevillano agredido en una discoteca de El Puerto de Santa Mar\u00eda"},"content":{"rendered":"<p>27\/10\/2025<br \/>\n<br \/><strong><br \/>\nActualizado a las 15:18h.<br \/>\n<\/strong><\/p>\n<p class=\"voc-p\" style=\"\">Nuevo crimen con relaci\u00f3n a Sevilla, que acumula una prolongada racha de muertes violentas. En esta ocasi\u00f3n se trata<strong> del fallecimiento de un joven de unos 25 a\u00f1os de edad y residente en Sevilla, vecino del barrio nazareno de Montequinto<\/strong> seg\u00fan algunas fuentes,  &#8230; tras ser v\u00edctima de una grave agresi\u00f3n en el marco de una <strong>pelea acontecida este \u00faltimo fin de semana en una discoteca de El Puerto de Santa Mar\u00eda.<\/strong><\/p>\n<p class=\"voc-p\" style=\"\">Seg\u00fan han informado a este peri\u00f3dico fuentes de la Polic\u00eda Nacional, los hechos habr\u00edan acontecido este pasado fin de semana en las inmediaciones de una discoteca de El Puerto de Santa Mar\u00eda, donde se habr\u00eda suscitado una pelea entre j\u00f3venes, fruto de la cual un var\u00f3n de 25 a\u00f1os y vecino de la provincia de Sevilla habr\u00eda sido <strong>ingresado en un centro hospitalario como consecuencia de la gravedad de sus lesiones. <\/strong><\/p>\n<p class=\"voc-p\" style=\"\">La v\u00edctima fue derivada en un primer momento al Hospital de Puerto Real, siendo <strong>m\u00e1s tarde trasladado a un centro hospitalario de Sevilla en coma debido a las heridas sufridas<\/strong>, seg\u00fan concreta Europa Press.<\/p>\n<p class=\"voc-p\" style=\"\">Los hechos comenzaron a ser investigados por la Polic\u00eda Local de El Puerto de Santa Mar\u00eda, toda vez que finalmente <strong>ha fallecido en el hospital<\/strong> el mencionado joven v\u00edctima de una grave agresi\u00f3n.<\/p>\n<p class=\"voc-p\" style=\"\">Es por ello que se ha hecho cargo del asunto la Polic\u00eda Judicial de la Unidad de Delitos Violentos (UDEV) de la <strong>Polic\u00eda Nacional<\/strong>, que ya est\u00e1 investigando el caso, para identificar y arrestar al autor o autores de los hechos.<\/p>\n<p class=\"voc-p\" style=\"\">\u00a0<\/p>\n<p>\nArt\u00edculo solo para suscriptores\n<\/p>\n<p>Reportar un error<\/p>\n","protected":false},"excerpt":{"rendered":"27\/10\/2025 Actualizado a las 15:18h. Nuevo crimen con relaci\u00f3n a Sevilla, que acumula una prolongada racha de muertes&hellip;\n","protected":false},"author":2,"featured_media":203783,"comment_status":"","ping_status":"","sticky":false,"template":"","format":"standard","meta":{"footnotes":""},"categories":[8],"tags":[27951,17,18,11086,25,24,5992,13,14,11,1928,19,20,1932,9,10,15,16,4032,4065,11190,23,12,21,22],"class_list":{"0":"post-203782","1":"post","2":"type-post","3":"status-publish","4":"format-standard","5":"has-post-thumbnail","7":"category-espana","8":"tag-agredido","9":"tag-breaking-news","10":"tag-breakingnews","11":"tag-discoteca","12":"tag-es","13":"tag-espana","14":"tag-fallece","15":"tag-featured-news","16":"tag-featurednews","17":"tag-headlines","18":"tag-joven","19":"tag-latest-news","20":"tag-latestnews","21":"tag-maria","22":"tag-news","23":"tag-noticias","24":"tag-noticias-destacadas","25":"tag-noticiasdestacadas","26":"tag-puerto","27":"tag-santa","28":"tag-sevillano","29":"tag-spain","30":"tag-titulares","31":"tag-ultimas-noticias","32":"tag-ultimasnoticias"},"share_on_mastodon":{"url":"https:\/\/pubeurope.com\/@es\/115446770857783249","error":""},"_links":{"self":[{"href":"https:\/\/www.europesays.com\/es\/wp-json\/wp\/v2\/posts\/203782","targetHints":{"allow":["GET"]}}],"collection":[{"href":"https:\/\/www.europesays.com\/es\/wp-json\/wp\/v2\/posts"}],"about":[{"href":"https:\/\/www.europesays.com\/es\/wp-json\/wp\/v2\/types\/post"}],"author":[{"embeddable":true,"href":"https:\/\/www.europesays.com\/es\/wp-json\/wp\/v2\/users\/2"}],"replies":[{"embeddable":true,"href":"https:\/\/www.europesays.com\/es\/wp-json\/wp\/v2\/comments?post=203782"}],"version-history":[{"count":0,"href":"https:\/\/www.europesays.com\/es\/wp-json\/wp\/v2\/posts\/203782\/revisions"}],"wp:featuredmedia":[{"embeddable":true,"href":"https:\/\/www.europesays.com\/es\/wp-json\/wp\/v2\/media\/203783"}],"wp:attachment":[{"href":"https:\/\/www.europesays.com\/es\/wp-json\/wp\/v2\/media?parent=203782"}],"wp:term":[{"taxonomy":"category","embeddable":true,"href":"https:\/\/www.europesays.com\/es\/wp-json\/wp\/v2\/categories?post=203782"},{"taxonomy":"post_tag","embeddable":true,"href":"https:\/\/www.europesays.com\/es\/wp-json\/wp\/v2\/tags?post=203782"}],"curies":[{"name":"wp","href":"https:\/\/api.w.org\/{rel}","templated":true}]}}