{"id":203800,"date":"2025-10-27T15:24:15","date_gmt":"2025-10-27T15:24:15","guid":{"rendered":"https:\/\/www.europesays.com\/es\/203800\/"},"modified":"2025-10-27T15:24:15","modified_gmt":"2025-10-27T15:24:15","slug":"caen-la-promesa-dos-dias-valle-salvaje-cintora-y-aqui-la-tierra","status":"publish","type":"post","link":"https:\/\/www.europesays.com\/es\/203800\/","title":{"rendered":"caen &#8216;La Promesa&#8217; dos d\u00edas, &#8216;Valle Salvaje&#8217;, Cintora y &#8216;Aqu\u00ed la Tierra&#8217;"},"content":{"rendered":"<p class=\"article-text\">\n        <strong>RTVE <\/strong>presenta cambios importantes en su programaci\u00f3n vespertina de esta semana. <strong>La 1<\/strong> ver\u00e1 modificadas sus tardes tanto este<strong> martes 28 como el mi\u00e9rcoles 29 de octubre<\/strong> por dos eventos de distinta naturaleza, lo que dejar\u00e1 a los fans de <strong>La Promesa<\/strong> sin dos cap\u00edtulos, adem\u00e1s de la baja de<strong> Valle Salvaje<\/strong> un d\u00eda, y la de <strong>Malas lenguas<\/strong> y <strong>Aqu\u00ed la Tierra<\/strong> otro.\n    <\/p>\n<p>    <a href=\"https:\/\/www.eldiario.es\/vertele\/noticias\/buenafuente-sorprendio-berto-romero-baja-futuro-imperfecto-hay-gente-pregunta_1_12710890.html\" data-mrf-recirculation=\"saber-mas\" data-dl-event=\"saber-mas\" rel=\"nofollow noopener\" target=\"_blank\"><\/p>\n<p class=\"know-more__title\">Buenafuente sorprendi\u00f3 a Berto Romero tras ser baja en &#8216;Futuro Imperfecto&#8217;: \u00abHay gente que se pregunta d\u00f3nde est\u00e1\u00bb<\/p>\n<p>            <img decoding=\"async\" class=\"lazy\" loading=\"lazy\" data-src=\"https:\/\/static.eldiario.es\/clip\/c149bb6e-90c9-485d-a695-b84c283f09ff_16-9-aspect-ratio_default_0.jpg\" src=\"data:image\/svg+xml,%3Csvg xmlns=\" http:=\"\" viewbox=\"0 0 880 495\" alt=\"Buenafuente sorprendi\u00f3 a Berto Romero tras ser baja en 'Futuro Imperfecto': &quot;Hay gente que se pregunta d\u00f3nde est\u00e1&quot;\"\/><\/p>\n<p>                        <\/a><\/p>\n<p class=\"article-text\">\n        Empezando por este martes d\u00eda 28, la cadena p\u00fablica emitir\u00e1 en su cadena principal el partido de la <strong>Selecci\u00f3n Espa\u00f1ola <\/strong>en la<strong> Women&#8217;s Nations League <\/strong>contra Suecia, cuya previa arrancar\u00e1 a las <strong>18:40h<\/strong> antes del inicio del choque a las 19:00 horas.\n    <\/p>\n<p class=\"article-text\">\n        Por este motivo, ese d\u00eda no habr\u00e1 ni emisi\u00f3n de la serie diaria La Promesa, ni tampoco del tramo de Malas lenguas de <strong>Jes\u00fas Cintora <\/strong>en La 1. Tambi\u00e9n se cae de la parrilla Aqu\u00ed la Tierra, con <strong>Jacob Petrus<\/strong>. El \u00fanico espacio beneficiado es <strong>Directo al grano<\/strong>, que durar\u00e1 15 minutos m\u00e1s de lo habitual. Valle Salvaje, por su parte, arrancar\u00e1 tambi\u00e9n un cuarto de hora m\u00e1s tarde que de costumbre por ajustes de programaci\u00f3n.\n    <\/p>\n<p class=\"article-text\">\n        <strong>As\u00ed queda la tarde del martes 28 en La 1:<\/strong>\n    <\/p>\n<ul>\n<li>15:55 a 17:50h: Directo al grano<\/li>\n<li>17:50 a 18:40h: Valle Salvaje<\/li>\n<li>18:40 a 21:00h: Women&#8217;s Nations League<\/li>\n<\/ul>\n<p class=\"article-text\">\n        En lo que respecta al mi\u00e9rcoles 29 de octubre, La 1 se volcar\u00e1 con el primer <strong>aniversario de la DANA de Valencia<\/strong> y emitir\u00e1 en directo el <strong>Funeral de Estado <\/strong>por las v\u00edctimas. Tendr\u00e1 lugar por la tarde en la capital del Turia, entre las <strong>17:50 y las 20:00 horas<\/strong>.\n    <\/p>\n<p class=\"article-text\">\n        De este modo, la parrilla de este d\u00eda tambi\u00e9n sufrir\u00e1 cambios: de nuevo Directo al grano de Gonzalo Mir\u00f3 y Marta Flich durar\u00e1 15 minutos m\u00e1s de lo normal, mientras <strong>se caen tanto Valle Salvaje como La Promesa<\/strong>, que encadenar\u00e1 dos d\u00edas sin emisi\u00f3n.\n    <\/p>\n<p class=\"article-text\">\n        Por su parte, tanto Malas lenguas como Aqu\u00ed la Tierra recuperar\u00e1n su hueco y se emitir\u00e1n con normalidad, en el caso de <strong>Cintora con 25 minutos m\u00e1s de duraci\u00f3n <\/strong>por ajustes de programaci\u00f3n.\n    <\/p>\n<p>    <a href=\"https:\/\/www.eldiario.es\/vertele\/noticias\/supervivientes-all-stars-2-sumo-inesperada-finalista-emociono-confesiones-vitales-miri-tony-spina_1_12716374.html\" data-mrf-recirculation=\"saber-mas-abajo\" data-dl-event=\"saber-mas-abajo\" rel=\"nofollow noopener\" target=\"_blank\"><\/p>\n<p class=\"know-more__title\">&#8216;Supervivientes All Stars 2&#8217; sum\u00f3 a una inesperada finalista y emocion\u00f3 con las confesiones vitales de Miri y Tony Spina\n<\/p>\n<p>            <img decoding=\"async\" class=\"lazy\" loading=\"lazy\" data-src=\"https:\/\/static.eldiario.es\/clip\/c86c17f6-0cee-45d6-ae0c-48f777febc51_16-9-aspect-ratio_default_0.jpg\" src=\"data:image\/svg+xml,%3Csvg xmlns=\" http:=\"\" viewbox=\"0 0 880 495\" alt=\"'Supervivientes All Stars 2' sum\u00f3 a una inesperada finalista y emocion\u00f3 con las confesiones vitales de Miri y Tony Spina\"\/><\/p>\n<p>                        <\/a><\/p>\n<p class=\"article-text\">\n        <strong>As\u00ed queda la tarde del mi\u00e9rcoles 29 en La 1:<\/strong>\n    <\/p>\n<ul>\n<li>15:55 a 17:50h: Directo al grano<\/li>\n<li>17:50 a 20:00h: Funeral de Estado por las v\u00edctimas de la DANA<\/li>\n<li>19:00 a 20:30h: Malas lenguas<\/li>\n<li>20:30 a 21:00h: Aqu\u00ed la Tierra<\/li>\n<\/ul>\n","protected":false},"excerpt":{"rendered":"RTVE presenta cambios importantes en su programaci\u00f3n vespertina de esta semana. La 1 ver\u00e1 modificadas sus tardes tanto&hellip;\n","protected":false},"author":2,"featured_media":203801,"comment_status":"","ping_status":"","sticky":false,"template":"","format":"standard","meta":{"footnotes":""},"categories":[171],"tags":[3099,14154,1838,9460,960,146,147,25,24,7376,518,10527,773,23,9747,1934,214,2123],"class_list":{"0":"post-203800","1":"post","2":"type-post","3":"status-publish","4":"format-standard","5":"has-post-thumbnail","7":"category-tv","8":"tag-3099","9":"tag-caen","10":"tag-cambia","11":"tag-cintora","12":"tag-dias","13":"tag-entertainment","14":"tag-entretenimiento","15":"tag-es","16":"tag-espana","17":"tag-promesa","18":"tag-rtve","19":"tag-salvaje","20":"tag-semana","21":"tag-spain","22":"tag-tardes","23":"tag-tierra","24":"tag-tv","25":"tag-valle"},"share_on_mastodon":{"url":"https:\/\/pubeurope.com\/@es\/115446825819996956","error":""},"_links":{"self":[{"href":"https:\/\/www.europesays.com\/es\/wp-json\/wp\/v2\/posts\/203800","targetHints":{"allow":["GET"]}}],"collection":[{"href":"https:\/\/www.europesays.com\/es\/wp-json\/wp\/v2\/posts"}],"about":[{"href":"https:\/\/www.europesays.com\/es\/wp-json\/wp\/v2\/types\/post"}],"author":[{"embeddable":true,"href":"https:\/\/www.europesays.com\/es\/wp-json\/wp\/v2\/users\/2"}],"replies":[{"embeddable":true,"href":"https:\/\/www.europesays.com\/es\/wp-json\/wp\/v2\/comments?post=203800"}],"version-history":[{"count":0,"href":"https:\/\/www.europesays.com\/es\/wp-json\/wp\/v2\/posts\/203800\/revisions"}],"wp:featuredmedia":[{"embeddable":true,"href":"https:\/\/www.europesays.com\/es\/wp-json\/wp\/v2\/media\/203801"}],"wp:attachment":[{"href":"https:\/\/www.europesays.com\/es\/wp-json\/wp\/v2\/media?parent=203800"}],"wp:term":[{"taxonomy":"category","embeddable":true,"href":"https:\/\/www.europesays.com\/es\/wp-json\/wp\/v2\/categories?post=203800"},{"taxonomy":"post_tag","embeddable":true,"href":"https:\/\/www.europesays.com\/es\/wp-json\/wp\/v2\/tags?post=203800"}],"curies":[{"name":"wp","href":"https:\/\/api.w.org\/{rel}","templated":true}]}}