{"id":203811,"date":"2025-10-27T15:31:14","date_gmt":"2025-10-27T15:31:14","guid":{"rendered":"https:\/\/www.europesays.com\/es\/203811\/"},"modified":"2025-10-27T15:31:14","modified_gmt":"2025-10-27T15:31:14","slug":"cuentas-real-oviedo-otras-curiosidades-de-las-cuentas-del-oviedo-el-club-ya-invierte-en-la-ciudad-deportiva-de-la-belga-y-abre-la-posibilidad-de-explotar-los-bajos-del-tartiere","status":"publish","type":"post","link":"https:\/\/www.europesays.com\/es\/203811\/","title":{"rendered":"CUENTAS REAL OVIEDO | Otras curiosidades de las cuentas del Oviedo: el club ya invierte en la ciudad deportiva de La Belga y abre la posibilidad de explotar los bajos del Tartiere"},"content":{"rendered":"<p class=\"ft-text ft-helper-closenews\">Los <strong>accionistas del Real Oviedo<\/strong> ya pueden acceder a las cuentas de la entidad, <a class=\"ft-link ft-link--decoration\" href=\"https:\/\/www.lne.es\/real-oviedo\/2025\/10\/27\/coste-ascenso-oviedo-primas-subir-123060527.html\" rel=\"nofollow noopener\" target=\"_blank\">que desvelan los n\u00fameros de la pasada campa\u00f1a, la del ascenso, con un d\u00e9ficit pronunciado de 5,6 millones de euros, basado en las primas por ascenso (4,5 millones), el despido de Calleja y las reformas en el Tartiere, pero que presupuestan un super\u00e1vit de 6,1 millones.<\/a> Adem\u00e1s, hay muchos detalles en las cuentas, como por ejemplo que el club ya ha empezado a <strong>invertir en la pr\u00f3xima ciudad deportiva<\/strong>, que tiene dise\u00f1ada en <strong>La Belga (Siero)<\/strong>.<\/p>\n<p>El dinero de CVC y la nueva ciudad deportiva<\/p>\n<p class=\"ft-text\">Las cuentas presentadas a los accionistas explican que el <strong>club azul<\/strong> ya ha accedido a <strong>7,8 millones de euros<\/strong> del pr\u00e9stamo de <strong>CVC<\/strong> ofrecido por <strong>LaLiga<\/strong> y que a\u00fan puede optar a <strong>6.456.249,43 euros m\u00e1s<\/strong>, que el club parece reservarse para la <strong>financiaci\u00f3n de la futura ciudad deportiva<\/strong>, como ya ha admitido en otras ocasiones. Es el <strong>gran proyecto del Grupo Pachuca<\/strong> en Oviedo de cara al futuro.<\/p>\n<p class=\"ft-text\">Precisamente, las cuentas ya hablan de algunos <strong>gastos sobre los terrenos de Siero<\/strong>. Dentro del concepto \u201c<strong>instalaciones t\u00e9cnicas en montaje<\/strong>\u201d, que se eleva a <strong>308.638,52 euros<\/strong>, se habla en las cuentas de \u201ctrabajos en curso para la sustituci\u00f3n del <strong>Carlos Tartiere<\/strong>, de nuevo <strong>almac\u00e9n de tienda<\/strong> e <strong>inicio de implantaci\u00f3n de la nueva ciudad deportiva<\/strong>\u201d, sin especificar qu\u00e9 parte de esos m\u00e1s de 300.000 euros se destina a cada objetivo.<\/p>\n<p class=\"ft-text\">El <strong>auditor<\/strong> indica en su informe que \u201clas <strong>inversiones del ejercicio<\/strong>\u201d, en referencia a la pasada temporada, \u201chan sido superiores a las inicialmente previstas debido principalmente a la <strong>remodelaci\u00f3n de determinadas zonas del Tartiere<\/strong> y el <strong>inicio del proyecto de la nueva ciudad deportiva<\/strong>\u201d.<\/p>\n<p>Las marcas y los bajos del Tartiere<\/p>\n<p class=\"ft-text\">Otro aspecto que resalta en el informe es que recoge la <strong>ampliaci\u00f3n de la cesi\u00f3n de uso del Carlos Tartiere hasta 2040<\/strong>, algo que ya se conoc\u00eda, pero tambi\u00e9n abre la posibilidad de que el club <strong>explote comercialmente los bajos del estadio<\/strong>. \u201cLa cesi\u00f3n contempla la casi totalidad del citado bien, reserv\u00e1ndose el <strong>Ayuntamiento<\/strong> el uso de determinadas dependencias. En relaci\u00f3n con la superficie de los bajos, se prev\u00e9 en el acuerdo de concesi\u00f3n que pueda ser explotada juntamente con el Estadio por la sociedad directamente o a trav\u00e9s de terceros\u201d, aclara.<\/p>\n<p>Retribuciones al consejo y pastel accionarial<\/p>\n<p class=\"ft-text\">Las cuentas tambi\u00e9n cifran en <strong>241.437,21 euros<\/strong> los \u201c<strong>sueldos, dietas y otras remuneraciones<\/strong>\u201d del <strong>consejo de administraci\u00f3n<\/strong>, pr\u00e1cticamente la misma cifra del curso anterior. Y cifra en <strong>59,97%<\/strong> el poder accionarial del <strong>Grupo Pachuca<\/strong> y en <strong>15,45%<\/strong> el del <strong>Grupo Carso<\/strong>.<\/p>\n<p data-close=\"closedContent\" class=\"subscribeHideForDisplay\">Suscr\u00edbete para seguir leyendo<\/p>\n","protected":false},"excerpt":{"rendered":"Los accionistas del Real Oviedo ya pueden acceder a las cuentas de la entidad, que desvelan los n\u00fameros&hellip;\n","protected":false},"author":2,"featured_media":203812,"comment_status":"","ping_status":"","sticky":false,"template":"","format":"standard","meta":{"footnotes":""},"categories":[80],"tags":[82,1798,10305,3045,95,94,25,24,25134,1796,3302,23,28976],"class_list":{"0":"post-203811","1":"post","2":"type-post","3":"status-publish","4":"format-standard","5":"has-post-thumbnail","7":"category-economia","8":"tag-business","9":"tag-club","10":"tag-cuentas","11":"tag-curiosidades","12":"tag-economia","13":"tag-economy","14":"tag-es","15":"tag-espana","16":"tag-invierte","17":"tag-oviedo","18":"tag-real-oviedo","19":"tag-spain","20":"tag-tartiere"},"share_on_mastodon":{"url":"https:\/\/pubeurope.com\/@es\/115446853689057785","error":""},"_links":{"self":[{"href":"https:\/\/www.europesays.com\/es\/wp-json\/wp\/v2\/posts\/203811","targetHints":{"allow":["GET"]}}],"collection":[{"href":"https:\/\/www.europesays.com\/es\/wp-json\/wp\/v2\/posts"}],"about":[{"href":"https:\/\/www.europesays.com\/es\/wp-json\/wp\/v2\/types\/post"}],"author":[{"embeddable":true,"href":"https:\/\/www.europesays.com\/es\/wp-json\/wp\/v2\/users\/2"}],"replies":[{"embeddable":true,"href":"https:\/\/www.europesays.com\/es\/wp-json\/wp\/v2\/comments?post=203811"}],"version-history":[{"count":0,"href":"https:\/\/www.europesays.com\/es\/wp-json\/wp\/v2\/posts\/203811\/revisions"}],"wp:featuredmedia":[{"embeddable":true,"href":"https:\/\/www.europesays.com\/es\/wp-json\/wp\/v2\/media\/203812"}],"wp:attachment":[{"href":"https:\/\/www.europesays.com\/es\/wp-json\/wp\/v2\/media?parent=203811"}],"wp:term":[{"taxonomy":"category","embeddable":true,"href":"https:\/\/www.europesays.com\/es\/wp-json\/wp\/v2\/categories?post=203811"},{"taxonomy":"post_tag","embeddable":true,"href":"https:\/\/www.europesays.com\/es\/wp-json\/wp\/v2\/tags?post=203811"}],"curies":[{"name":"wp","href":"https:\/\/api.w.org\/{rel}","templated":true}]}}