{"id":203813,"date":"2025-10-27T15:32:10","date_gmt":"2025-10-27T15:32:10","guid":{"rendered":"https:\/\/www.europesays.com\/es\/203813\/"},"modified":"2025-10-27T15:32:10","modified_gmt":"2025-10-27T15:32:10","slug":"la-jueza-pide-a-la-comision-de-investigacion-de-la-dana-el-listado-de-llamadas-de-mazon","status":"publish","type":"post","link":"https:\/\/www.europesays.com\/es\/203813\/","title":{"rendered":"La jueza pide a la comisi\u00f3n de investigaci\u00f3n de la dana el listado de llamadas de Maz\u00f3n"},"content":{"rendered":"<p class=\"time\" data-init=\"1761570341\">\n        14:05 h\n    <\/p>\n<p>        <a class=\"title\" href=\"https:\/\/www.infolibre.es\/politica\/trump-llega-japon-reunirse-primera-ministra-firmar-acuerdos-malasia_6_2087351_1043348.html\" rel=\"nofollow noopener\" target=\"_blank\"><br \/>\n                        La jueza pide a la comisi\u00f3n de investigaci\u00f3n de la dana el listado de llamadas de Maz\u00f3n<br \/>\n        <\/a><\/p>\n<p class=\"article-text\">\n        La magistrada de Catarroja que instruye la causa de la dana del 29 de octubre de 2024 ha acordado solicitar a Les Corts Valencianes el listado de llamadas del president de la Generalitat, Carlos Maz\u00f3n, de ese d\u00eda que ha remitido Presidencia de la Generalitat a la comisi\u00f3n de investigaci\u00f3n sobre la dana del Parlamento valenciano.\n    <\/p>\n<p class=\"article-text\">\n        Esta solicitud se produce antes de la testifical, el pr\u00f3ximo 3 de noviembre, de Maribel Vilaplana, la periodista que comi\u00f3 con Maz\u00f3n ese d\u00eda, y se justifica por la instructora en que \u00abel listado de llamadas que se pretende recabar se trata de un documento p\u00fablico\u00bb tras haber sido enviado a Les Corts, seg\u00fan han informado este lunes fuentes judiciales.\n    <\/p>\n<p class=\"article-text\">\n        La jueza tambi\u00e9n requiere nuevamente a la Sociedad Valenciana de Gesti\u00f3n Integral de los Servicios de Emergencias (SGISE) para que diga si existen otras grabaciones del d\u00eda de la dana, y reclama otra vez a la productora de televisi\u00f3n contratada por la Conselleria de Emergencias que remita los v\u00eddeos originales correspondientes a las grabaciones ya aportadas.\n    <\/p>\n<p class=\"article-text\">\n        Asimismo, ordena a una empresa de teleasistencia que conserve las grabaciones de llamadas y comunicaciones con fallecidos por la dana que eran usuarios del servicio de teleasistencia y remita al \u00f3rgano judicial para incorporar a la investigaci\u00f3n, previo consentimiento de sus familiares, las relativas a seis v\u00edctimas mortales.\u00a0\n    <\/p>\n<p class=\"time\" data-init=\"1761568922\">\n        13:42 h\n    <\/p>\n<p>        <a class=\"title\" href=\"https:\/\/www.infolibre.es\/politica\/trump-llega-japon-reunirse-primera-ministra-firmar-acuerdos-malasia_6_2087351_1043347.html\" rel=\"nofollow noopener\" target=\"_blank\"><br \/>\n                        Sumar pedir\u00e1 en el Congreso un plan de reparaci\u00f3n para las v\u00edctimas de los cribados<br \/>\n        <\/a><\/p>\n<p class=\"article-text\">\n        El Grupo Parlamentario Sumar ha registrado este lunes una iniciativa en el Congreso de los Diputados para exigir una evaluaci\u00f3n de la magnitud de los problemas en la gesti\u00f3n del cribado del c\u00e1ncer de mama en Andaluc\u00eda y que se ponga en marcha un plan de atenci\u00f3n y reparaci\u00f3n de las mujeres v\u00edctimas.\n    <\/p>\n<p class=\"article-text\">\n        Un d\u00eda despu\u00e9s de la protesta frente al Palacio de San Telmo en Sevilla en la que participaron miles de personas, Sumar ha llevado al Registro del Congreso una proposici\u00f3n no de ley para instar al Gobierno a que impulse, en coordinaci\u00f3n con la Junta de Andaluc\u00eda, un plan integral para garantizar la atenci\u00f3n preferente, el apoyo psicosocial a las pacientes afectadas y el refuerzo de los canales de acompa\u00f1amiento y reclamaci\u00f3n.\n    <\/p>\n<p class=\"article-text\">\n        En la iniciativa tambi\u00e9n se plantea que el Gobierno env\u00ede un requerimiento formal e inmediato a la Junta de Andaluc\u00eda sobre los indicadores del programa de cribado del c\u00e1ncer de mama y promover la actualizaci\u00f3n de las recomendaciones de este programa en el seno de la Ponecia de Cribado Poblacional de la Comisi\u00f3n de Salud P\u00fablica del Consejo Interterritorial, de forma que atienda a los criterios europeos.\n    <\/p>\n<p class=\"article-text\">\n        Desde Sumar se pretende asimismo que se mejoren los indicadores de listas de espera diagn\u00f3sticas y que se cree un sistema de informaci\u00f3n de cribados poblacionales del Sistema Nacional de Salud, de modo que se conozca la evoluci\u00f3n de dichos programas y se analice la influencia de los determinantes de la salud en el acceso al cribado.\n    <\/p>\n<p class=\"time\" data-init=\"1761568831\">\n        13:40 h\n    <\/p>\n<p>        <a class=\"title\" href=\"https:\/\/www.infolibre.es\/politica\/trump-llega-japon-reunirse-primera-ministra-firmar-acuerdos-malasia_6_2087351_1043346.html\" rel=\"nofollow noopener\" target=\"_blank\"><br \/>\n                        JxCat decide por unanimidad romper con el PSOE<br \/>\n        <\/a><\/p>\n<p class=\"article-text\">\n        La reuni\u00f3n de la ejecutiva de JxCat en Perpi\u00f1\u00e1n ha finalizado pasadas las 13:20 horas de este lunes, en la que se ha llegado a un acuerdo por \u00abunanimidad\u00bb sobre si el partido rompe o no sus acuerdos con el PSOE.\n    <\/p>\n<p class=\"article-text\">\n        A la reuni\u00f3n de este lunes le precedi\u00f3 una ayer de la permanente del partido, en la que el l\u00edder de Junts, Carles Puigdemont, traslad\u00f3 a la permanente de JxCat su propuesta, y hoy ha hecho lo propio con la ejecutiva, que la ha avalado por \u00abunanimidad\u00bb.\n    <\/p>\n<p class=\"article-text\">\n        Est\u00e1 previsto que a las 17:00 horas de hoy, JxCat ofrezca una comparecencia de prensa para anunciar p\u00fablicamente su decisi\u00f3n final y los pasos a seguir desde este momento, con una consulta a la militancia como una de las posibilidades que est\u00e1n encima de la mesa.\n    <\/p>\n<p class=\"time\" data-init=\"1761567052\">\n        13:10 h\n    <\/p>\n<p>        <a class=\"title\" href=\"https:\/\/www.infolibre.es\/politica\/trump-llega-japon-reunirse-primera-ministra-firmar-acuerdos-malasia_6_2087351_1043345.html\" rel=\"nofollow noopener\" target=\"_blank\"><br \/>\n                        Israel levanta el estado de emergencia en el sur del pa\u00eds tras m\u00e1s de dos a\u00f1os<br \/>\n        <\/a><\/p>\n<p class=\"article-text\">\n        El ministro de Defensa israel\u00ed, Israel Katz, anunci\u00f3 este lunes que, a partir de ma\u00f1ana, queda levantado el estado de emergencia que se declar\u00f3 en el sur del pa\u00eds el 7 de octubre de 2023, cuando Ham\u00e1s lanz\u00f3 sus ataques contra esta zona en los que mat\u00f3 a 1.200 personas y secuestr\u00f3 a otras 251.\n    <\/p>\n<p class=\"article-text\">\n        \u00abHe decidido adoptar la recomendaci\u00f3n de las Fuerzas de Defensa de Israel (FDI) y eliminar, por primera vez desde el 7 de octubre, la situaci\u00f3n especial en el frente interno\u00bb, declar\u00f3 Katz en un comunicado difundido por medios locales.\n    <\/p>\n<p class=\"article-text\">\n        A\u00f1adi\u00f3 que \u00abla decisi\u00f3n refleja la nueva realidad de seguridad en el sur del pa\u00eds, lograda gracias a las acciones decididas y contundentes de nuestras heroicas tropas contra la organizaci\u00f3n terrorista Ham\u00e1s durante los \u00faltimos dos a\u00f1os\u00bb.\n    <\/p>\n<p class=\"article-text\">\n        La orden expira ma\u00f1ana, martes, y ya no habr\u00e1 una \u00absituaci\u00f3n especial\u00bb en el sur de Israel, la zona en la que milicianos de las milicias gazat\u00edes con Ham\u00e1s a la cabeza se infiltraron el 7 de octubre de 2023.\n    <\/p>\n<p class=\"time\" data-init=\"1761566210\">\n        12:56 h\n    <\/p>\n<p>        <a class=\"title\" href=\"https:\/\/www.infolibre.es\/politica\/trump-llega-japon-reunirse-primera-ministra-firmar-acuerdos-malasia_6_2087351_1043344.html\" rel=\"nofollow noopener\" target=\"_blank\"><br \/>\n                        Bustinduy pide ampliar la moratoria de desahucios y avisa de que los abusos saldr\u00e1n muy caros<br \/>\n        <\/a><\/p>\n<p class=\"article-text\">\n        El ministro de Derechos Sociales, Consumo y Agenda 2030, Pablo Bustinduy, se ha mostrado este lunes partidario de aprobar una moratoria de los desahucios y, tras la propuesta de sanci\u00f3n a Alquiler Seguro, ha advertido de que los abusos en el mercado de la vivienda se van a pagar \u00abmuy caros\u00bb.\n    <\/p>\n<p class=\"article-text\">\n        En declaraciones a los medios antes de reunirse con el Observatori DESCA, que presenta un informe sobre cl\u00e1usulas y pr\u00e1cticas abusivas en los contratos de alquiler y compraventa de vivienda, el ministro ha reconocido que las herramientas de protecci\u00f3n que hay en Espa\u00f1a para garantizar los derechos de los inquilinos son insuficientes.\n    <\/p>\n<p class=\"article-text\">\n        Aunque hay que hacer m\u00e1s, ha asegurado que lo que existe debe ser prorrogado, en alusi\u00f3n a la moratoria de desahucios reclamada por DESCA.\n    <\/p>\n<p class=\"article-text\">\n        \u00abQuiero enviar un mensaje muy claro a los fondos buitre, a las grandes inmobiliarias sin escr\u00fapulos, a los grandes propietarios y a esa clase rentista que se est\u00e1n lucrando a costa del derecho constitucional a la vivienda, tambi\u00e9n a las administraciones p\u00fablicas del PP que se niegan a aplicar la Ley de Vivienda (&#8230;) los abusos en el mercado de la vivienda se van a pagar muy caros\u00bb, ha avisado.\n    <\/p>\n<p class=\"time\" data-init=\"1761565819\">\n        12:50 h\n    <\/p>\n<p>        <a class=\"title\" href=\"https:\/\/www.infolibre.es\/politica\/trump-llega-japon-reunirse-primera-ministra-firmar-acuerdos-malasia_6_2087351_1043343.html\" rel=\"nofollow noopener\" target=\"_blank\"><br \/>\n                        Rechazada la querella de Manos Limpias contra la jueza de la dana por prevaricaci\u00f3n<br \/>\n        <\/a><\/p>\n<p class=\"article-text\">\n        El Tribunal Superior de Justicia de la Comunitat Valenciana (TSJCV) ha desestimado la querella interpuesta por Manos Limpias contra la jueza de Catarroja que instruye la causa de la dana del 29 de octubre de 2024 por prevaricaci\u00f3n judicial, al entender que los hechos relatados en la misma no son constitutivos de delito.\n    <\/p>\n<p class=\"article-text\">\n        La Sala de lo Civil y Penal del TSJCV no aprecia indicios de delito de prevaricaci\u00f3n en la actuaci\u00f3n de la instructora Nuria Ruiz Tobarra por haber dictado diferentes autos en los que, entre otras cosas, limit\u00f3 el ejercicio de la acci\u00f3n penal a la organizaci\u00f3n querellante y dej\u00f3 finalmente sin efecto su personaci\u00f3n en el procedimiento.\n    <\/p>\n<p class=\"article-text\">\n        Seg\u00fan han informado este lunes fuentes del TSJCV, tampoco concurre, a juicio de la Sala, el delito de coacciones que alegaban los querellantes en su escrito interpuesto el pasado mes de junio, sobre el que la Fiscal\u00eda hab\u00eda propuesto que se desestimara.\u00a0\n    <\/p>\n<p class=\"time\" data-init=\"1761565628\">\n        12:47 h\n    <\/p>\n<p>        <a class=\"title\" href=\"https:\/\/www.infolibre.es\/politica\/trump-llega-japon-reunirse-primera-ministra-firmar-acuerdos-malasia_6_2087351_1043342.html\" rel=\"nofollow noopener\" target=\"_blank\"><br \/>\n                        Tribunales de 85 pa\u00edses se re\u00fanen en Madrid en la Conferencia de Justicia Constitucional<br \/>\n        <\/a><\/p>\n<p class=\"article-text\">\n        Representantes de tribunales y cortes de 85 pa\u00edses todos los continente se re\u00fanen esta semana en Madrid en la VI Conferencia Mundial de Justicia Constitucional bajo el t\u00edtulo \u00abLos derechos humanos de las generaciones futuras\u00bb.\n    <\/p>\n<p class=\"article-text\">\n        Con el Tribunal Constitucional (TC) espa\u00f1ol como anfitri\u00f3n se celebrar\u00e1 en el pabell\u00f3n 12 de IFEMA de Madrid entre el martes y el jueves, cuando ser\u00e1 clausurada por el rey de Espa\u00f1a.\n    <\/p>\n<p class=\"article-text\">\n        Su objetivo es defender y promover el Estado de derecho, la democracia y la jurisdicci\u00f3n constitucional para impulsar estrategias s\u00f3lidas que garanticen un futuro sostenible y justo, informa el TC.\n    <\/p>\n<p class=\"article-text\">\n        La conferencia abordar\u00e1 los retos intergeneracionales en materia de preservaci\u00f3n de los recursos naturales y del patrimonio cultural de la humanidad, el medio ambiente y el cambio clim\u00e1tico, el acceso al conocimiento cient\u00edfico y a las nuevas tecnolog\u00edas y la independencia de los tribunales constitucionales.\n    <\/p>\n<p class=\"time\" data-init=\"1761565182\">\n        12:39 h\n    <\/p>\n<p>        <a class=\"title\" href=\"https:\/\/www.infolibre.es\/politica\/trump-llega-japon-reunirse-primera-ministra-firmar-acuerdos-malasia_6_2087351_1043341.html\" rel=\"nofollow noopener\" target=\"_blank\"><br \/>\n                        Abren nuevo juicio oral contra el maltratador que se cambi\u00f3 de g\u00e9nero y le piden tres a\u00f1os<br \/>\n        <\/a><\/p>\n<p class=\"article-text\">\n        La titular del juzgado de instrucci\u00f3n n\u00famero 15 de Sevilla ha acordado la apertura de juicio oral contra Candy, la persona que se cambi\u00f3 de g\u00e9nero tras ser condenada por violencia de g\u00e9nero hacia su pareja y que ahora tendr\u00e1 que responder a una petici\u00f3n de pena de tres a\u00f1os de prisi\u00f3n por supuestas nuevas agresiones.\n    <\/p>\n<p class=\"article-text\">\n        Seg\u00fan se recoge en el auto de la jueza, al que ha tenido acceso EFE, contra Candy, por parte de la Fiscal\u00eda, se han presentado escritos\u00a0por tres delitos de maltrato familiar y un delito de amenazas en el \u00e1mbito familiar, con agravante de reincidencia en el segundo.\n    <\/p>\n<p class=\"article-text\">\n        Por su parte, la acusaci\u00f3n particular, que representa el bufete SIRES Abogados, formula contra \u00e9l una acusaci\u00f3n de un delito de maltrato dom\u00e9stico con agravante de comisi\u00f3n en presencia de menores y un delito de amenazas graves, igualmente en presencia de los hijos de ambos.\n    <\/p>\n<p class=\"article-text\">\n        Tanto la Fiscal\u00eda como la acusaci\u00f3n coinciden en pedir, por el primer delito, una pena de prisi\u00f3n de 12 meses, la prohibici\u00f3n de aproximarse a la v\u00edctima y a sus hijos menores a\u00a0una distancia inferior a 500\u00a0metros, y de comunicarse con\u00a0ellos por cualquier medio, durante tres a\u00f1os.\n    <\/p>\n<p class=\"time\" data-init=\"1761565072\">\n        12:37 h\n    <\/p>\n<p>        <a class=\"title\" href=\"https:\/\/www.infolibre.es\/politica\/trump-llega-japon-reunirse-primera-ministra-firmar-acuerdos-malasia_6_2087351_1043340.html\" rel=\"nofollow noopener\" target=\"_blank\"><br \/>\n                        19 ni\u00f1os gazat\u00edes llegan a Espa\u00f1a para ser tratados en hospitales<br \/>\n        <\/a><\/p>\n<p class=\"article-text\">\n        Diecinueve ni\u00f1os palestinos y 73 acompa\u00f1antes llegaron a Madrid tras ser evacuados de la Franja de Gaza para ser atendidos en hospitales espa\u00f1oles, confirm\u00f3 este lunes el Ministerio de Defensa.\n    <\/p>\n<p class=\"article-text\">\n        Los menores son pacientes de traumatolog\u00eda con lesiones causadas por los ataques israel\u00edes, de oncolog\u00eda y hematolog\u00eda, con cardiopat\u00edas cong\u00e9nitas, dolencias neurol\u00f3gicas, oftalmol\u00f3gicas o nefrol\u00f3gicas.\n    <\/p>\n<p class=\"article-text\">\n        Tras llegar a la base \u00e1rea de Torrej\u00f3n (Madrid), ser\u00e1n trasladados a hospitales de varias regiones.\n    <\/p>\n<p class=\"article-text\">\n        Los pacientes, de ambos sexos, y los acompa\u00f1antes fueron trasladados hasta la frontera entre Israel y Jordania, donde las autoridades israel\u00edes los entregaron a un equipo del Ministerio de Sanidad espa\u00f1ol encabezado por la ministra M\u00f3nica Garc\u00eda, con la participaci\u00f3n de personal m\u00e9dico.\n    <\/p>\n<p class=\"time\" data-init=\"1761563273\">\n        12:07 h\n    <\/p>\n<p>        <a class=\"title\" href=\"https:\/\/www.infolibre.es\/politica\/trump-llega-japon-reunirse-primera-ministra-firmar-acuerdos-malasia_6_2087351_1043339.html\" rel=\"nofollow noopener\" target=\"_blank\"><br \/>\n                        Rusia afirma haber tomado tres localidades ucranianas en Zaporiyia y Dnipropetrovsk<br \/>\n        <\/a><\/p>\n<p class=\"article-text\">\n        Las fuerzas rusas tomaron tres localidades ucranianas en las regiones de Zaporiyia y Dnipropetrovsk, como parte de los esfuerzos para capturar el importante basti\u00f3n ucraniano de Hulyaipole, seg\u00fan inform\u00f3 hoy el Ministerio de Defensa ruso.\n    <\/p>\n<p class=\"article-text\">\n        \u00abLas unidades de la agrupaci\u00f3n militar Vostok (Oriente) penetraron en las defensas enemigas y liberaron las localidades de Novonikol\u00e1ivka y Privolne de la regi\u00f3n de Zaporiyia, as\u00ed como Yegorivka, de la regi\u00f3n de Dnipropetrovsk\u00bb, indic\u00f3 el mando ruso en su parte de guerra diario publicado en Telegram.\n    <\/p>\n<p class=\"article-text\">\n        Las fuerzas rusas avanzan en este sector con el fin de atacar por la retaguardia las l\u00edneas de defensa ucranianas en la anexionada regi\u00f3n de Zaporiyia y presionar Huliaipole desde el sur y el este.\n    <\/p>\n<p class=\"article-text\">\n        Estos esfuerzos se suman a los avances en las ciudades de K\u00fapiansk (J\u00e1rkov) y Pokrovsk (Donetsk), que las fuerzas rusas lograron cercar este fin de semana con el objetivo de hacerse con el control desde el norte y el sur de las dos principales plazas fuertes del ej\u00e9rcito ucraniano en el Donb\u00e1s: Sloviansk y Kramatorsk.\n    <\/p>\n<p class=\"time\" data-init=\"1761561769\">\n        11:42 h\n    <\/p>\n<p>        <a class=\"title\" href=\"https:\/\/www.infolibre.es\/politica\/trump-llega-japon-reunirse-primera-ministra-firmar-acuerdos-malasia_6_2087351_1043338.html\" rel=\"nofollow noopener\" target=\"_blank\"><br \/>\n                        Tres heridos muy graves en explosi\u00f3n en una planta de residuos sanitarios en Socu\u00e9llamos<br \/>\n        <\/a><\/p>\n<p class=\"article-text\">\n        Tres personas han resultado heridas muy graves en una explosi\u00f3n registrada este lunes en una empresa de tratamiento de residuos sanitarios en Socu\u00e9llamos (Ciudad Real).\n    <\/p>\n<p class=\"article-text\">\n        El servicio de emergencias 112 de Castilla-La Mancha ha informado a EFE de que la explosi\u00f3n se ha registrado a las 8:51 horas de este lunes en una empresa ubicada en la calle Dinamarca del pol\u00edgono industrial El Llano por motivos que a\u00fan se desconocen y que, hasta el momento, ha causado tres heridos muy graves, ya que a\u00fan se desconoce si ha habido m\u00e1s afectados.\n    <\/p>\n<p class=\"article-text\">\n        Uno de los heridos, un hombre de 58 a\u00f1os ha sido trasladado en al Hospital de Albacete, mientras que los otros dos tambi\u00e9n han sido derivados a otros centros hospitalarios en helic\u00f3pteros medicalizados.\n    <\/p>\n<p class=\"article-text\">\n        De hecho, hasta el lugar del suceso se han desplazado dos helic\u00f3pteros medicalizados, una UVI, una ambulancia de soporte vital, un m\u00e9dico de urgencias, agentes de la Polic\u00eda Local y de la Guardia Civil.\n    <\/p>\n<p class=\"time\" data-init=\"1761561623\">\n        11:40 h\n    <\/p>\n<p>        <a class=\"title\" href=\"https:\/\/www.infolibre.es\/politica\/trump-llega-japon-reunirse-primera-ministra-firmar-acuerdos-malasia_6_2087351_1043337.html\" rel=\"nofollow noopener\" target=\"_blank\"><br \/>\n                        Koldo Garc\u00eda pide indagar si se le investig\u00f3 irregularmente en una causa de hidrocarburos<br \/>\n        <\/a><\/p>\n<p class=\"article-text\">\n        El exasesor ministerial Koldo Garc\u00eda ha pedido al Tribunal Supremo que indague si la Guardia Civil le investig\u00f3 de manera prospectiva, con acceso a bases de datos policiales, en el llamado caso Gaslow, sobre un presunto fraude del IVA de hidrocarburos, que se remonta a 2021.\n    <\/p>\n<p class=\"article-text\">\n        La defensa de Koldo Garc\u00eda ha dirigido un nuevo escrito al juez Leopoldo Puente, al que ha tenido acceso EFE, en el que le reclama que solicite a la Guardia Civil un \u00abinforme de auditor\u00eda\u00bb con las fechas en las que se habr\u00eda accedido a bases de datos policiales u otras fuentes de informaci\u00f3n sobre el exasesor.\n    <\/p>\n<p class=\"article-text\">\n        La abogada Leticia de la Hoz quiere saber qu\u00e9 agentes efectuaron dichas visualizaciones para tratar de acreditar \u00absi ha existido o no una investigaci\u00f3n de car\u00e1cter prospectivo\u00bb contra Koldo Garc\u00eda.\n    <\/p>\n<p class=\"article-text\">\n        Porque, seg\u00fan explica, en el denominado caso Gaslow que investiga el juez de la Audiencia Nacional Santiago Pedraz \u00abse han encontrado conversaciones de WhatsApp\u00bb entre el capit\u00e1n de la Guardia Civil Juan Vicente Bonilla, hoy gerente de Seguridad Corporativa del Servicio Madrile\u00f1o de Salud, y un confidente preguntando sobre Koldo Garc\u00eda, al que alud\u00edan como \u00abKoldo del PSOE\u00bb.\n    <\/p>\n<p class=\"time\" data-init=\"1761559185\">\n        10:59 h\n    <\/p>\n<p>        <a class=\"title\" href=\"https:\/\/www.infolibre.es\/politica\/trump-llega-japon-reunirse-primera-ministra-firmar-acuerdos-malasia_6_2087351_1043336.html\" rel=\"nofollow noopener\" target=\"_blank\"><br \/>\n                        Abascal felicita a Milei por su \u00abrotunda\u00bb victoria en las legislativas de Argentina<br \/>\n        <\/a><\/p>\n<p class=\"article-text\">\n        El l\u00edder de Vox, Santiago Abascal, ha felicitado este lunes al presidente de Argentina, Javier Milei, por la \u00abhist\u00f3rica y rotunda\u00bb victoria de su partido en las elecciones legislativas del pa\u00eds suramericano.\n    <\/p>\n<p class=\"article-text\">\n        Una victoria que demuestra \u00abel amplio respaldo del pueblo argentino\u00bb a las pol\u00edticas de Milei frente al \u00abglobalismo, la mentira y la izquierda criminal\u00bb, seg\u00fan ha escrito Abascal en un mensaje en la red social X.\n    <\/p>\n<p class=\"article-text\">\n        El presidente argentino, Javier Milei, ha obtenido este domingo un fuerte respaldo electoral en unos comicios legislativos que le permitieron conseguir apoyos clave en el Congreso para avanzar con sus reformas y profundizar el plan de ajuste que impulsa desde diciembre de 2023.\n    <\/p>\n<p class=\"article-text\">\n        Su partido, La Libertad Avanza (LLA), ha logrado m\u00e1s del 40 % de los votos y ha aumentado de forma significativa su representaci\u00f3n en el Congreso: pasa de 37 a 93 esca\u00f1os en la C\u00e1mara de Diputados -sobre un total de 257- y de seis a 19 bancas en el Senado -sobre un total de 72-.\n    <\/p>\n<p class=\"time\" data-init=\"1761558570\">\n        10:49 h\n    <\/p>\n<p>        <a class=\"title\" href=\"https:\/\/www.infolibre.es\/politica\/trump-llega-japon-reunirse-primera-ministra-firmar-acuerdos-malasia_6_2087351_1043335.html\" rel=\"nofollow noopener\" target=\"_blank\"><br \/>\n                        Pilar Alegr\u00eda relevar\u00e1 a Guillermo Fern\u00e1ndez Vara en la Ejecutiva del PSOE<br \/>\n        <\/a><\/p>\n<p class=\"article-text\">\n        La ministra y secretaria general de los socialistas aragoneses, Pilar Alegr\u00eda, relevar\u00e1 al expresidente extreme\u00f1o Guillermo Fern\u00e1ndez Vara, fallecido el pasado d\u00eda 5, como secretaria de pol\u00edtica auton\u00f3mica en la Ejecutiva del PSOE, seg\u00fan fuentes del partido.\n    <\/p>\n<p class=\"article-text\">\n        La propuesta, realizada por el presidente del Gobierno y secretario general socialista, Pedro S\u00e1nchez, ser\u00e1 votada en la reuni\u00f3n de la Ejecutiva de este lunes en Ferraz donde, previsiblemente, se confirmar\u00e1 en el cargo a Alegr\u00eda.\n    <\/p>\n<p class=\"article-text\">\n        La portavoz del Gobierno y ministra de Educaci\u00f3n, Formaci\u00f3n Profesional y Deportes conservar\u00e1 adem\u00e1s su puesto como vocal de la direcci\u00f3n, que pose\u00eda desde la \u00faltima remodelaci\u00f3n de este \u00f3rgano en el congreso federal de Sevilla del pasado a\u00f1o.\n    <\/p>\n<p class=\"time\" data-init=\"1761558444\">\n        10:47 h\n    <\/p>\n<p>        <a class=\"title\" href=\"https:\/\/www.infolibre.es\/politica\/trump-llega-japon-reunirse-primera-ministra-firmar-acuerdos-malasia_6_2087351_1043334.html\" rel=\"nofollow noopener\" target=\"_blank\"><br \/>\n                        El PSOE afronta con \u00abmuch\u00edsima tranquilidad\u00bb la reuni\u00f3n de Junts sobre la legislatura<br \/>\n        <\/a><\/p>\n<p class=\"article-text\">\n        La portavoz adjunta del PSOE, Enma L\u00f3pez, ha asegurado este lunes que su formaci\u00f3n afronta con \u00abmuch\u00edsima tranquilidad\u00bb la reuni\u00f3n de Junts de hoy sobre el futuro de la legislatura.\n    <\/p>\n<p class=\"article-text\">\n        En declaraciones a la prensa a su llegada a la reuni\u00f3n de la Ejecutiva socialista, L\u00f3pez se ha referido a la relaci\u00f3n del Ejecutivo con el partido de Carles Puigdemont y a la reuni\u00f3n de la formaci\u00f3n independentista de este lunes en Perpi\u00f1\u00e1n donde decidir\u00e1n si convocan una consulta entre sus militantes para que se pronuncien sobre si mantienen su apoyo parlamentario al Gobierno de Pedro S\u00e1nchez.\n    <\/p>\n<p class=\"article-text\">\n        L\u00f3pez ha reiterado la tranquilidad del PSOE ante esta cita de Junts en Francia y ha subrayado que sea cual sea la decisi\u00f3n de los de Puigdemont, los socialistas la respetar\u00e1n.\n    <\/p>\n<p class=\"article-text\">\n        Asimismo, ha subrayado que el PSOE est\u00e1 en el Gobierno para mejorar la vida de la ciudadan\u00eda, algo que, ha dicho, demuestran \u00abcada d\u00eda\u00bb.\n    <\/p>\n<p class=\"time\" data-init=\"1761557950\">\n        10:39 h\n    <\/p>\n<p>        <a class=\"title\" href=\"https:\/\/www.infolibre.es\/politica\/trump-llega-japon-reunirse-primera-ministra-firmar-acuerdos-malasia_6_2087351_1043333.html\" rel=\"nofollow noopener\" target=\"_blank\"><br \/>\n                        Arabia Saud\u00ed se acerca a su r\u00e9cord de ejecuciones tras aplicar una nueva pena capital<br \/>\n        <\/a><\/p>\n<p class=\"article-text\">\n        Las autoridades saud\u00edes ejecutaron este lunes a una persona tras haber sido condenada por \u00abterrorismo\u00bb, entre otros cargos, con lo que suman ya 302 los ajusticiados en lo que va de a\u00f1o y se acercan a los 345 de 2024, un r\u00e9cord en el pa\u00eds desde que hay registros.\n    <\/p>\n<p class=\"article-text\">\n        La ejecuci\u00f3n se llev\u00f3 a cabo en la regi\u00f3n Oriental, en el este de Arabia Saud\u00ed, despu\u00e9s de que se ratificara el fallo del condenado a muerte por \u00abcometer delitos terroristas, incluidos disparar contra personal de seguridad y veh\u00edculos, participar en secuestros y asesinatos y ocultar a autores de esos cr\u00edmenes\u00bb, seg\u00fan el Ministerio del Interior saud\u00ed.\n    <\/p>\n<p class=\"article-text\">\n        Tambi\u00e9n fue sentenciado por \u00abposeer, transportar y contrabandear armas y explosivos con fines terroristas y unirse a una organizaci\u00f3n terrorista extranjera que tiene como objetivo da\u00f1ar la seguridad y la protecci\u00f3n del reino\u00bb del pa\u00eds del golfo P\u00e9rsico.\n    <\/p>\n<p class=\"article-text\">\n        El departamento no detall\u00f3 cu\u00e1ndo fue detenido este ciudadano ni cu\u00e1ndo atent\u00f3 contra el personal de seguridad.\n    <\/p>\n<p class=\"time\" data-init=\"1761555974\">\n        10:06 h\n    <\/p>\n<p>        <a class=\"title\" href=\"https:\/\/www.infolibre.es\/politica\/trump-llega-japon-reunirse-primera-ministra-firmar-acuerdos-malasia_6_2087351_1043332.html\" rel=\"nofollow noopener\" target=\"_blank\"><br \/>\n                        La dana de Valencia fue un 12% m\u00e1s intensa por el cambio clim\u00e1tico, seg\u00fan un estudio<br \/>\n        <\/a><\/p>\n<p class=\"article-text\">\n        La devastadora dana del 29 de octubre de 2024 en la provincia de Valencia fue un 12 por ciento m\u00e1s intensa a causa del calentamiento global provocado por las emisiones de gases de efecto invernadero emitidos a la atm\u00f3sfera, inducidos por el hombre.\n    <\/p>\n<p class=\"article-text\">\n        Esta es una de las principales conclusiones de un informe con el t\u00edtulo \u00abLas lluvias extremas aumentan en el sureste de Espa\u00f1a a medida que las emisiones de combustibles f\u00f3siles calientan el clima\u00bb, publicado por la World Weather Attribution, un foro de colaboraci\u00f3n de cient\u00edficos expertos en el impacto del cambio clim\u00e1tico.\n    <\/p>\n<p class=\"article-text\">\n        En \u00e9l se expone que la dana que golpe\u00f3 Valencia y que caus\u00f3 229 fallecidos (el n\u00famero m\u00e1s alto de v\u00edctimas mortales por inundaci\u00f3n en Europa desde 1967) fue el 12 por ciento m\u00e1s intensa y el doble de probable que en un periodo preindustrial, cuando esta zona del planeta estaba 1,3 grados cent\u00edgrados menos caliente porque no se hab\u00edan emitido a la atm\u00f3sfera la ingente cantidad de gases de efecto invernadero durante los \u00faltimos dos siglos.\n    <\/p>\n<p class=\"article-text\">\n        El estudio recuerda que existe la evidencia cient\u00edfica de que una atm\u00f3sfera m\u00e1s c\u00e1lida puede retener m\u00e1s humedad, lo que seg\u00fan la ecuaci\u00f3n de Clausius-Clapeyron conlleva que un grado cent\u00edgrado de calentamiento implica un aumento en la capacidad de almacenaje de vapor de agua del 7 por ciento, y por tanto un aumento en agua disponible para las precipitaciones.\n    <\/p>\n<p class=\"time\" data-init=\"1761555720\">\n        10:02 h\n    <\/p>\n<p>        <a class=\"title\" href=\"https:\/\/www.infolibre.es\/politica\/trump-llega-japon-reunirse-primera-ministra-firmar-acuerdos-malasia_6_2087351_1043331.html\" rel=\"nofollow noopener\" target=\"_blank\"><br \/>\n                        Illa espera que Junts decida hoy con \u00absensatez\u00bb: \u00abLa alternativa es involucionista\u00bb<br \/>\n        <\/a><\/p>\n<p class=\"article-text\">\n        El presidente catal\u00e1n, Salvador Illa, ha dicho que espera que Junts tome este lunes una decisi\u00f3n sobre sus relaciones con el Gobierno de Pedro S\u00e1nchez con \u00absensatez\u00bb y \u00absentido com\u00fan\u00bb y \u00abpensando antes que nada en los intereses de los catalanes\u00bb, ya que \u00abla alternativa es involucionista\u00bb.\n    <\/p>\n<p class=\"article-text\">\n        \u00abLas cosas no son como nos gustar\u00eda que fueran, son como son (&#8230;) No hacemos pol\u00edtica en un mundo ideal, sino con alternativas\u00bb, ha sostenido Illa al ser preguntado sobre la cuesti\u00f3n en declaraciones a 2Cat, de RTVE.\n    <\/p>\n<p class=\"article-text\">\n        El jefe del ejecutivo catal\u00e1n ha defendido que el Gobierno presidido por S\u00e1nchez es \u00abpositivo para Espa\u00f1a y positivo para Catalu\u00f1a\u00bb y ha se\u00f1alado que la alternativa, que representan PP y Vox, es \u00abinvolucionista, de ir hacia atr\u00e1s, regresiva\u00bb.\n    <\/p>\n<p class=\"article-text\">\n        Ha afirmado que el Ejecutivo central ha cumplido con los compromisos sellados con Junts en \u00abtodo lo que depend\u00eda\u00bb de \u00e9l.\n    <\/p>\n<p class=\"time\" data-init=\"1761555150\">\n        09:52 h\n    <\/p>\n<p>        <a class=\"title\" href=\"https:\/\/www.infolibre.es\/politica\/trump-llega-japon-reunirse-primera-ministra-firmar-acuerdos-malasia_6_2087351_1043330.html\" rel=\"nofollow noopener\" target=\"_blank\"><br \/>\n                        El Gobierno aprueba ma\u00f1ana la reforma legal que atribuye al fiscal la investigaci\u00f3n penal<br \/>\n        <\/a><\/p>\n<p class=\"article-text\">\n        \u00a0El Consejo de Ministros tiene previsto aprobar este martes el proyecto de Ley de Enjuiciamiento Criminal (Loecrim), una reforma que atribuye las investigaciones penales a los fiscales y deja fuera de las acusaciones populares a partidos pol\u00edticos, sindicatos o asociaciones vinculadas a ellos, adem\u00e1s de reformar el estatuto del Ministerio Fiscal.\n    <\/p>\n<p class=\"article-text\">\n        Fuentes del Gobierno han informado a EFE de que el objetivo es que, una vez aprobada, la Loecrim entre en vigor el 1 de enero de 2028, por lo que no afectar\u00e1 a ning\u00fan procedimiento iniciado antes de esa fecha ni al actual fiscal general del Estado, \u00c1lvaro Garc\u00eda Ortiz, cuyo segundo y \u00faltimo mandato finaliza en 2027.\n    <\/p>\n<p class=\"article-text\">\n        El proyecto que el Gobierno remitir\u00e1 ahora al Congreso para su tramitaci\u00f3n parlamentaria se basa en las propuestas elaboradas durante los \u00faltimos 15 a\u00f1os y cuenta con dict\u00e1menes favorables del Consejo General del Poder Judicial (CGPJ) y del Consejo de Estado, indican las mismas fuentes.\n    <\/p>\n","protected":false},"excerpt":{"rendered":"14:05 h La jueza pide a la comisi\u00f3n de investigaci\u00f3n de la dana el listado de llamadas de&hellip;\n","protected":false},"author":2,"featured_media":203814,"comment_status":"","ping_status":"","sticky":false,"template":"","format":"standard","meta":{"footnotes":""},"categories":[42],"tags":[22365,17,18,13,14,7706,11,61,62,63,64,3564,19,20,5012,18497,1740,9,10,15,16,1078,34952,12,936,21,22,65,66,67],"class_list":{"0":"post-203813","1":"post","2":"type-post","3":"status-publish","4":"format-standard","5":"has-post-thumbnail","7":"category-internacional","8":"tag-acuerdos","9":"tag-breaking-news","10":"tag-breakingnews","11":"tag-featured-news","12":"tag-featurednews","13":"tag-firmar","14":"tag-headlines","15":"tag-internacional","16":"tag-international","17":"tag-international-news","18":"tag-internationalnews","19":"tag-japon","20":"tag-latest-news","21":"tag-latestnews","22":"tag-llega","23":"tag-malasia","24":"tag-ministra","25":"tag-news","26":"tag-noticias","27":"tag-noticias-destacadas","28":"tag-noticiasdestacadas","29":"tag-primera","30":"tag-reunirse","31":"tag-titulares","32":"tag-trump","33":"tag-ultimas-noticias","34":"tag-ultimasnoticias","35":"tag-world","36":"tag-world-news","37":"tag-worldnews"},"share_on_mastodon":{"url":"https:\/\/pubeurope.com\/@es\/115446857415097867","error":""},"_links":{"self":[{"href":"https:\/\/www.europesays.com\/es\/wp-json\/wp\/v2\/posts\/203813","targetHints":{"allow":["GET"]}}],"collection":[{"href":"https:\/\/www.europesays.com\/es\/wp-json\/wp\/v2\/posts"}],"about":[{"href":"https:\/\/www.europesays.com\/es\/wp-json\/wp\/v2\/types\/post"}],"author":[{"embeddable":true,"href":"https:\/\/www.europesays.com\/es\/wp-json\/wp\/v2\/users\/2"}],"replies":[{"embeddable":true,"href":"https:\/\/www.europesays.com\/es\/wp-json\/wp\/v2\/comments?post=203813"}],"version-history":[{"count":0,"href":"https:\/\/www.europesays.com\/es\/wp-json\/wp\/v2\/posts\/203813\/revisions"}],"wp:featuredmedia":[{"embeddable":true,"href":"https:\/\/www.europesays.com\/es\/wp-json\/wp\/v2\/media\/203814"}],"wp:attachment":[{"href":"https:\/\/www.europesays.com\/es\/wp-json\/wp\/v2\/media?parent=203813"}],"wp:term":[{"taxonomy":"category","embeddable":true,"href":"https:\/\/www.europesays.com\/es\/wp-json\/wp\/v2\/categories?post=203813"},{"taxonomy":"post_tag","embeddable":true,"href":"https:\/\/www.europesays.com\/es\/wp-json\/wp\/v2\/tags?post=203813"}],"curies":[{"name":"wp","href":"https:\/\/api.w.org\/{rel}","templated":true}]}}