{"id":203815,"date":"2025-10-27T15:33:09","date_gmt":"2025-10-27T15:33:09","guid":{"rendered":"https:\/\/www.europesays.com\/es\/203815\/"},"modified":"2025-10-27T15:33:09","modified_gmt":"2025-10-27T15:33:09","slug":"la-jueza-investiga-las-llamadas-de-mazon-del-dia-de-la-dana","status":"publish","type":"post","link":"https:\/\/www.europesays.com\/es\/203815\/","title":{"rendered":"La jueza investiga las llamadas de Maz\u00f3n del d\u00eda de la dana"},"content":{"rendered":"<p class=\"article-text\">\n        La jueza de la dana sigue de cerca los pasos del president Carlos Maz\u00f3n. La magistrada de la causa, <a href=\"https:\/\/www.eldiario.es\/comunitat-valenciana\/nuria-ruiz-tobarra-jueza-estrecha-cerco-mazon-gestion-dana_1_12716202.html\" target=\"_blank\" data-mrf-recirculation=\"links-noticia\" class=\"link\" rel=\"nofollow noopener\">Nuria Ruiz Tobarra<\/a>, ha pedido a las Corts Valencianes la lista de llamadas de Maz\u00f3n el d\u00eda de la cat\u00e1strofe del pasado 29 de octubre, que se sald\u00f3 con 229 fallecidos. Se trata de una iniciativa de la propia instructora que no parte de ninguna solicitud de diligencia de las partes personadas en el procedimiento. La magistrada, en un auto dictado este lunes, indica sucintamente en el apartado de hechos: \u201cSe ha tenido conocimiento de que por Presidencia de la Generalitat Valenciana se ha remitido un listado de llamadas del sr. Carlos Maz\u00f3n Guixot del d\u00eda 29 de octubre de 2024, a la comisi\u00f3n de investigaci\u00f3n de la dana de Les Corts\u201d.\n    <\/p>\n<p>    <a href=\"https:\/\/www.eldiario.es\/comunitat-valenciana\/nuria-ruiz-tobarra-jueza-estrecha-cerco-mazon-gestion-dana_1_12716202.html\" data-mrf-recirculation=\"saber-mas\" data-dl-event=\"saber-mas\" rel=\"nofollow noopener\" target=\"_blank\"><\/p>\n<p class=\"know-more__title\">Nuria Ruiz Tobarra, la jueza que estrecha el cerco a Maz\u00f3n por la gesti\u00f3n de la dana<\/p>\n<p>            <img decoding=\"async\" class=\"lazy\" loading=\"lazy\" data-src=\"https:\/\/static.eldiario.es\/clip\/31791b33-5151-40c7-a036-c6bbe6b853c0_16-9-aspect-ratio_default_0.jpg\" src=\"data:image\/svg+xml,%3Csvg xmlns=\" http:=\"\" viewbox=\"0 0 880 495\" alt=\"Nuria Ruiz Tobarra, la jueza que estrecha el cerco a Maz\u00f3n por la gesti\u00f3n de la dana\"\/><\/p>\n<p>                        <\/a><\/p>\n<p class=\"article-text\">\n        La resoluci\u00f3n justifica la decisi\u00f3n en un aspecto muy relevante que rese\u00f1aba el <a href=\"https:\/\/www.eldiario.es\/comunitat-valenciana\/testigo-maribel-vilaplana-vuelco-causa-dana-abre-rendija-investigar-comida-mazon-ventorro_129_12708257.html\" target=\"_blank\" data-mrf-recirculation=\"links-noticia\" class=\"link\" rel=\"nofollow noopener\">auto de la secci\u00f3n segunda de la Audiencia Provincial de Valencia<\/a>, que acord\u00f3 el pasado 23 de octubre que se citara a Maribel Vilaplana a declarar como testigo: Maz\u00f3n \u201costenta la condici\u00f3n de m\u00e1xima autoridad de la Generalitat Valenciana y presidente del Consell\u201d.\n    <\/p>\n<p class=\"article-text\">\n        Por tanto, el aforado \u201ctiene atribuidas (&#8230;) funciones directivas y de coordinaci\u00f3n, de forma que puede impartir instrucciones a los miembros del Consell\u201d.\n    <\/p>\n<p class=\"article-text\">\n        Para la magistrada, \u201cresulta igualmente preciso determinar y cuadrar los posibles comentarios que pudiera haber efectuado el President sobre c\u00f3mo iba avanzando la reuni\u00f3n del Cecopi, qu\u00e9 informaci\u00f3n manejaban los que en ella participaban, y por qu\u00e9 se actu\u00f3 del modo en que se hizo, tal y como expresaba el referido auto de la Audiencia Provincial, con el concreto momento en que se produjeron\u201d.\n    <\/p>\n<p>    El \u201can\u00e1lisis de la toma de decisiones\u201d en el Cecopi<\/p>\n<p class=\"article-text\">\n        Adem\u00e1s, la jueza tambi\u00e9n se escuda en que se trata de un \u201cdocumento p\u00fablico\u201d remitido por Presidencia a la comisi\u00f3n de investigaci\u00f3n de la c\u00e1mara auton\u00f3mica.\n    <\/p>\n<p class=\"article-text\">\n        La instructora enmarca la decisi\u00f3n en la necesidad de establecer el \u201can\u00e1lisis en el proceso de toma de decisiones\u201d en la reuni\u00f3n del centro de Coordinaci\u00f3n Operativa Integrado (Cecopi) y \u201cen el espec\u00edfico an\u00e1lisis del env\u00edo de la alerta a la poblaci\u00f3n\u201d. As\u00ed, \u201cresulta pertinente el estudio de las llamadas que pudieron cruzarse\u201d la exconsellera Salom\u00e9 Pradas, investigada en la causa, y el president Maz\u00f3n, que ostenta la condici\u00f3n de aforado.\n    <\/p>\n<p class=\"article-text\">\n        La jueza recuerda que la propia Pradas aport\u00f3 voluntariamente un acta notarial que incluye las llamadas con el jefe del Consell el d\u00eda de la cat\u00e1strofe (tambi\u00e9n las fallidas).\n    <\/p>\n<p>    Los videos del Cecopi<\/p>\n<p class=\"article-text\">\n        Por otro lado, la magistrada ha pedido a la Sociedad Valenciana de Gesti\u00f3n Integral de Servicios de Emergencias (SGISE) que manifieste que \u201csi existen otras grabaciones del d\u00eda 29 de octubre de 2024\u201d, tras ciertos desfases en las im\u00e1genes aportadas que detect\u00f3 una de las acusaciones populares.\n    <\/p>\n<p>    <a href=\"https:\/\/www.eldiario.es\/comunitat-valenciana\/mazon-documental-investiga-gran-incognita-dana_1_12708389.html?utm_source=noticia&amp;utm_campaign=mazon&amp;utm_medium=subtitulo\" data-mrf-recirculation=\"saber-mas-abajo\" data-dl-event=\"saber-mas-abajo\" rel=\"nofollow noopener\" target=\"_blank\"><\/p>\n<p class=\"know-more__title\">El documental de elDiario.es que investiga la gran inc\u00f3gnita del d\u00eda de la dana<\/p>\n<p>            <\/a><\/p>\n<p class=\"article-text\">\n        Adem\u00e1s, tambi\u00e9n pide a la productora externa contratada por Emergencias que remita los \u201cvideos originales \u201d en los que \u201cconste la hora real en la que fue grabado\u201d cada uno, \u201co en su caso, explique a qu\u00e9 obedece el desfase horario que se ha constatado\u201d.\n    <\/p>\n","protected":false},"excerpt":{"rendered":"La jueza de la dana sigue de cerca los pasos del president Carlos Maz\u00f3n. La magistrada de la&hellip;\n","protected":false},"author":2,"featured_media":203816,"comment_status":"","ping_status":"","sticky":false,"template":"","format":"standard","meta":{"footnotes":""},"categories":[8],"tags":[517,2206,1705,17,18,3965,242,25,24,13,14,11,1667,19,20,9,10,15,16,1925,23,12,21,22,235],"class_list":{"0":"post-203815","1":"post","2":"type-post","3":"status-publish","4":"format-standard","5":"has-post-thumbnail","7":"category-espana","8":"tag-actualidad","9":"tag-alicante","10":"tag-analisis","11":"tag-breaking-news","12":"tag-breakingnews","13":"tag-castellon","14":"tag-comunidad-valenciana","15":"tag-es","16":"tag-espana","17":"tag-featured-news","18":"tag-featurednews","19":"tag-headlines","20":"tag-informacion","21":"tag-latest-news","22":"tag-latestnews","23":"tag-news","24":"tag-noticias","25":"tag-noticias-destacadas","26":"tag-noticiasdestacadas","27":"tag-opinion","28":"tag-spain","29":"tag-titulares","30":"tag-ultimas-noticias","31":"tag-ultimasnoticias","32":"tag-valencia"},"share_on_mastodon":{"url":"https:\/\/pubeurope.com\/@es\/115446861438364677","error":""},"_links":{"self":[{"href":"https:\/\/www.europesays.com\/es\/wp-json\/wp\/v2\/posts\/203815","targetHints":{"allow":["GET"]}}],"collection":[{"href":"https:\/\/www.europesays.com\/es\/wp-json\/wp\/v2\/posts"}],"about":[{"href":"https:\/\/www.europesays.com\/es\/wp-json\/wp\/v2\/types\/post"}],"author":[{"embeddable":true,"href":"https:\/\/www.europesays.com\/es\/wp-json\/wp\/v2\/users\/2"}],"replies":[{"embeddable":true,"href":"https:\/\/www.europesays.com\/es\/wp-json\/wp\/v2\/comments?post=203815"}],"version-history":[{"count":0,"href":"https:\/\/www.europesays.com\/es\/wp-json\/wp\/v2\/posts\/203815\/revisions"}],"wp:featuredmedia":[{"embeddable":true,"href":"https:\/\/www.europesays.com\/es\/wp-json\/wp\/v2\/media\/203816"}],"wp:attachment":[{"href":"https:\/\/www.europesays.com\/es\/wp-json\/wp\/v2\/media?parent=203815"}],"wp:term":[{"taxonomy":"category","embeddable":true,"href":"https:\/\/www.europesays.com\/es\/wp-json\/wp\/v2\/categories?post=203815"},{"taxonomy":"post_tag","embeddable":true,"href":"https:\/\/www.europesays.com\/es\/wp-json\/wp\/v2\/tags?post=203815"}],"curies":[{"name":"wp","href":"https:\/\/api.w.org\/{rel}","templated":true}]}}