{"id":203831,"date":"2025-10-27T15:45:30","date_gmt":"2025-10-27T15:45:30","guid":{"rendered":"https:\/\/www.europesays.com\/es\/203831\/"},"modified":"2025-10-27T15:45:30","modified_gmt":"2025-10-27T15:45:30","slug":"los-secretos-del-interior-del-edificio-cecili-metel-tras-15-anos-de-silencio","status":"publish","type":"post","link":"https:\/\/www.europesays.com\/es\/203831\/","title":{"rendered":"Los secretos del interior del edificio Cecili Metel tras 15 a\u00f1os de silencio"},"content":{"rendered":"<p>Mientras pasa desapercibido para la mayor\u00eda de <strong>transe\u00fantes<\/strong>, en el coraz\u00f3n de <strong>Palma<\/strong> aguarda sobre un bloque de cemento un fragmento de historia hasta ahora ignorado. A las afueras del <strong>Cecili Metel<\/strong> los \u00e1rboles permanecen con vida. Dentro, <strong>huele a cerrado, a escombros, como si la \u00fanica vida que quedara fuese la del recuerdo<\/strong>. Entre carteles descoloridos, calendarios que fechan 2010 (a\u00f1o de su \u00faltimo cierre), restos de cables y electrodom\u00e9sticos, la neblina y la luz se filtran por las pocas ventanas no tapiadas y por las que adem\u00e1s se cuelan algunas palomas.<\/p>\n<p><img loading=\"lazy\" decoding=\"async\" src=\"https:\/\/www.europesays.com\/es\/wp-content\/uploads\/2025\/10\/3532583.jpg\" border=\"0\" alt=\"TA211025002.jpg\" width=\"2048\" height=\"1366\"\/>&#13;<br \/>\nEscombros que guarda una de las antiguas salas. Foto: T.A.&#13;<\/p>\n<p>Por las paredes, en los pasillos y las escalares pueden vislumbrarse los a\u00f1os no tan lejanos de toda una generaci\u00f3n de palmesanos y palmesanas que, mientras estuvo abierto como antigua sede de la <a href=\"https:\/\/www.ultimahora.es\/etiqueta\/Conselleria+de+Salut.html?utm_source=Inline-tag&amp;utm_medium=internal\" rel=\"nofollow noopener\" target=\"_blank\">Conselleria de Salut<\/a> acud\u00edan a vacunarse, a las prueba de audici\u00f3n o se les hac\u00edan la prueba del talon.<br \/>\u00ab<strong>Es un edificio muy querido por la gente de Palma, tiene algo de hogar colectivo, de memoria compartida. Todos los palmesanos, de una forma u otra, han pasado alguna vez por aqu\u00ed<\/strong>\u00bb, expresa la arquitecta responsable del proyecto,<strong> Ana Pilar<\/strong>.<\/p>\n<p>Origen e Historia<\/p>\n<p>El edificio comenz\u00f3 a levantarse en la d\u00e9cada de los <strong>a\u00f1os treinta del siglo XX<\/strong>, ya que la Diputaci\u00f3n Provincial de Baleares buscaba un espacio propio para el reci\u00e9n creado Instituto Provincial de Higiene. Su inauguraci\u00f3n, el<strong> 7 de mayo de 1936<\/strong>, dos meses antes del <strong>Golpe de Estado el 18 de julio<\/strong>, fue celebrada por la prensa local, entre ellas Ultima Hora, como un triunfo de la ciencia y la modernidad.<\/p>\n<p><img loading=\"lazy\" decoding=\"async\" src=\"https:\/\/www.europesays.com\/es\/wp-content\/uploads\/2025\/10\/3532587.jpg\" border=\"0\" alt=\"TA211025010.jpg\" width=\"2048\" height=\"1366\"\/>&#13;<br \/>\nAntigua sala donde se pon\u00edan las vacunas a la poblaci\u00f3n. Foto: T.A.&#13;<\/p>\n<p>Durante el franquismo, pas\u00f3 a ser Instituto Provincial de Sanidad, y d\u00e9cadas despu\u00e9s, <strong>sede de la Conselleria de Salut<\/strong> hasta su cierre en <strong>2015<\/strong> por<strong> riesgo estructural<\/strong>. Desde entonces, la fachada racionalista atribuida al arquitecto Josep Alomar a\u00fan corona el escudo de la Segunda Rep\u00fablica. Emblema del silencio durante los \u00faltimos quince a\u00f1os, se posa como s\u00edmbolo de historia y resistencia, testigo de los \u00faltimos instantes de la <strong>Segunda Rep\u00fablica, de la <a href=\"https:\/\/www.ultimahora.es\/etiqueta\/Guerra+Civil.html?utm_source=Inline-tag&amp;utm_medium=internal\" rel=\"nofollow noopener\" target=\"_blank\">Guerra Civil<\/a>, de la represi\u00f3n franquista y del resurgir democr\u00e1tico<\/strong> que devolvi\u00f3 la voz a las calles.<\/p>\n<p>Catalogado como futura sede de varios departamentos sanitarios, la reforma consistir\u00e1 en la demolici\u00f3n del interior del edificio, ya que como sostiene la arquitecta, Pilar, \u00ab<strong>la estructura ha agotado su vida y no aguanta m\u00e1s<\/strong>\u00bb. Seg\u00fan informa se va a mantener el volumen, la fachada exterior y la zona ajardinada del exterior, la cual se extender\u00e1 y se incluir\u00e1 vegetaci\u00f3n aut\u00f3ctona propia del mediterr\u00e1neo. El equipo de arquitectos ha pensado en el detalle de marcar en el futuro jard\u00edn del conjunto hist\u00f3rico, catalogado con grado de protecci\u00f3n B, la identificaci\u00f3n del fragmento de muralla encontrada mediante una fina l\u00ednea met\u00e1lica grabada con la inscripci\u00f3n: \u2018<strong>Por aqu\u00ed pasa la antigua muralla de Palma<\/strong>\u2019.<\/p>\n<p><img loading=\"lazy\" decoding=\"async\" src=\"https:\/\/www.europesays.com\/es\/wp-content\/uploads\/2025\/10\/3532593.jpg\" border=\"0\" alt=\"TA211025006.jpg\" width=\"2048\" height=\"1366\"\/>&#13;<br \/>\nPersonal de seguridad en el t\u00fanel del refugio antia\u00e9reo. Foto: T.A.&#13;<\/p>\n<p>Pero sin duda, la gran experiencia se halla en el <strong><a href=\"https:\/\/www.ultimahora.es\/etiqueta\/refugio+antia%C3%A9reo.html?utm_source=Inline-tag&amp;utm_medium=internal\" rel=\"nofollow noopener\" target=\"_blank\">refugio antia\u00e9reo<\/a><\/strong> que a\u00fan conserva las instalaciones el\u00e9ctricas originales, los cables y bombillas que iluminaron aquel pasillo, pudiendo imaginar los d\u00edas oscuros que los refugiados pasaron. \u00ab<strong>Solo limpiaremos y a\u00f1adiremos una iluminaci\u00f3n m\u00ednima, lo justo para que se pueda recorrer sin linterna<\/strong>\u00bb, declara. As\u00ed y todo, el final del t\u00fanel del refugio despierta inquietud, pues en \u00e9l se encuentra un pozo de ventilaci\u00f3n de m\u00e1s de trece metros que hoy se encuentra parcialmente colapsado pero que como informa Pilar, \u00ab<strong>ser\u00e1 restaurado para devolverle su funci\u00f3n original y permitir que el aire vuelva a circular bajo tierra<\/strong>\u00bb.<\/p>\n<p>S\u00edmbolo de resistencia<\/p>\n<p>Tambi\u00e9n, se conservan el escudo de la Segunda Rep\u00fablica y los restos de la antigua muralla. \u00ab<strong>Aqu\u00ed se encontraba uno de los bastiones de la antigua muralla de Palma<\/strong>. Se rellen\u00f3 con tierra para poder construir encima, pero el terreno nunca tuvo la resistencia suficiente\u00bb, detalla. Por ello, Pilar explica que hay que reforzar la cimentaci\u00f3n mediante el sistema de micropilotaje, cilindros de hormig\u00f3n que alcanzan la capa resistente del terreno, a unos quince metros de profundidad.<\/p>\n<p><img loading=\"lazy\" decoding=\"async\" src=\"https:\/\/www.europesays.com\/es\/wp-content\/uploads\/2025\/10\/3532585.jpg\" border=\"0\" alt=\"TA211025030.jpg\" width=\"2048\" height=\"1366\"\/>&#13;<br \/>\nEscudo de la segunda rep\u00fablica en la fachada.&#13;<\/p>\n<p>En cuanto al interior, la idea es realizar una estructura completamente nueva con <strong>ascensores, rampas, contraincendios<\/strong>, etc. que cumplan la normativa vigente. Asimismo, otra de las novedades a\u00f1adidas son los criterios de eficiencia energ\u00e9tica con placas fotovoltaicas y un sistema de geotermia que aprovechar\u00e1 la energ\u00eda del subsuelo, buscando un consumo casi nulo, todo siguiendo la metodolog\u00eda BIM (Building Information Modeling) para la creaci\u00f3n y gesti\u00f3n de datos durante su ciclo de vida mediante un modelo 3D.<\/p>\n<p>Igualmente, el objetivo es que los<strong> 3.220 metros cuadrados<\/strong> que ocupa la parcela puedan ser recorridos por los residentes. Por ello, una de las intenciones es organizar visitas para acceder al refugio antia\u00e9reo o a los jardines.<\/p>\n<p><img loading=\"lazy\" decoding=\"async\" src=\"https:\/\/www.europesays.com\/es\/wp-content\/uploads\/2025\/10\/3532589.jpg\" border=\"0\" alt=\"TA211025028.jpg\" width=\"2048\" height=\"1366\"\/>&#13;<br \/>\nLa periodista de este peri\u00f3dico y responsables de la Conselleria de Salut en la planta baja del edificio Cecili Metel. Foto: T.A.&#13;<\/p>\n<p>Con todo, el inicio de su rehabilitaci\u00f3n integral, con un<strong> presupuesto de 12,5 millones de euros<\/strong> (financiado con fondos provenientes del Factor de Insularidad del R\u00e9gimen Especial de Balears) arranc\u00f3 el pasado mi\u00e9rcoles. La intenci\u00f3n es que acoja <strong>departamentos de la Conselleria<\/strong>, a\u00fan por definir, <strong>voluntades anticipadas y un punto de vacunaci\u00f3n<\/strong>.<\/p>\n","protected":false},"excerpt":{"rendered":"Mientras pasa desapercibido para la mayor\u00eda de transe\u00fantes, en el coraz\u00f3n de Palma aguarda sobre un bloque de&hellip;\n","protected":false},"author":2,"featured_media":203832,"comment_status":"","ping_status":"","sticky":false,"template":"","format":"standard","meta":{"footnotes":""},"categories":[173],"tags":[229,233,231,230,55853,232,234,146,147,25,24,3618,2552,12643,2553,2554,55854,13698,166,23,1529,21],"class_list":{"0":"post-203831","1":"post","2":"type-post","3":"status-publish","4":"format-standard","5":"has-post-thumbnail","7":"category-arte-y-diseno","8":"tag-arte","9":"tag-arte-y-diseno","10":"tag-arts","11":"tag-arts-and-design","12":"tag-conselleria-de-salut","13":"tag-design","14":"tag-diseno","15":"tag-entertainment","16":"tag-entretenimiento","17":"tag-es","18":"tag-espana","19":"tag-guerra-civil","20":"tag-local","21":"tag-noticias-interesantes","22":"tag-palma","23":"tag-palma-de-mallorca","24":"tag-refugio-antiaereo","25":"tag-reportaje","26":"tag-salud","27":"tag-spain","28":"tag-ultima-hora","29":"tag-ultimas-noticias"},"share_on_mastodon":{"url":"https:\/\/pubeurope.com\/@es\/115446908614345794","error":""},"_links":{"self":[{"href":"https:\/\/www.europesays.com\/es\/wp-json\/wp\/v2\/posts\/203831","targetHints":{"allow":["GET"]}}],"collection":[{"href":"https:\/\/www.europesays.com\/es\/wp-json\/wp\/v2\/posts"}],"about":[{"href":"https:\/\/www.europesays.com\/es\/wp-json\/wp\/v2\/types\/post"}],"author":[{"embeddable":true,"href":"https:\/\/www.europesays.com\/es\/wp-json\/wp\/v2\/users\/2"}],"replies":[{"embeddable":true,"href":"https:\/\/www.europesays.com\/es\/wp-json\/wp\/v2\/comments?post=203831"}],"version-history":[{"count":0,"href":"https:\/\/www.europesays.com\/es\/wp-json\/wp\/v2\/posts\/203831\/revisions"}],"wp:featuredmedia":[{"embeddable":true,"href":"https:\/\/www.europesays.com\/es\/wp-json\/wp\/v2\/media\/203832"}],"wp:attachment":[{"href":"https:\/\/www.europesays.com\/es\/wp-json\/wp\/v2\/media?parent=203831"}],"wp:term":[{"taxonomy":"category","embeddable":true,"href":"https:\/\/www.europesays.com\/es\/wp-json\/wp\/v2\/categories?post=203831"},{"taxonomy":"post_tag","embeddable":true,"href":"https:\/\/www.europesays.com\/es\/wp-json\/wp\/v2\/tags?post=203831"}],"curies":[{"name":"wp","href":"https:\/\/api.w.org\/{rel}","templated":true}]}}