{"id":203857,"date":"2025-10-27T16:06:08","date_gmt":"2025-10-27T16:06:08","guid":{"rendered":"https:\/\/www.europesays.com\/es\/203857\/"},"modified":"2025-10-27T16:06:08","modified_gmt":"2025-10-27T16:06:08","slug":"la-victoria-en-el-clasico-refuerza-a-xabi-alonso-que-afronta-el-mayor-desafio-de-vinicius-a-su-autoridad-futbol-deportes","status":"publish","type":"post","link":"https:\/\/www.europesays.com\/es\/203857\/","title":{"rendered":"La victoria en el cl\u00e1sico refuerza a Xabi Alonso, que afronta el mayor desaf\u00edo de Vinicius a su autoridad | F\u00fatbol | Deportes"},"content":{"rendered":"<p class=\"\">Xabi Alonso empezaba a pisar un suelo demasiado caliente en el Real Madrid. El descontento de varios jugadores con alguna de sus decisiones \u2014como hab\u00eda quedado evidente al menos con Vinicius, Valverde y Endrick\u2014 se sumaba a la sensaci\u00f3n de duda que acompa\u00f1aba al equipo desde la tarde negra del <a href=\"https:\/\/elpais.com\/deportes\/futbol\/2025-09-27\/el-atletico-destroza-al-madrid-y-da-la-campanada-en-el-derbi.html\" rel=\"nofollow noopener\" target=\"_blank\">Metropolitano (5-2)<\/a>. La victoria y superioridad <a href=\"https:\/\/elpais.com\/deportes\/futbol\/2025-10-26\/el-madrid-reconquista-el-clasico.html\" rel=\"nofollow noopener\" target=\"_blank\">en el cl\u00e1sico<\/a> le conceden, pues, tiempo y cr\u00e9dito al t\u00e9cnico vasco para seguir plantando la semilla, pero en paralelo el desaf\u00edo que le plante\u00f3 Vini delante de todo el estadio y todo el planeta cuando se marchaba sustituido en el minuto 72 pone a prueba m\u00e1s todav\u00eda su capacidad de mando en el vestuario.<\/p>\n<p class=\"\">La celebraci\u00f3n a lo grande por el triunfo en un cl\u00e1sico de octubre evidenci\u00f3 el golpe mental de las cuatro derrotas recientes contra el Barcelona (siete goles a favor y 16 en contra), m\u00e1s otras sufridas ante rivales de nivel Champions (Arsenal, Liverpool, PSG o <a href=\"https:\/\/elpais.com\/deportes\/futbol\/2025-09-27\/xabi-alonso-asume-el-desastre-del-real-madrid-no-hay-excusas-no-hemos-competido-hay-que-ser-autocriticos.html\" rel=\"nofollow noopener\" target=\"_blank\">Atl\u00e9tico<\/a>). El Madrid se despleg\u00f3 el domingo con la energ\u00eda de los necesitados y, favorecido tambi\u00e9n por la fragilidad defensiva azulgrana, termin\u00f3 el choque con su mayor producci\u00f3n ofensiva del \u00faltimo a\u00f1o en este tipo de citas: 23 tiros, 10 de ellos a porter\u00eda, y 3,6 tantos esperados (la m\u00e9trica que mide la calidad de las ocasiones). <\/p>\n<p class=\"\">Todas sus cifras de la temporada pasada en los d\u00edas grandes quedaron por debajo, o muy por debajo, de estos registros. En los dos cl\u00e1sicos ligueros (0-4 y 4-3), por ejemplo, no lleg\u00f3 ni a 10 remates totales en cada uno de ellos. En la eliminatoria de cuartos con el Arsenal, sum\u00f3 seis lanzamientos a porter\u00eda entre la ida y la vuelta. Y contra el PSG y Atl\u00e9tico, los dos ya con Xabi en el banquillo, el Madrid apenas logr\u00f3 dos remates entre los tres palos en ambos duelos. <\/p>\n<p class=\"\">El problema de esta nueva etapa blanca no eran los resultados globales (15 triunfos en 18 partidos), sino su <a href=\"https:\/\/elpais.com\/deportes\/futbol\/2025-09-28\/el-nuevo-real-madrid-tan-superado-como-el-antiguo-en-las-citas-exigentes-falto-de-intensidad-y-de-amenaza-ofensiva.html\" rel=\"nofollow noopener\" target=\"_blank\">reiterada incapacidad<\/a> para competir ante los grandes. \u201cEra una victoria muy necesaria\u201d, admiti\u00f3 Alonso, que se refiri\u00f3 al refuerzo emocional y futbol\u00edstico de la cita, de la que sali\u00f3 con cinco puntos sobre el Bar\u00e7a. Despu\u00e9s de 13 encuentros desde agosto, el juego del Madrid no deslumbra, pero s\u00ed ha cortado la hemorragia de las l\u00edneas muy separadas \u2014una de las torturas del \u00faltimo Carlo Ancelotti\u2014, lo que le ha dado un mayor control sobre el c\u00e9sped. Del resto se ocupan Courtois y <a href=\"https:\/\/elpais.com\/deportes\/futbol\/2025-10-26\/kylian-mbappe-el-inicio-desatado-del-goleador-racional.html\" rel=\"nofollow noopener\" target=\"_blank\">Mbapp\u00e9<\/a>, que ha marcado en 14 de las \u00faltimas 15 jornadas de Liga (20 dianas). La novedad t\u00e1ctica de colocar a Camavinga por la derecha tambi\u00e9n supuso un espaldarazo para la pizarra de Xabi, que no hab\u00eda salido bien parada contra el PSG y Atl\u00e9tico. <\/p>\n<p>\u201cUna lecci\u00f3n para Vini y tambi\u00e9n para el m\u00edster\u201d<\/p>\n<p class=\"\">El impulso del cl\u00e1sico para el vasco, sin embargo, deber\u00e1 compatibilizarlo con la nueva crisis con Vinicius, el m\u00e1ximo exponente de un vestuario donde ya han aflorado varios gestos de fastidio hacia el entrenador. \u201cVini tiene un pronto que es el que es, pero es un chico con un gran fondo: es bondadoso. La vida son lecciones. Lo fue para \u00e9l, desde luego. Y tambi\u00e9n para el m\u00edster\u201d, apuntaron este lunes desde Valdebebas. En los despachos, en las \u00faltimas semanas, decisiones de Alonso, incluidas algunas referentes al brasile\u00f1o, tampoco hab\u00edan encontrado el refrendo m\u00e1ximo. Un escenario que, unido a la urgencia por ganar en un d\u00eda grande, hab\u00eda colocado al t\u00e9cnico en una situaci\u00f3n de apremio. <\/p>\n<p class=\"\">Los <a href=\"https:\/\/elpais.com\/deportes\/futbol\/2025-09-27\/la-seduccion-vinicius-xabi-a-prueba-en-la-caldera-hostil-del-metropolitano.html\" rel=\"nofollow noopener\" target=\"_blank\">retos p\u00fablicos<\/a> del extremo tras algunas sustituciones, sumados a las rabietas en privado, han obligado al tolosarra a salirse de su hermetismo habitual en las ruedas de prensa a la hora de explicar sus decisiones. Despu\u00e9s de no sacarlo de inicio contra el Marsella, desvel\u00f3 que hab\u00eda tardado dos d\u00edas en acercarse a \u00e9l para tratar el tema porque lo ve\u00eda con el morro torcido y asegur\u00f3 que los dos hab\u00edan terminado la charla \u201ccon buenas sensaciones\u201d. Al d\u00eda siguiente, tras el nuevo enfado por cambiarlo <a href=\"https:\/\/elpais.com\/deportes\/futbol\/2025-09-20\/el-real-madrid-despacha-al-espanyol-a-canonazos.html\" rel=\"nofollow noopener\" target=\"_blank\">contra el Espanyol<\/a> en el 77, tuvo que admitir que \u201cigual pod\u00eda haber esperado un poco m\u00e1s\u201d. Hace una semana, cont\u00f3 que antes de ir a Getafe hab\u00eda hablado con \u00e9l para adelantarle que partir\u00eda desde el banquillo y que tambi\u00e9n pod\u00eda ser decisivo as\u00ed, como luego ocurri\u00f3. Y este domingo zanj\u00f3 con un \u201cya hablaremos, por supuesto\u201d el nuevo desplante de Vini, el m\u00e1s excesivo de todos los que acumula desde que el caso explot\u00f3 con <a href=\"https:\/\/elpais.com\/deportes\/futbol\/2025-08-24\/irrumpe-rodrygo-en-el-real-madrid-y-mbappe-sentencia-al-oviedo.html\" rel=\"nofollow noopener\" target=\"_blank\">en Oviedo<\/a> a mediados de agosto. <\/p>\n<p>Un regate m\u00e1s que en los cuatro cl\u00e1sicos anteriores<\/p>\n<p class=\"\">El brasile\u00f1o trata de resintonizar su f\u00fatbol ante la realidad goleadora de Mbapp\u00e9 y en las \u00faltimas semanas <a href=\"https:\/\/elpais.com\/deportes\/futbol\/2025-10-04\/vinicius-se-afina-con-goles.html\" rel=\"nofollow noopener\" target=\"_blank\">hab\u00eda mejorado<\/a> sus prestaciones. De hecho, contra el Barcelona acumul\u00f3 cinco regates completados en 72 minutos, solo uno menos que los que sum\u00f3 el curso pasado en sus 370 minutos frente a los cul\u00e9s. Tampoco la actividad de Rodrygo por la banda izquierda en esta nueva etapa ha desencadenado un gran debate sobre uno u otro. <\/p>\n<p class=\"\">Xabi, del que cuentan fuentes pr\u00f3ximas al vestuario que tampoco se distingue por ofrecer muchas explicaciones hacia dentro, se esfuerza por no dar excesivas pistas ante los medios, pero sus decisiones y palabras tambi\u00e9n delatan sus gustos. De <a href=\"https:\/\/elpais.com\/deportes\/futbol\/2025-08-14\/franco-mastantuono-el-nuevo-talento-argentino-al-que-llamaron-xabi-alonso-y-luis-enrique.html\" rel=\"nofollow noopener\" target=\"_blank\">Mastantuono<\/a> confes\u00f3 que le hab\u00eda entrado por el ojo, mientras a Vini le marc\u00f3 el territorio desde la segunda jornada de Liga. Solo ha completado tres encuentros. <\/p>\n<p class=\"\">\u201c\u00bfYo? \u00bfYo? \u00a1M\u00edster, m\u00edster! \u00bfYo? Vai tomar por culo. Siempre yo. Yo me voy de equipo. Me voy, mejor me voy\u201d, gritaba el brasile\u00f1o, seg\u00fan las c\u00e1maras de DAZN, mientras se retiraba a los vestuarios sin cruzarse con Xabi, que tambi\u00e9n mir\u00f3 para otro lado tras decir \u201cVenga, Vini, hostia\u201d. Alonso, con un perfil m\u00e1s intervencionista que Ancelotti, afronta el desaf\u00edo constante a su autoridad de un jugador estrella dentro de una caseta espinosa. Es el reverso de un triunfo necesitado, bals\u00e1mico e imprescindible para el nuevo proyecto del tolosarra, que se invent\u00f3 a Camavinga por la derecha.<\/p>\n","protected":false},"excerpt":{"rendered":"Xabi Alonso empezaba a pisar un suelo demasiado caliente en el Real Madrid. El descontento de varios jugadores&hellip;\n","protected":false},"author":2,"featured_media":203858,"comment_status":"","ping_status":"","sticky":false,"template":"","format":"standard","meta":{"footnotes":""},"categories":[268],"tags":[1540,168,54773,1539,25,24,881,280,282,1538,1210,1945,3048,281,23,167,10111,10344],"class_list":{"0":"post-203857","1":"post","2":"type-post","3":"status-publish","4":"format-standard","5":"has-post-thumbnail","7":"category-futbol","8":"tag-competiciones","9":"tag-deportes","10":"tag-el-clasico-real-madrid-fc-barcelona","11":"tag-entrenadores","12":"tag-es","13":"tag-espana","14":"tag-fc-barcelona","15":"tag-football","16":"tag-futbol","17":"tag-futbolistas","18":"tag-laliga-ea-sports","19":"tag-primera-division","20":"tag-real-madrid","21":"tag-soccer","22":"tag-spain","23":"tag-sports","24":"tag-vinicius-junior","25":"tag-xabi-alonso"},"share_on_mastodon":{"url":"https:\/\/pubeurope.com\/@es\/115446991043951467","error":""},"_links":{"self":[{"href":"https:\/\/www.europesays.com\/es\/wp-json\/wp\/v2\/posts\/203857","targetHints":{"allow":["GET"]}}],"collection":[{"href":"https:\/\/www.europesays.com\/es\/wp-json\/wp\/v2\/posts"}],"about":[{"href":"https:\/\/www.europesays.com\/es\/wp-json\/wp\/v2\/types\/post"}],"author":[{"embeddable":true,"href":"https:\/\/www.europesays.com\/es\/wp-json\/wp\/v2\/users\/2"}],"replies":[{"embeddable":true,"href":"https:\/\/www.europesays.com\/es\/wp-json\/wp\/v2\/comments?post=203857"}],"version-history":[{"count":0,"href":"https:\/\/www.europesays.com\/es\/wp-json\/wp\/v2\/posts\/203857\/revisions"}],"wp:featuredmedia":[{"embeddable":true,"href":"https:\/\/www.europesays.com\/es\/wp-json\/wp\/v2\/media\/203858"}],"wp:attachment":[{"href":"https:\/\/www.europesays.com\/es\/wp-json\/wp\/v2\/media?parent=203857"}],"wp:term":[{"taxonomy":"category","embeddable":true,"href":"https:\/\/www.europesays.com\/es\/wp-json\/wp\/v2\/categories?post=203857"},{"taxonomy":"post_tag","embeddable":true,"href":"https:\/\/www.europesays.com\/es\/wp-json\/wp\/v2\/tags?post=203857"}],"curies":[{"name":"wp","href":"https:\/\/api.w.org\/{rel}","templated":true}]}}