{"id":203861,"date":"2025-10-27T16:08:32","date_gmt":"2025-10-27T16:08:32","guid":{"rendered":"https:\/\/www.europesays.com\/es\/203861\/"},"modified":"2025-10-27T16:08:32","modified_gmt":"2025-10-27T16:08:32","slug":"un-departamento-estilo-art-deco-es-reinterpretado-con-elegancia-contemporanea","status":"publish","type":"post","link":"https:\/\/www.europesays.com\/es\/203861\/","title":{"rendered":"Un departamento estilo art d\u00e9co es reinterpretado con elegancia contempor\u00e1nea"},"content":{"rendered":"<p>Tras pasar a\u00f1os entre Londres y las playas de South Beach, la dise\u00f1adora decidi\u00f3 establecer aqu\u00ed su segundo hogar: un espacio que cuenta precisamente ese di\u00e1logo entre pasado y presente, entre la <a href=\"https:\/\/www.admagazine.com\/articulos\/face-house-en-kioto-una-broma-arquitectonica-con-mucho-estilo\" target=\"_blank\" rel=\"nofollow noopener\">memoria arquitect\u00f3nica<\/a> de la ciudad y una visi\u00f3n contempor\u00e1nea del confort. El resultado es un interior que refleja la luz y la atm\u00f3sfera de Miami, donde las superficies brillantes, los colores profundos y los detalles vintage evocan una elegancia atemporal.<\/p>\n<p>\u201cEl objetivo era respetar la memoria del lugar y su arquitectura, pero a trav\u00e9s de un lenguaje capaz de hablar al presente\u201d.<\/p>\n<p>Olga Malyev<\/p>\n<p><img decoding=\"async\" alt=\"Una sala elegante es decorada con el cuadro del rostro de una mujer\" loading=\"lazy\" class=\"ResponsiveImageContainer-eNxvmU cfBbTk responsive-image__image\"   src=\"https:\/\/www.europesays.com\/es\/wp-content\/uploads\/2025\/10\/1761581307_903_250618%20_%20malyev%20_%20200%20ocean-15-2.jpg\"\/><\/p>\n<p>Jeanne Michelle Canto<\/p>\n<p><img decoding=\"async\" alt=\"Sala elegante con lmpara de papel\" loading=\"lazy\" class=\"ResponsiveImageContainer-eNxvmU cfBbTk responsive-image__image\"   src=\"https:\/\/www.europesays.com\/es\/wp-content\/uploads\/2025\/10\/1761581308_562_13.%20250618%20_%20malyev%20_%20200%20ocean-16.jpg\"\/><\/p>\n<p>Jeanne Michelle Canto<\/p>\n<p>Una renovaci\u00f3n total<\/p>\n<p>El proyecto naci\u00f3 de un gesto radical: desmantelar el departamento hasta dejarlo en su estado original, <strong>conservando solo las ventanas como homenaje a la estructura<\/strong> <strong>y a su<\/strong> <strong>estilo art d\u00e9co<\/strong>. A partir de ah\u00ed, Olga recompuso todo \u2014espacios, flujos, materiales\u2014 imaginando un interior fluido, abierto y profundamente coherente. As\u00ed, cada espacio fue redise\u00f1ado para acomodar la rutina diaria de una familia en movimiento: \u00e1reas de relajaci\u00f3n, rincones de trabajo, un peque\u00f1o cine en casa. Todos los muebles \u2014desde los gabinetes a medida hasta la cocina\u2014 se fabricaron en Europa y se enviaron a Miami, en una operaci\u00f3n de precisi\u00f3n realizada a distancia. El resultado es un conjunto armonioso, en el que las superficies brillantes y las proporciones calibradas amplifican la luz natural, haciendo que cada habitaci\u00f3n forme parte de una narrativa continua.<\/p>\n<p>\u201cEl proyecto era como una partitura\u201d, dice la dise\u00f1adora, \u201ccada detalle ten\u00eda que encajar a la perfecci\u00f3n, sin margen de error\u201d.<\/p>\n<p><img decoding=\"async\" alt=\"Una cocina elegante est dividida en dos reas distintas\" loading=\"lazy\" class=\"ResponsiveImageContainer-eNxvmU cfBbTk responsive-image__image\"   src=\"https:\/\/www.europesays.com\/es\/wp-content\/uploads\/2025\/10\/1761581308_669_1.%2050618%20_%20malyev%20_%20200%20ocean-10.jpg\"\/><\/p>\n<p>Jeanne Michelle Canto<\/p>\n<p><img decoding=\"async\" alt=\"Sala elegante con detalles en color blanco\" loading=\"lazy\" class=\"ResponsiveImageContainer-eNxvmU cfBbTk responsive-image__image\"   src=\"https:\/\/www.europesays.com\/es\/wp-content\/uploads\/2025\/10\/1761581309_902_9.%20250618%20_%20malyev%20_%20200%20ocean-27.jpg\"\/><\/p>\n<p>Jeanne Michelle Canto<\/p>\n<p>Colores, materiales y luces<\/p>\n<p><strong>El tema subyacente fue una reinterpretaci\u00f3n crom\u00e1tica del departamento inspirado en el estilo art d\u00e9co<\/strong> americano: azul medianoche, burdeos, negro brillante y toques de marfil cremoso se alternan en un equilibrio sofisticado. El azul profundo del dormitorio principal envuelve el espacio como un terciopelo visual, mientras que en el ba\u00f1o de los ni\u00f1os, el contraste entre los azulejos negros brillantes y la piedra color vino crea un efecto dram\u00e1tico y vibrante. Piedras veteadas, maderas ex\u00f3ticas, cer\u00e1mica esmaltada y mosaicos de Bisazza componen una paleta t\u00e1ctil y refinada, emparejada con superficies espejadas que capturan la luz del mar. Los <a href=\"https:\/\/www.admagazine.com\/articulos\/muebles-vintage-o-como-hacer-de-tu-hogar-un-tapiz-de-recuerdos\" target=\"_blank\" rel=\"nofollow noopener\">muebles vintage<\/a> \u2014desde Stilnovo hasta Pace Collection, de Saarinen a Charlotte Perriand\u2014 se equilibran con piezas personalizadas. Cada elemento \u2014desde el banco de piedra en la sala hasta las l\u00e1mparas de ara\u00f1a de acero pulido\u2014 contribuye a una atm\u00f3sfera sofisticada y vivida, donde <strong>cada detalle refleja la personalidad de la dise\u00f1adora<\/strong>: atrevida, elegante y profundamente \u00edntima.<\/p>\n<p><img decoding=\"async\" alt=\"Cuarto con pared de cristal y escritorio de madera\" loading=\"lazy\" class=\"ResponsiveImageContainer-eNxvmU cfBbTk responsive-image__image\"   src=\"https:\/\/www.europesays.com\/es\/wp-content\/uploads\/2025\/10\/1761581310_846_6.%20250618%20_%20malyev%20_%20200%20ocean-17.jpg\"\/><\/p>\n<p>Jeanne Michelle Canto<\/p>\n<p><img decoding=\"async\" alt=\"Cuarto con pared de cristal y cabecera en color caf\" loading=\"lazy\" class=\"ResponsiveImageContainer-eNxvmU cfBbTk responsive-image__image\"   src=\"https:\/\/www.europesays.com\/es\/wp-content\/uploads\/2025\/10\/1761581311_208_14.%20250618%20_%20malyev%20_%20200%20ocean-21.jpg\"\/><\/p>\n<p>Jeanne Michelle Canto<\/p>\n<p><img decoding=\"async\" alt=\"Habitaci\u00f3n moderna con pared en color azul\" loading=\"lazy\" class=\"ResponsiveImageContainer-eNxvmU cfBbTk responsive-image__image\"   src=\"https:\/\/www.europesays.com\/es\/wp-content\/uploads\/2025\/10\/1761581312_59_250618%20_%20malyev%20_%20200%20ocean-20_1%20(1).jpg\"\/><\/p>\n<p>Jeanne Michelle Canto<\/p>\n","protected":false},"excerpt":{"rendered":"Tras pasar a\u00f1os entre Londres y las playas de South Beach, la dise\u00f1adora decidi\u00f3 establecer aqu\u00ed su segundo&hellip;\n","protected":false},"author":2,"featured_media":203862,"comment_status":"","ping_status":"","sticky":false,"template":"","format":"standard","meta":{"footnotes":""},"categories":[173],"tags":[229,233,231,230,8372,10615,232,234,146,147,25,24,23],"class_list":{"0":"post-203861","1":"post","2":"type-post","3":"status-publish","4":"format-standard","5":"has-post-thumbnail","7":"category-arte-y-diseno","8":"tag-arte","9":"tag-arte-y-diseno","10":"tag-arts","11":"tag-arts-and-design","12":"tag-decoracion","13":"tag-departamento","14":"tag-design","15":"tag-diseno","16":"tag-entertainment","17":"tag-entretenimiento","18":"tag-es","19":"tag-espana","20":"tag-spain"},"share_on_mastodon":{"url":"https:\/\/pubeurope.com\/@es\/115446999297971169","error":""},"_links":{"self":[{"href":"https:\/\/www.europesays.com\/es\/wp-json\/wp\/v2\/posts\/203861","targetHints":{"allow":["GET"]}}],"collection":[{"href":"https:\/\/www.europesays.com\/es\/wp-json\/wp\/v2\/posts"}],"about":[{"href":"https:\/\/www.europesays.com\/es\/wp-json\/wp\/v2\/types\/post"}],"author":[{"embeddable":true,"href":"https:\/\/www.europesays.com\/es\/wp-json\/wp\/v2\/users\/2"}],"replies":[{"embeddable":true,"href":"https:\/\/www.europesays.com\/es\/wp-json\/wp\/v2\/comments?post=203861"}],"version-history":[{"count":0,"href":"https:\/\/www.europesays.com\/es\/wp-json\/wp\/v2\/posts\/203861\/revisions"}],"wp:featuredmedia":[{"embeddable":true,"href":"https:\/\/www.europesays.com\/es\/wp-json\/wp\/v2\/media\/203862"}],"wp:attachment":[{"href":"https:\/\/www.europesays.com\/es\/wp-json\/wp\/v2\/media?parent=203861"}],"wp:term":[{"taxonomy":"category","embeddable":true,"href":"https:\/\/www.europesays.com\/es\/wp-json\/wp\/v2\/categories?post=203861"},{"taxonomy":"post_tag","embeddable":true,"href":"https:\/\/www.europesays.com\/es\/wp-json\/wp\/v2\/tags?post=203861"}],"curies":[{"name":"wp","href":"https:\/\/api.w.org\/{rel}","templated":true}]}}