{"id":203878,"date":"2025-10-27T16:19:09","date_gmt":"2025-10-27T16:19:09","guid":{"rendered":"https:\/\/www.europesays.com\/es\/203878\/"},"modified":"2025-10-27T16:19:09","modified_gmt":"2025-10-27T16:19:09","slug":"rueda-de-prensa-de-puigdemont-tras-la-decision-de-junts-de-romper-con-el-psoe-y-pedro-sanchez-en-directo-declaraciones-y-ultima-hora-hoy-abc","status":"publish","type":"post","link":"https:\/\/www.europesays.com\/es\/203878\/","title":{"rendered":"Rueda de prensa de Puigdemont tras la decisi\u00f3n de Junts de romper con el PSOE y Pedro S\u00e1nchez, en directo: declaraciones y \u00faltima hora hoy &#8211; ABC"},"content":{"rendered":"<ol>\n<li><a href=\"https:\/\/news.google.com\/rss\/articles\/CBMioAFBVV95cUxOcVZOeDJvelpwSmxJdVVzTmt2UEE3OUhsV0RPVlVtSVBCNDFreUlKbU9Lc0VrYVRqT01UUGpiZXlIeGVLaVQtcU80SUpadlJCcDg1YldHVkt5SzBnZFNlUElqZHQ2TjRVLU4xNkduelVIdHowdjA3TDlUbWlQWDNvWFpJUWVWbTdtblJCQlhoRHN0TTJCTWNFcmxBQ1F1Q043?oc=5\" target=\"_blank\" rel=\"nofollow noopener\">Rueda de prensa de Puigdemont tras la decisi\u00f3n de Junts de romper con el PSOE y Pedro S\u00e1nchez, en directo: declaraciones y \u00faltima hora hoy<\/a>&nbsp;&nbsp;ABC<\/li>\n<li><a href=\"https:\/\/news.google.com\/rss\/articles\/CBMi0AFBVV95cUxOWm52Z1BKZ3NJdXdwNW9ycEdOSF9EMWRveTJjMW5pR1hUaUppMlNBNGE5eGRoT0hpMjNxQUIyZ1ZQMDdIMnI1RzNjOElzWDVBQW5GQTJicGVMRHZFa3ppeFdVREptNTBsQno4V19hWVZPbXVDZG92Zlk5aE9sd0w5WmI4TTlVUDZiX3RWMGhEZ1FQRGZvV2FiQWFldzN4Q3NkRWNlSHFDQlFUcTlvZ3ZIRjlUWGlwenRlbmFMZWVNQi1nWGN3VVRaalBDOGdmMm5q?oc=5\" target=\"_blank\" rel=\"nofollow noopener\">Junts avala la propuesta de Puigdemont de romper el pacto de investidura de S\u00e1nchez<\/a>&nbsp;&nbsp;EL PA\u00cdS<\/li>\n<li><a href=\"https:\/\/news.google.com\/rss\/articles\/CBMixgFBVV95cUxNT2J6YjU5TmI3Q3FzZHlHbzhEMEFCX29GclQxTHdaRllkT084YWQ4OWpMNHMzMWsxcTVkOGlWS01aaWZPNHFYMl83T2tFZFRlVkZXRDVuZUdnbmRFOWdXLXVtY09wcTV3TzVkbUc3OU5wbDJ1MlQtX3ZqcUk4NFF0OXYxdnZzNUJFOC1sejFOV1QyYVhLNzZ3dHd4djJBb2xpSDFUdmZYVHRheDV5d2JJSUduNWxvSHl0X3JONWN4Q1U5VV9SVXfSAcYBQVVfeXFMTVFFZFJQNUl4eHF5aWZKQkVkNnZzMlp3SVlEMi1Xd25IdGlQQ3llcnpaUVRNUEtpZzRLOTFJN2F2NjBqMF9sV1JRLXU0TEtBcFBWZlV3dk5aMkJrU3JjRGtYUlNWbmpmMlFWamFzNnFSZU80cFdMZ1AwU2psSnFPYVFMemhneWtzTEZpV2x4WWVJWWJiZnlDa0w5SGN1VFJmdUh3VUZ1cUZGVHBxS2xvZ1pMVXVjSU1YYnhhdVlDcWRXeWlUelp3?oc=5\" target=\"_blank\" rel=\"nofollow noopener\">Elisa Beni, sobre la ruptura: \u00abEntre Junts y Podemos a S\u00e1nchez lo han radicalizado\u00bb<\/a>&nbsp;&nbsp;Onda Cero<\/li>\n<li><a href=\"https:\/\/news.google.com\/rss\/articles\/CBMiekFVX3lxTFBYVzFEVW1uSnR4NjNYaTVDWDJsMzM0YmwwczFCZGVFdkdrWHA5NWxMT09oejVicjZTbjVmUElPTlVXNGFQbEpLekszdlRPRG8xWExZR0NwN2pvMDhhTkwyWkQ5S0w2WUg2cnI4UzA4aU5mckVYR1RSM0xn0gF6QVVfeXFMTmgzempIdmhUby1sTW9iaWxabC1NWmxsOXpWZVRCWWVkWWxVaVo4Q08xdWdZTEpEbjRSUnBpY0Z1QjhMWUh1MXNuczZxRklISy1vdWRmY29zWm1fU1p0b0JtZ0J5aV9tQ1RTNkE5UHNWOVhZb0phampYblE?oc=5\" target=\"_blank\" rel=\"nofollow noopener\">El PSOE traslada su \u00abrespeto absoluto\u00bb a la decisi\u00f3n de Junts de romper y trata de restarle importancia: \u00abHay mano tendida\u00bb<\/a>&nbsp;&nbsp;El Mundo<\/li>\n<li><a href=\"https:\/\/news.google.com\/rss\/articles\/CBMiqgFBVV95cUxOSGxtcGFvQVV4cHUwQ3I3NE1MMU5zV05rb095UmxTa1hyd1hhaFBESTVlQS1sdU5uR2VBXy1fN2lyRTJzOWN6ZHR2dVFVYWV6WDI5SURCRkt4T3hFV3BCOHl1MTZSbm1tTVNTVzdKaG9RMjlaSFhoTHdIdlY4M1RHc3hqMXl2SWxSS3k0ZWFYU1hsZ1Uxbk9DU3V1T3MzWHpXOHJnUEQ2eVB2Zw?oc=5\" target=\"_blank\" rel=\"nofollow noopener\">Puigdemont logra que la ejecutiva avale por unanimidad la ruptura con S\u00e1nchez, pero hay dudas sobre la moci\u00f3n de censura<\/a>&nbsp;&nbsp;ABC<\/li>\n<\/ol>\n","protected":false},"excerpt":{"rendered":"Rueda de prensa de Puigdemont tras la decisi\u00f3n de Junts de romper con el PSOE y Pedro S\u00e1nchez,&hellip;\n","protected":false},"author":2,"featured_media":203879,"comment_status":"","ping_status":"","sticky":false,"template":"","format":"standard","meta":{"footnotes":""},"categories":[8],"tags":[17,18,2347,14762,2125,25,24,13,14,11,1458,315,5216,19,20,9,10,15,16,2330,1699,5667,26380,7667,23,12,575,1885,21,22],"class_list":{"0":"post-203878","1":"post","2":"type-post","3":"status-publish","4":"format-standard","5":"has-post-thumbnail","7":"category-espana","8":"tag-breaking-news","9":"tag-breakingnews","10":"tag-decision","11":"tag-declaraciones","12":"tag-directo","13":"tag-es","14":"tag-espana","15":"tag-featured-news","16":"tag-featurednews","17":"tag-headlines","18":"tag-hora","19":"tag-hoy","20":"tag-junts","21":"tag-latest-news","22":"tag-latestnews","23":"tag-news","24":"tag-noticias","25":"tag-noticias-destacadas","26":"tag-noticiasdestacadas","27":"tag-prensa","28":"tag-psoe","29":"tag-puigdemont","30":"tag-romper","31":"tag-rueda","32":"tag-spain","33":"tag-titulares","34":"tag-tras","35":"tag-ultima","36":"tag-ultimas-noticias","37":"tag-ultimasnoticias"},"share_on_mastodon":{"url":"https:\/\/pubeurope.com\/@es\/115447042135450724","error":""},"_links":{"self":[{"href":"https:\/\/www.europesays.com\/es\/wp-json\/wp\/v2\/posts\/203878","targetHints":{"allow":["GET"]}}],"collection":[{"href":"https:\/\/www.europesays.com\/es\/wp-json\/wp\/v2\/posts"}],"about":[{"href":"https:\/\/www.europesays.com\/es\/wp-json\/wp\/v2\/types\/post"}],"author":[{"embeddable":true,"href":"https:\/\/www.europesays.com\/es\/wp-json\/wp\/v2\/users\/2"}],"replies":[{"embeddable":true,"href":"https:\/\/www.europesays.com\/es\/wp-json\/wp\/v2\/comments?post=203878"}],"version-history":[{"count":0,"href":"https:\/\/www.europesays.com\/es\/wp-json\/wp\/v2\/posts\/203878\/revisions"}],"wp:featuredmedia":[{"embeddable":true,"href":"https:\/\/www.europesays.com\/es\/wp-json\/wp\/v2\/media\/203879"}],"wp:attachment":[{"href":"https:\/\/www.europesays.com\/es\/wp-json\/wp\/v2\/media?parent=203878"}],"wp:term":[{"taxonomy":"category","embeddable":true,"href":"https:\/\/www.europesays.com\/es\/wp-json\/wp\/v2\/categories?post=203878"},{"taxonomy":"post_tag","embeddable":true,"href":"https:\/\/www.europesays.com\/es\/wp-json\/wp\/v2\/tags?post=203878"}],"curies":[{"name":"wp","href":"https:\/\/api.w.org\/{rel}","templated":true}]}}