{"id":203888,"date":"2025-10-27T16:29:10","date_gmt":"2025-10-27T16:29:10","guid":{"rendered":"https:\/\/www.europesays.com\/es\/203888\/"},"modified":"2025-10-27T16:29:10","modified_gmt":"2025-10-27T16:29:10","slug":"kevin-de-bruyne-se-despide-hasta-2026","status":"publish","type":"post","link":"https:\/\/www.europesays.com\/es\/203888\/","title":{"rendered":"Kevin de Bruyne se despide hasta 2026"},"content":{"rendered":"<p class=\"ft-text\"><strong>Kevin De Bruyne<\/strong> no volver\u00e1 a jugar este a\u00f1o. El centrocampista belga del <strong>N\u00e1poles <\/strong>sufri\u00f3 una grave lesi\u00f3n muscular en el muslo derecho durante el encuentro <a class=\"ft-link ft-link--decoration\" href=\"https:\/\/www.sport.es\/es\/noticias\/futbol-internacional\/napoles-recupera-liderato-inter-polemica-123024724\" rel=\"nofollow noopener\" target=\"_blank\">ante el Inter de Mil\u00e1n<\/a> y deber\u00e1 permanecer alejado de los terrenos de juego hasta comienzos de 2026.<\/p>\n<p class=\"ft-text\">El club napolitano confirm\u00f3 en un comunicado que los ex\u00e1menes m\u00e9dicos realizados al jugador detectaron \u201cuna lesi\u00f3n de alto grado en el b\u00edceps femoral derecho\u201d. Seg\u00fan la entidad,<strong> De Bruyne ya ha iniciado su proceso de recuperaci\u00f3n<\/strong> en las instalaciones del equipo.<\/p>\n<p>PROBLEMAS PARA ANTONIO CONTE<\/p>\n<p class=\"ft-text\">Aunque el parte m\u00e9dico no incluye plazos concretos, este tipo de dolencias suelen requerir una recuperaci\u00f3n de al menos tres meses, por lo que el internacional belga no podr\u00e1 reaparecer antes del pr\u00f3ximo a\u00f1o.<strong> El percance se produjo poco despu\u00e9s de que el futbolista convirtiera un penalti e<\/strong>n el minuto 33 del choque ante el Inter. Tras marcar, se llev\u00f3 la mano al muslo y abandon\u00f3 el campo con evidentes gestos de dolor, sin poder apoyar la pierna afectada.<\/p>\n<p class=\"ft-text\">De Bruyne, uno de los fichajes estrella del \u00faltimo mercado estival,<strong> lleg\u00f3 a N\u00e1poles procedente del Manchester City. <\/strong>Desde su desembarco en el conjunto de Antonio Conte, ha sido titular en 10 de los 11 partidos disputados, sumando cuatro tantos y dos asistencias. Su regreso al Etihad Stadium, <strong>en la fase de grupos de la Liga de Campeones<\/strong>, fue uno de los momentos m\u00e1s esperados de la temporada, aunque tuvo que ser sustituido prematuramente por motivos t\u00e1cticos.<\/p>\n<p class=\"ft-text\">La lesi\u00f3n del belga supone un contratiempo importante para Conte, que ya deber\u00e1 lidiar con<strong> la baja temporal de Frank Zambo Anguissa<\/strong> durante la Copa \u00c1frica y con los problemas f\u00edsicos de <strong>Stanislav Lobotka. <\/strong>Ante esta situaci\u00f3n, el entrenador podr\u00eda recurrir al escoc\u00e9s Scott McTominay para reforzar el centro del campo o<strong> solicitar refuerzos en el mercado invernal.<\/strong><\/p>\n","protected":false},"excerpt":{"rendered":"Kevin De Bruyne no volver\u00e1 a jugar este a\u00f1o. El centrocampista belga del N\u00e1poles sufri\u00f3 una grave lesi\u00f3n&hellip;\n","protected":false},"author":2,"featured_media":203889,"comment_status":"","ping_status":"","sticky":false,"template":"","format":"standard","meta":{"footnotes":""},"categories":[268],"tags":[3076,168,25,24,280,282,40257,8252,14498,9494,4523,281,23,167],"class_list":{"0":"post-203888","1":"post","2":"type-post","3":"status-publish","4":"format-standard","5":"has-post-thumbnail","7":"category-futbol","8":"tag-3076","9":"tag-deportes","10":"tag-es","11":"tag-espana","12":"tag-football","13":"tag-futbol","14":"tag-kevin-de-bruyne","15":"tag-lesion","16":"tag-lesionado","17":"tag-napoles","18":"tag-serie-a","19":"tag-soccer","20":"tag-spain","21":"tag-sports"},"share_on_mastodon":{"url":"https:\/\/pubeurope.com\/@es\/115447081503424517","error":""},"_links":{"self":[{"href":"https:\/\/www.europesays.com\/es\/wp-json\/wp\/v2\/posts\/203888","targetHints":{"allow":["GET"]}}],"collection":[{"href":"https:\/\/www.europesays.com\/es\/wp-json\/wp\/v2\/posts"}],"about":[{"href":"https:\/\/www.europesays.com\/es\/wp-json\/wp\/v2\/types\/post"}],"author":[{"embeddable":true,"href":"https:\/\/www.europesays.com\/es\/wp-json\/wp\/v2\/users\/2"}],"replies":[{"embeddable":true,"href":"https:\/\/www.europesays.com\/es\/wp-json\/wp\/v2\/comments?post=203888"}],"version-history":[{"count":0,"href":"https:\/\/www.europesays.com\/es\/wp-json\/wp\/v2\/posts\/203888\/revisions"}],"wp:featuredmedia":[{"embeddable":true,"href":"https:\/\/www.europesays.com\/es\/wp-json\/wp\/v2\/media\/203889"}],"wp:attachment":[{"href":"https:\/\/www.europesays.com\/es\/wp-json\/wp\/v2\/media?parent=203888"}],"wp:term":[{"taxonomy":"category","embeddable":true,"href":"https:\/\/www.europesays.com\/es\/wp-json\/wp\/v2\/categories?post=203888"},{"taxonomy":"post_tag","embeddable":true,"href":"https:\/\/www.europesays.com\/es\/wp-json\/wp\/v2\/tags?post=203888"}],"curies":[{"name":"wp","href":"https:\/\/api.w.org\/{rel}","templated":true}]}}