{"id":203890,"date":"2025-10-27T16:30:10","date_gmt":"2025-10-27T16:30:10","guid":{"rendered":"https:\/\/www.europesays.com\/es\/203890\/"},"modified":"2025-10-27T16:30:10","modified_gmt":"2025-10-27T16:30:10","slug":"el-gesto-de-la-reina-letizia-que-demuestra-su-empatia-con-la-prensa","status":"publish","type":"post","link":"https:\/\/www.europesays.com\/es\/203890\/","title":{"rendered":"El gesto de la reina Letizia que demuestra su empat\u00eda con la prensa"},"content":{"rendered":"<p id=\"eIwmlLzp1F\" data-wc=\"116\">La visita de los reyes Felipe y Letizia y sus hijas, la princesa Leonor y la infanta Sof\u00eda, a Valdesoto, el nombrado <a class=\"hm-link ho-link\" href=\"https:\/\/www.hola.com\/realeza\/casa_espanola\/20251025863541\/pueblo-ejemplar-asturias-2025-princesa-leonor-en-directo\/\" data-mrf-recirculation=\"article-body-link\" rel=\"nofollow noopener\" target=\"_blank\">Pueblo Ejemplar 2025<\/a>, ha dejado unos cuantos momentos para el recuerdo. Como la divertida <a class=\"hm-link ho-link\" href=\"https:\/\/www.hola.com\/actualidad\/20251025863682\/asi-fue-la-divertida-propuesta-de-matrimonio-a-la-princesa-leonor-en-plena-visita-al-pueblo-ejemplar\/\" data-mrf-recirculation=\"article-body-link\" rel=\"nofollow noopener\" target=\"_blank\">propuesta de matrimonio<\/a> a la Princesa de Asturias. La Familia Real recorri\u00f3 esta localidad en el concejo de Siero y se mostr\u00f3 cercana y cari\u00f1osa con los ciudadanos, pero tambi\u00e9n con la prensa. Especialmente do\u00f1a Letizia.<strong> La Reina, que tambi\u00e9n fue periodista, se acerc\u00f3 a ellos para asegurarse de que se encontraban bien,<\/strong> interes\u00e1ndose por su opini\u00f3n sobre la visita al pueblo. De esta forma, mostr\u00f3 su empat\u00eda con quienes ejercen su antigua profesi\u00f3n, como puedes ver en este v\u00eddeo.<\/p>\n","protected":false},"excerpt":{"rendered":"La visita de los reyes Felipe y Letizia y sus hijas, la princesa Leonor y la infanta Sof\u00eda,&hellip;\n","protected":false},"author":2,"featured_media":203891,"comment_status":"","ping_status":"","sticky":false,"template":"","format":"standard","meta":{"footnotes":""},"categories":[174],"tags":[255,146,147,25,24,256,1027,1029,11362,23],"class_list":{"0":"post-203890","1":"post","2":"type-post","3":"status-publish","4":"format-standard","5":"has-post-thumbnail","7":"category-famosos","8":"tag-celebrities","9":"tag-entertainment","10":"tag-entretenimiento","11":"tag-es","12":"tag-espana","13":"tag-famosos","14":"tag-realeza","15":"tag-realeza-espanola","16":"tag-reina-letizia","17":"tag-spain"},"share_on_mastodon":{"url":"https:\/\/pubeurope.com\/@es\/115447085515715422","error":""},"_links":{"self":[{"href":"https:\/\/www.europesays.com\/es\/wp-json\/wp\/v2\/posts\/203890","targetHints":{"allow":["GET"]}}],"collection":[{"href":"https:\/\/www.europesays.com\/es\/wp-json\/wp\/v2\/posts"}],"about":[{"href":"https:\/\/www.europesays.com\/es\/wp-json\/wp\/v2\/types\/post"}],"author":[{"embeddable":true,"href":"https:\/\/www.europesays.com\/es\/wp-json\/wp\/v2\/users\/2"}],"replies":[{"embeddable":true,"href":"https:\/\/www.europesays.com\/es\/wp-json\/wp\/v2\/comments?post=203890"}],"version-history":[{"count":0,"href":"https:\/\/www.europesays.com\/es\/wp-json\/wp\/v2\/posts\/203890\/revisions"}],"wp:featuredmedia":[{"embeddable":true,"href":"https:\/\/www.europesays.com\/es\/wp-json\/wp\/v2\/media\/203891"}],"wp:attachment":[{"href":"https:\/\/www.europesays.com\/es\/wp-json\/wp\/v2\/media?parent=203890"}],"wp:term":[{"taxonomy":"category","embeddable":true,"href":"https:\/\/www.europesays.com\/es\/wp-json\/wp\/v2\/categories?post=203890"},{"taxonomy":"post_tag","embeddable":true,"href":"https:\/\/www.europesays.com\/es\/wp-json\/wp\/v2\/tags?post=203890"}],"curies":[{"name":"wp","href":"https:\/\/api.w.org\/{rel}","templated":true}]}}