{"id":203894,"date":"2025-10-27T16:33:11","date_gmt":"2025-10-27T16:33:11","guid":{"rendered":"https:\/\/www.europesays.com\/es\/203894\/"},"modified":"2025-10-27T16:33:11","modified_gmt":"2025-10-27T16:33:11","slug":"elena-rodriguez-madre-de-adara-molinero-abandono-la-gala-de-supervivientes-por-un-problema-de-salud-familiar","status":"publish","type":"post","link":"https:\/\/www.europesays.com\/es\/203894\/","title":{"rendered":"Elena Rodr\u00edguez, madre de Adara Molinero, abandon\u00f3 la gala de &#8216;Supervivientes&#8217; por un problema de salud familiar"},"content":{"rendered":"<p class=\"c-paragraph\">El paso de <a href=\"https:\/\/www.20minutos.es\/tags\/personas\/adara-molinero.html\" title=\"Adara Molinero\" rel=\"nofollow noopener\" target=\"_blank\">Adara Molinero<\/a> por<a href=\"https:\/\/www.20minutos.es\/tags\/temas\/supervivientes.html\" title=\"Supervivientes\" rel=\"nofollow noopener\" target=\"_blank\"> Supervivientes: All Stars 2<\/a> no est\u00e1 siendo sencillo.<b> A las puertas de la gran final, los nervios no hacen m\u00e1s que aumentar,<\/b> especialmente tras la expulsi\u00f3n de <a href=\"https:\/\/www.20minutos.es\/tags\/personas\/gloria-camila.html\" title=\"Gloria Camila\" rel=\"nofollow noopener\" target=\"_blank\">Gloria Camila<\/a>. Y es que, aunque Molinero ya particip\u00f3 en concursos de estas caracter\u00edsticas, lo cierto es que las emociones est\u00e1n a flor de piel.\u00a0<\/p>\n<p class=\"c-paragraph\">Prueba de ello se vivi\u00f3 recientemente con su duro encontronazo con Miri P\u00e9rez-Cabrero, con quien no deja de tener problemas. Sin embargo,<b> lo cierto es que los conflictos no solo rodean a la televisiva en Cayos Cochinos<\/b>, sino que en Espa\u00f1a tambi\u00e9n le esperan todos las preocupaciones que dej\u00f3 atr\u00e1s para poner rumbo a <a href=\"https:\/\/www.20minutos.es\/tags\/lugares\/honduras.html\" title=\"Honduras\" rel=\"nofollow noopener\" target=\"_blank\">Honduras<\/a>.\u00a0<\/p>\n<p class=\"c-paragraph\">Porque en la octava gala la madre de la concursante,<b> <a href=\"https:\/\/www.20minutos.es\/tags\/personas\/elena-rodriguez.html\" title=\"Elena Rodr\u00edguez\" rel=\"nofollow noopener\" target=\"_blank\">Elena Rodr\u00edguez<\/a>, no pudo terminar la grabaci\u00f3n debido a un grave problema de salud en la familia.<\/b> Como as\u00ed explic\u00f3 a trav\u00e9s de su perfil de <a href=\"https:\/\/www.20minutos.es\/tags\/temas\/instagram.html\" title=\"Instagram\" rel=\"nofollow noopener\" target=\"_blank\">Instagram<\/a>, su madre y abuela de Adara tuvo que ser ingresada en el hospital de urgencia.<b> \u00abAyer me tuve que marchar de la gala porque ingresaron a mi mam\u00e1\u00bb, <\/b>explic\u00f3 junto a una fotograf\u00eda en el centro de salud.\u00a0<\/p>\n<p class=\"c-paragraph\">Porque, seg\u00fan explic\u00f3, la mujer padece <a href=\"https:\/\/www.20minutos.es\/tags\/temas\/alzheimer.html\" title=\"Alzh\u00e9imer\" rel=\"nofollow noopener\" target=\"_blank\">Alzheimer <\/a>desde hace \u00abmuchos a\u00f1os\u00bb, por lo que tuvo que ser ingresada. \u00abLo explico porque me hab\u00e9is preguntado mucho. <b>Ella ya se encuentra un poquito mejor. Gracias a todos por preocuparos<\/b>\u00ab, destac\u00f3 agradecida a todos sus seguidores. As\u00ed, por el momento Elena permanecer\u00e1 junto a su madre en el hospital.\u00a0<\/p>\n<p class=\"c-paragraph\">Mientras tanto, y teniendo en cuenta que se encuentra sola, pues su hija sigue en Supervivientes, Elena opt\u00f3 por la compa\u00f1\u00eda de un buen libro. En su caso, la obra elegida fue\u00a0<b><b>La rueda de la vida, de Elizabeth K\u00fcbler-Ross.\u00a0<\/b><\/b>\u00abEs un libro profundo y lleno de luz. Elizabeth K\u00fcbler-Ross nos ense\u00f1a a entender la vida, la muerte y el sentido de cada experiencia con una mirada llena de amor y esperanza\u00bb, explic\u00f3.\u00a0<\/p>\n","protected":false},"excerpt":{"rendered":"El paso de Adara Molinero por Supervivientes: All Stars 2 no est\u00e1 siendo sencillo. A las puertas de&hellip;\n","protected":false},"author":2,"featured_media":203895,"comment_status":"","ping_status":"","sticky":false,"template":"","format":"standard","meta":{"footnotes":""},"categories":[171],"tags":[24893,7113,146,147,25,24,3354,24894,416,23,214],"class_list":{"0":"post-203894","1":"post","2":"type-post","3":"status-publish","4":"format-standard","5":"has-post-thumbnail","7":"category-tv","8":"tag-adara","9":"tag-elena","10":"tag-entertainment","11":"tag-entretenimiento","12":"tag-es","13":"tag-espana","14":"tag-madre","15":"tag-molinero","16":"tag-rodriguez","17":"tag-spain","18":"tag-tv"},"share_on_mastodon":{"url":"https:\/\/pubeurope.com\/@es\/115447097234210360","error":""},"_links":{"self":[{"href":"https:\/\/www.europesays.com\/es\/wp-json\/wp\/v2\/posts\/203894","targetHints":{"allow":["GET"]}}],"collection":[{"href":"https:\/\/www.europesays.com\/es\/wp-json\/wp\/v2\/posts"}],"about":[{"href":"https:\/\/www.europesays.com\/es\/wp-json\/wp\/v2\/types\/post"}],"author":[{"embeddable":true,"href":"https:\/\/www.europesays.com\/es\/wp-json\/wp\/v2\/users\/2"}],"replies":[{"embeddable":true,"href":"https:\/\/www.europesays.com\/es\/wp-json\/wp\/v2\/comments?post=203894"}],"version-history":[{"count":0,"href":"https:\/\/www.europesays.com\/es\/wp-json\/wp\/v2\/posts\/203894\/revisions"}],"wp:featuredmedia":[{"embeddable":true,"href":"https:\/\/www.europesays.com\/es\/wp-json\/wp\/v2\/media\/203895"}],"wp:attachment":[{"href":"https:\/\/www.europesays.com\/es\/wp-json\/wp\/v2\/media?parent=203894"}],"wp:term":[{"taxonomy":"category","embeddable":true,"href":"https:\/\/www.europesays.com\/es\/wp-json\/wp\/v2\/categories?post=203894"},{"taxonomy":"post_tag","embeddable":true,"href":"https:\/\/www.europesays.com\/es\/wp-json\/wp\/v2\/tags?post=203894"}],"curies":[{"name":"wp","href":"https:\/\/api.w.org\/{rel}","templated":true}]}}