{"id":203900,"date":"2025-10-27T16:36:18","date_gmt":"2025-10-27T16:36:18","guid":{"rendered":"https:\/\/www.europesays.com\/es\/203900\/"},"modified":"2025-10-27T16:36:18","modified_gmt":"2025-10-27T16:36:18","slug":"el-emotivo-mensaje-de-toni-doblas-para-despedirse-del-legendario-portero-ochotorena","status":"publish","type":"post","link":"https:\/\/www.europesays.com\/es\/203900\/","title":{"rendered":"El emotivo mensaje de Toni Doblas para despedirse del legendario portero Ochotorena"},"content":{"rendered":"<p class=\"voc-p\" style=\"\"><strong>Toni Dobla<\/strong><strong>s<\/strong>, preparador de porteros del <strong>Real Bet<\/strong>is, ha lamentado a trav\u00e9s de su perfil en la red social X (anteriormente Twitter), el fallecimiento este lunes 27 de octubre de <strong>Ochotorena<\/strong>, antiguo entrenador de arqueros del <strong>Valencia CF<\/strong>, del <strong>Liverpool<\/strong>  &#8230; y de la <strong>selecci\u00f3n espa\u00f1ola<\/strong>. En los a\u00f1os 80, <strong>Ochotorena<\/strong> fue portero del <strong>Real Madrid<\/strong>, donde gan\u00f3 tres ligas, dos copas de la UEFA y una copa de la liga. En 1988 se march\u00f3 al <strong>Valenci<\/strong>a, consiguiendo el <strong>Trofeo Zamora<\/strong> de Primera Divisi\u00f3n encajando <strong>25 goles<\/strong> en <strong>38 partidos<\/strong>. <\/p>\n<p class=\"voc-p\" style=\"\">El fallecimiento de la leyenda de la selecci\u00f3n espa\u00f1ola ha originado una gran cantidad de mensajes por parte de muchas personas ligadas al f\u00fatbol. Uno de los que ha querido recordarle ha sido <strong>Toni Doblas<\/strong>: \u00abDEP compa\u00f1ero. De peque\u00f1o quise volar como Ochotorena y despu\u00e9s intent\u00e9 exprimir tus conocimientos sobre el entrenamiento del portero en cada una de nuestras conversaciones. Gracias por tu legado en la porter\u00eda. Jam\u00e1s te olvidaremos Ochoto\u00bb.<\/p>\n<blockquote class=\"twitter-tweet\">\n<p lang=\"es\" dir=\"ltr\">DEP compa\u00f1ero!!! \ud83d\ude22 <br \/>De peque\u00f1o quise volar como Ochotorena y despu\u00e9s intent\u00e9 exprimir tus conocimientos sobre el entrenamiento del portero en cada una de nuestras conversaciones. Gracias por tu legado en la porter\u00eda. Jam\u00e1s te olvidaremos Ochoto \ud83e\udef6 <a href=\"https:\/\/t.co\/0Yq5uaixQR\" rel=\"nofollow\">https:\/\/t.co\/0Yq5uaixQR<\/a><\/p>\n<p>\u2014 TONI DOBLAS (@tonidoblas1) <a href=\"https:\/\/twitter.com\/tonidoblas1\/status\/1982723301668438377?ref_src=twsrc%5Etfw\" rel=\"nofollow noopener\" target=\"_blank\">October 27, 2025<\/a><\/p><\/blockquote>\n<p class=\"voc-p\" style=\"\"><strong>Ochotorena<\/strong> lleg\u00f3 a disputar 167 partidos en Primera Divisi\u00f3n, repartidos entre sus etapas en el Real Madrid, Valencia, Tenerife, Logro\u00f1\u00e9s y Racing de Santander. Asimismo, fue uno de los guardametas que fueron convocados con Espa\u00f1a para el Mundial de Italia de 1990.<\/p>\n<p>\nArt\u00edculo solo para suscriptores\n<\/p>\n<p>Reportar un error<\/p>\n<p><script async src=\"https:\/\/platform.twitter.com\/widgets.js\" charset=\"utf-8\"><\/script><\/p>\n","protected":false},"excerpt":{"rendered":"Toni Doblas, preparador de porteros del Real Betis, ha lamentado a trav\u00e9s de su perfil en la red&hellip;\n","protected":false},"author":2,"featured_media":203901,"comment_status":"","ping_status":"","sticky":false,"template":"","format":"standard","meta":{"footnotes":""},"categories":[93],"tags":[168,6193,55862,25,24,55863,23,167,19182],"class_list":{"0":"post-203900","1":"post","2":"type-post","3":"status-publish","4":"format-standard","5":"has-post-thumbnail","7":"category-deportes","8":"tag-deportes","9":"tag-despide","10":"tag-doblas","11":"tag-es","12":"tag-espana","13":"tag-ochotorena","14":"tag-spain","15":"tag-sports","16":"tag-toni"},"share_on_mastodon":{"url":"https:\/\/pubeurope.com\/@es\/115447108923189297","error":""},"_links":{"self":[{"href":"https:\/\/www.europesays.com\/es\/wp-json\/wp\/v2\/posts\/203900","targetHints":{"allow":["GET"]}}],"collection":[{"href":"https:\/\/www.europesays.com\/es\/wp-json\/wp\/v2\/posts"}],"about":[{"href":"https:\/\/www.europesays.com\/es\/wp-json\/wp\/v2\/types\/post"}],"author":[{"embeddable":true,"href":"https:\/\/www.europesays.com\/es\/wp-json\/wp\/v2\/users\/2"}],"replies":[{"embeddable":true,"href":"https:\/\/www.europesays.com\/es\/wp-json\/wp\/v2\/comments?post=203900"}],"version-history":[{"count":0,"href":"https:\/\/www.europesays.com\/es\/wp-json\/wp\/v2\/posts\/203900\/revisions"}],"wp:featuredmedia":[{"embeddable":true,"href":"https:\/\/www.europesays.com\/es\/wp-json\/wp\/v2\/media\/203901"}],"wp:attachment":[{"href":"https:\/\/www.europesays.com\/es\/wp-json\/wp\/v2\/media?parent=203900"}],"wp:term":[{"taxonomy":"category","embeddable":true,"href":"https:\/\/www.europesays.com\/es\/wp-json\/wp\/v2\/categories?post=203900"},{"taxonomy":"post_tag","embeddable":true,"href":"https:\/\/www.europesays.com\/es\/wp-json\/wp\/v2\/tags?post=203900"}],"curies":[{"name":"wp","href":"https:\/\/api.w.org\/{rel}","templated":true}]}}