{"id":203930,"date":"2025-10-27T16:56:12","date_gmt":"2025-10-27T16:56:12","guid":{"rendered":"https:\/\/www.europesays.com\/es\/203930\/"},"modified":"2025-10-27T16:56:12","modified_gmt":"2025-10-27T16:56:12","slug":"carmen-se-rencuentra-con-un-antiguo-amor-en-el-avance-del-capitulo-424-de-martes-28-de-octubre-de-suenos-de-libertad-la-serie-diaria-de-antena-3","status":"publish","type":"post","link":"https:\/\/www.europesays.com\/es\/203930\/","title":{"rendered":"Carmen se rencuentra con un antiguo amor en el avance del cap\u00edtulo 424 de martes 28 de octubre de &#8216;Sue\u00f1os de libertad&#8217;, la serie diaria de Antena 3"},"content":{"rendered":"<p data-journey-content=\"true\" data-node-id=\"3\" class=\"body-dropcap css-1snhsjb emevuu60\">En los \u00faltimos cap\u00edtulos de &#8216;<a href=\"https:\/\/www.diezminutos.es\/suenos-de-libertad\/\" target=\"_blank\" data-vars-ga-outbound-link=\"https:\/\/www.diezminutos.es\/suenos-de-libertad\/\" data-vars-ga-ux-element=\"Hyperlink\" data-vars-ga-call-to-action=\"Sue\u00f1os de libertad\" data-node-id=\"3.1\" class=\"body-link css-177bzfx emevuu60\" rel=\"nofollow noopener\">Sue\u00f1os de libertad<\/a>&#8216;, <strong data-node-id=\"3.3\">Marta sigue pensando en Fina. <\/strong>Por otro lado, Joaqu\u00edn no puede ocultar su inquietud ante <a href=\"https:\/\/www.diezminutos.es\/telenovela\/espanolas\/a64620981\/suenos-de-libertad-capitulos-299-a-303-avance-semanal-del-5-al-9-de-mayo-antena-3\/\" target=\"_blank\" data-vars-ga-outbound-link=\"https:\/\/www.diezminutos.es\/telenovela\/espanolas\/a64620981\/suenos-de-libertad-capitulos-299-a-303-avance-semanal-del-5-al-9-de-mayo-antena-3\/\" data-vars-ga-ux-element=\"Hyperlink\" data-vars-ga-call-to-action=\"su \u00faltima conversaci\u00f3n con Digna.\" data-node-id=\"3.5\" class=\"body-link css-177bzfx emevuu60\" rel=\"nofollow noopener\">su \u00faltima conversaci\u00f3n con Digna.<\/a> Bego\u00f1a y Digna, afectadas por la situaci\u00f3n de Andr\u00e9s, revelan a Julia un importante secreto, a la par que Chema regresa de su ruta y se encuentra con la consecuencia del accidente. Por otro lado, Gaspar comparte las preocupaciones de los operarios con Tasio, quien se muestra herm\u00e9tico. Al mismo tiempo, Bego\u00f1a, enterada por Dami\u00e1n de la recuperaci\u00f3n de Mar\u00eda, comparte con Luz sus sospechas sobre la supuesta mejor\u00eda. Adem\u00e1s, <strong data-node-id=\"3.7\">Claudia duda si marcharse<\/strong> tan pronto despu\u00e9s de lo sucedido.<\/p>\n<p><img draggable=\"true\" alt=\"sue\u00f1os de libertad\" title=\"Sue\u00f1os de libertad\" loading=\"lazy\" width=\"3500\" height=\"2334\" decoding=\"async\" data-nimg=\"1\" style=\"color:transparent;width:100%;height:auto;\"   src=\"https:\/\/www.europesays.com\/es\/wp-content\/uploads\/2025\/10\/alta-sdl-t03-e410-10-11-29-4-25cjose-alberto-puertas-243-68de3db84abfd.jpg\" class=\"css-0 e1g79fud0\"\/><\/p>\n<p>Add antena 3<\/p>\n<p>Gabriel manipula a Tasio en &#8216;Sue\u00f1os de libertad&#8217; <\/p>\n<p data-journey-content=\"true\" data-node-id=\"8\" class=\"css-6wxqfj emevuu60\">Tasio recibe una extra\u00f1a llamada que podr\u00eda cambiar el futuro de la empresa, al mismo tiempo que Marta pide ayuda a Pelayo para salvar a la compa\u00f1\u00eda de la ruina. Adem\u00e1s, Digna queda impactada tras descubrir lo que esconde Bego\u00f1a, quien, por su parte, no puede evitar disimular ante la matriarca lo que todav\u00eda siente por Andr\u00e9s. Y <strong data-node-id=\"8.1\">Claudia toma una determinaci\u00f3n crucial<\/strong> con respecto a su futuro con Ra\u00fal.<\/p>\n<p>Gabriel quiere matar a Andr\u00e9s en &#8216;Sue\u00f1os de libertad&#8217;<img draggable=\"true\" alt=\"sue\u00f1os de libertad\" title=\"Sue\u00f1os de libertad\" loading=\"lazy\" width=\"3500\" height=\"2333\" decoding=\"async\" data-nimg=\"1\" style=\"color:transparent;width:100%;height:auto;\"   src=\"https:\/\/www.europesays.com\/es\/wp-content\/uploads\/2025\/10\/alta-sdl-t03-e422-08-22-5-25-cmanuelfiestas-2970-68f8808209d03.jpg\" class=\"css-0 e1g79fud0\"\/><\/p>\n<p>Manuel Fiestas Moreno<\/p>\n<p data-journey-content=\"true\" data-node-id=\"12\" class=\"css-6wxqfj emevuu60\">En el cap\u00edtulo de este martes, en Antena 3, Luz anuncia a la familia que Andr\u00e9s podr\u00eda despertar. Al mismo tiempo, Cristina respalda a Luis en su negativa a vender las patentes y <strong data-node-id=\"12.1\">Marta y Tasio lo descubren<\/strong> y le reprochan que se lo haya ocultado. Adem\u00e1s, Bego\u00f1a celebra la noticia sobre Andr\u00e9s, aunque desconoce las posibles secuelasque pueda tener al despertar.En otro orden de cosas, Carmen tiene un encuentro con David y m\u00e1s tarde se lo cuenta a Tasio, aunque oculta lo que los une. Por otro lado, Gaspar y Claudia animan a los trabajadores a intentar revertir la situaci\u00f3n de la f\u00e1brica. Al mismo tiempo, Gabriel, movido por el temor a que Andr\u00e9s despierte, toma una arriesgada decisi\u00f3n.<\/p>\n<p><img src=\"https:\/\/www.europesays.com\/es\/wp-content\/uploads\/2025\/10\/1761584172_617_43af9b8f-983e-4e74-8e74-9a7479b0966b_1681831601.file\" alt=\"Headshot of Pilar Mart\u00ednez\" title=\"Headshot of Pilar Mart\u00ednez\" width=\"100%\" height=\"100%\" decoding=\"async\" loading=\"lazy\" class=\"css-o0wq4v ev8dhu53\"\/><\/p>\n<p>Pilar Mart\u00ednez es periodista especializada en contenidos de televisi\u00f3n y cultura, se gradu\u00f3 en la carrera en Periodismo en la Facultad de Ciencias de la Informaci\u00f3n (Universidad Complutense de Madrid) en el a\u00f1o 2018. Desde entonces ha pasado por las redacciones de Ecoteuve (El Economista), donde realiz\u00f3 sus primeras pr\u00e1cticas durante el verano del 2016.<\/p>\n<p>Posteriormente, concretamente, en el a\u00f1o 2017 se pas\u00f3 al grupo Hearst Espa\u00f1a, donde comenz\u00f3 su andadura en las revistas de televisi\u00f3n: Supertele, Teleprograma, Telenovela. Ahora colabora con Diez Minutos, en su versi\u00f3n web, donde se encarga de realizar los avances semanales de las ficciones diarias de moda, as\u00ed como entrevistas y art\u00edculos sobre los melodramas o telenovelas que aterrizan en nuestro pa\u00eds y aquellos que est\u00e1n por venir.<\/p>\n<p>Toda una cazadora de exclusivas. A esto, se suma su puesto como redactora jefe de la secci\u00f3n de novela narrativa en la revista Culturamas, medio digital de alto impacto al que lleva unida desde el a\u00f1o 2013. \u00c1vida lectora, cin\u00e9fila y seri\u00e9fila de primer nivel, ha hecho de su vocaci\u00f3n su oficio. \u00a0<\/p>\n","protected":false},"excerpt":{"rendered":"En los \u00faltimos cap\u00edtulos de &#8216;Sue\u00f1os de libertad&#8216;, Marta sigue pensando en Fina. Por otro lado, Joaqu\u00edn no&hellip;\n","protected":false},"author":2,"featured_media":203931,"comment_status":"","ping_status":"","sticky":false,"template":"","format":"standard","meta":{"footnotes":""},"categories":[171],"tags":[253,146,147,25,24,23,214],"class_list":{"0":"post-203930","1":"post","2":"type-post","3":"status-publish","4":"format-standard","5":"has-post-thumbnail","7":"category-tv","8":"tag-discover","9":"tag-entertainment","10":"tag-entretenimiento","11":"tag-es","12":"tag-espana","13":"tag-spain","14":"tag-tv"},"share_on_mastodon":{"url":"https:\/\/pubeurope.com\/@es\/115447187774889432","error":""},"_links":{"self":[{"href":"https:\/\/www.europesays.com\/es\/wp-json\/wp\/v2\/posts\/203930","targetHints":{"allow":["GET"]}}],"collection":[{"href":"https:\/\/www.europesays.com\/es\/wp-json\/wp\/v2\/posts"}],"about":[{"href":"https:\/\/www.europesays.com\/es\/wp-json\/wp\/v2\/types\/post"}],"author":[{"embeddable":true,"href":"https:\/\/www.europesays.com\/es\/wp-json\/wp\/v2\/users\/2"}],"replies":[{"embeddable":true,"href":"https:\/\/www.europesays.com\/es\/wp-json\/wp\/v2\/comments?post=203930"}],"version-history":[{"count":0,"href":"https:\/\/www.europesays.com\/es\/wp-json\/wp\/v2\/posts\/203930\/revisions"}],"wp:featuredmedia":[{"embeddable":true,"href":"https:\/\/www.europesays.com\/es\/wp-json\/wp\/v2\/media\/203931"}],"wp:attachment":[{"href":"https:\/\/www.europesays.com\/es\/wp-json\/wp\/v2\/media?parent=203930"}],"wp:term":[{"taxonomy":"category","embeddable":true,"href":"https:\/\/www.europesays.com\/es\/wp-json\/wp\/v2\/categories?post=203930"},{"taxonomy":"post_tag","embeddable":true,"href":"https:\/\/www.europesays.com\/es\/wp-json\/wp\/v2\/tags?post=203930"}],"curies":[{"name":"wp","href":"https:\/\/api.w.org\/{rel}","templated":true}]}}