{"id":203936,"date":"2025-10-27T16:59:16","date_gmt":"2025-10-27T16:59:16","guid":{"rendered":"https:\/\/www.europesays.com\/es\/203936\/"},"modified":"2025-10-27T16:59:16","modified_gmt":"2025-10-27T16:59:16","slug":"muere-jorge-casado-cadete-del-real-zaragoza-y-una-de-las-grandes-esperanzas-del-futbol-aragones","status":"publish","type":"post","link":"https:\/\/www.europesays.com\/es\/203936\/","title":{"rendered":"Muere Jorge Casado, cadete del Real Zaragoza y una de las grandes esperanzas del f\u00fatbol aragon\u00e9s"},"content":{"rendered":"<p>            Muere Jorge Casado, cadete del Real Zaragoza y una de las grandes esperanzas del f\u00fatbol aragon\u00e9s                <\/p>\n<p>Muere Jorge Casado, cadete del Real Zaragoza y una de las grandes esperanzas del f\u00fatbol aragon\u00e9s<\/p>\n<p class=\"epigraph\">El defensa del equipo de Divisi\u00f3n de Honor cadete, de 15 a\u00f1os de edad, ha fallecido esta pasada madrugada por causas naturales, y su p\u00e9rdida ha causado una enorme conmoci\u00f3n este lunes.<\/p>\n<p class=\"paragraph\">Conmoci\u00f3n en la Ciudad Deportiva del Real Zaragoza y en el f\u00fatbol de formaci\u00f3n en Arag\u00f3n. <b>En la madrugada de este lunes ha fallecido Jorge Casado Roche, defensa central del equipo de Divisi\u00f3n de Honor Cadete<\/b>. El joven futbolista, de 15 a\u00f1os de edad, y uno de los puntales de este conjunto, ha muerto por causas naturales en su domicilio, seg\u00fan ha podido saber HERALDO. El velatorio se abrir\u00e1 este martes a las 10.30 en el complejo de Torrero, en cuya capilla 1 se celebrar\u00e1 su funeral este mi\u00e9rcoles a las 10.00.<\/p>\n<p>            Conforme a los criterios de<br \/>\n            <a class=\"trustproject_img\" id=\"trustproject_img\" href=\"https:\/\/thetrustproject.org\/\" target=\"_blank\" rel=\"nofollow noopener\" aria-label=\"Trust Project\"><img decoding=\"async\" loading=\"lazy\" src=\"https:\/\/www.heraldo.es\/images\/Trust-Logo-Horizontal.svg\" alt=\"Logo Trust Project\" width=\"200\" height=\"34\"\/><\/a><\/p>\n<p>        <a href=\"https:\/\/www.henneo.com\/\" title=\"Grupo Henneo\" class=\"logo\" rel=\"nofollow noopener\" target=\"_blank\"><br \/>\n            <img decoding=\"async\" src=\"https:\/\/www.heraldo.es\/images\/logo_henneo_gris.svg\" alt=\"Logo Henneo\" width=\"559\" height=\"389\" loading=\"lazy\"\/><br \/>\n        <\/a><\/p>\n<p>\u00a9 HERALDO DE ARAGON EDITORA, S.L.U.<br \/>Tel\u00e9fono 976 765 000 \/ &#8211; P\u00ba. Independencia, 29, 50001 Zaragoza &#8211; CIF: B99288763 &#8211; Inscrita en el Registro Mercantil de Zaragoza al Tomo 3796, Libro 0, Folio 177, Secci\u00f3n 8, Hoja Z-50564<br \/>Queda prohibida toda reproducci\u00f3n sin permiso escrito de la empresa a los efectos del art\u00edculo 32.1, p\u00e1rrafo segundo, de la Ley de Propiedad Intelectual<\/p>\n<p>\n                P\u00ba Independencia, 29, 50001 Zaragoza<br \/> Tel\u00e9fono 976 765 000\n            <\/p>\n<p>                    Actualmente tu navegador no permite ejecutar JavaScript. Para poder disfrutar de nuestro contenido es necesario que lo permita.<br \/>\n                                        <img decoding=\"async\" loading=\"lazy\" alt=\"Heraldo logo\" src=\"https:\/\/dkumiip2e9ary.cloudfront.net\/xalok\/heraldo\/especiales\/hola-de-nuevo\/logo-heraldo.svg\" width=\"215\" height=\"43\"\/><\/p>\n","protected":false},"excerpt":{"rendered":"Muere Jorge Casado, cadete del Real Zaragoza y una de las grandes esperanzas del f\u00fatbol aragon\u00e9s Muere Jorge&hellip;\n","protected":false},"author":2,"featured_media":203937,"comment_status":"","ping_status":"","sticky":false,"template":"","format":"standard","meta":{"footnotes":""},"categories":[93],"tags":[15593,777,168,7963,25,24,9635,23,167,491],"class_list":{"0":"post-203936","1":"post","2":"type-post","3":"status-publish","4":"format-standard","5":"has-post-thumbnail","7":"category-deportes","8":"tag-cadete","9":"tag-ciudad","10":"tag-deportes","11":"tag-deportiva","12":"tag-es","13":"tag-espana","14":"tag-esperanzas","15":"tag-spain","16":"tag-sports","17":"tag-zaragoza"},"share_on_mastodon":{"url":"https:\/\/pubeurope.com\/@es\/115447199806986711","error":""},"_links":{"self":[{"href":"https:\/\/www.europesays.com\/es\/wp-json\/wp\/v2\/posts\/203936","targetHints":{"allow":["GET"]}}],"collection":[{"href":"https:\/\/www.europesays.com\/es\/wp-json\/wp\/v2\/posts"}],"about":[{"href":"https:\/\/www.europesays.com\/es\/wp-json\/wp\/v2\/types\/post"}],"author":[{"embeddable":true,"href":"https:\/\/www.europesays.com\/es\/wp-json\/wp\/v2\/users\/2"}],"replies":[{"embeddable":true,"href":"https:\/\/www.europesays.com\/es\/wp-json\/wp\/v2\/comments?post=203936"}],"version-history":[{"count":0,"href":"https:\/\/www.europesays.com\/es\/wp-json\/wp\/v2\/posts\/203936\/revisions"}],"wp:featuredmedia":[{"embeddable":true,"href":"https:\/\/www.europesays.com\/es\/wp-json\/wp\/v2\/media\/203937"}],"wp:attachment":[{"href":"https:\/\/www.europesays.com\/es\/wp-json\/wp\/v2\/media?parent=203936"}],"wp:term":[{"taxonomy":"category","embeddable":true,"href":"https:\/\/www.europesays.com\/es\/wp-json\/wp\/v2\/categories?post=203936"},{"taxonomy":"post_tag","embeddable":true,"href":"https:\/\/www.europesays.com\/es\/wp-json\/wp\/v2\/tags?post=203936"}],"curies":[{"name":"wp","href":"https:\/\/api.w.org\/{rel}","templated":true}]}}