{"id":203949,"date":"2025-10-27T17:06:08","date_gmt":"2025-10-27T17:06:08","guid":{"rendered":"https:\/\/www.europesays.com\/es\/203949\/"},"modified":"2025-10-27T17:06:08","modified_gmt":"2025-10-27T17:06:08","slug":"sheinbaum-sobre-el-perdon-de-espana-nunca-estuvimos-de-acuerdo-con-la-manera-en-que-respondieron-seguimos-esperando","status":"publish","type":"post","link":"https:\/\/www.europesays.com\/es\/203949\/","title":{"rendered":"Sheinbaum, sobre el perd\u00f3n de Espa\u00f1a: \u201cNunca estuvimos de acuerdo con la manera en que respondieron, seguimos esperando\u201d"},"content":{"rendered":"<p class=\"\">La presidenta de M\u00e9xico, Claudia Sheinbaum, ha vuelto a insistir este lunes en el nudo gordiano de <a href=\"https:\/\/elpais.com\/mexico\/2025-10-27\/pedro-sanchez-intento-convencer-a-sheinbaum-de-que-invitara-al-rey-a-su-toma-de-posesion-le-respondi-que-no-era-el-momento-adecuado.html\" target=\"_self\" rel=\"nofollow noopener\" title=\"https:\/\/elpais.com\/mexico\/2025-10-27\/pedro-sanchez-intento-convencer-a-sheinbaum-de-que-invitara-al-rey-a-su-toma-de-posesion-le-respondi-que-no-era-el-momento-adecuado.html\">la relaci\u00f3n con Espa\u00f1a<\/a>: la carta del perd\u00f3n. La mandataria ha definido esta misiva, que envi\u00f3 su predecesor Andr\u00e9s Manuel L\u00f3pez Obrador en 2019 \u201csolicitando una forma de perd\u00f3n por las atrocidades del pasado\u201d, como \u201cmuy diplom\u00e1tica\u201d, y que fue contestada \u201cde una manera poco diplom\u00e1tica, con una campa\u00f1a contra el presidente en Espa\u00f1a\u201d. \u201cNunca estuvimos de acuerdo con la manera en la que respondieron y est\u00e1bamos de acuerdo con la carta que hab\u00eda enviado el presidente L\u00f3pez Obrador y pues todav\u00eda seguimos esperando esta respuesta\u201d, ha dicho Sheinbaum desde Palacio Nacional. En ese escenario, ante las preguntas de un periodista, la presidenta ha dudado sobre c\u00f3mo responder a las palabras de la princesa Leonor, que se\u00f1al\u00f3 que quer\u00eda conocer el Bosque de Chapultepec, en Ciudad de M\u00e9xico. \u201cBueno&#8230; vamos a ver\u201d, es todo lo que ha concedido la mandataria.<\/p>\n<p>M\u00e1s informaci\u00f3n<\/p>\n<p class=\"\">El v\u00ednculo cultural entre Espa\u00f1a y M\u00e9xico est\u00e1 en un momento de esplendor. Espa\u00f1a ha otorgado dos premios Princesa de Asturias este a\u00f1o al pa\u00eds: el de las Artes, <a href=\"https:\/\/elpais.com\/mexico\/2025-10-24\/graciela-iturbide-y-la-revolucion-silenciosa-de-la-fotografia-mexicana.html\" target=\"_self\" rel=\"nofollow noopener\" title=\"https:\/\/elpais.com\/mexico\/2025-10-24\/graciela-iturbide-y-la-revolucion-silenciosa-de-la-fotografia-mexicana.html\">a la fot\u00f3grafa Graciela Iturbide<\/a>, y el de la Concordia, <a href=\"https:\/\/elpais.com\/mexico\/2025-10-23\/un-paseo-por-el-museo-nacional-de-antropologia-la-celebracion-del-mexico-indigena-coronada-con-el-premio-princesa-de-asturias.html\" target=\"_self\" rel=\"nofollow noopener\" title=\"https:\/\/elpais.com\/mexico\/2025-10-23\/un-paseo-por-el-museo-nacional-de-antropologia-la-celebracion-del-mexico-indigena-coronada-con-el-premio-princesa-de-asturias.html\">al Museo Nacional de Antropolog\u00eda<\/a>. En el camino de vuelta, el Gobierno de Sheinbaum ha cedido m\u00e1s de 400 piezas prehisp\u00e1nicas para <a href=\"https:\/\/elpais.com\/cultura\/2025-10-26\/el-arte-de-las-mujeres-indigenas-mexicanas-desembarca-en-madrid-para-empezar-a-recuperar-las-relaciones-entre-espana-y-mexico.html\" target=\"_self\" rel=\"nofollow noopener\" title=\"https:\/\/elpais.com\/cultura\/2025-10-26\/el-arte-de-las-mujeres-indigenas-mexicanas-desembarca-en-madrid-para-empezar-a-recuperar-las-relaciones-entre-espana-y-mexico.html\">cuatro exposiciones que se inaugurar\u00e1n esta semana en Madrid<\/a>, centradas en el arte de las mujeres ind\u00edgenas. \u201cNosotros seguimos promoviendo las grandes civilizaciones, que llegaron antes de los espa\u00f1oles, que formaron nuestro pa\u00eds. Y las seguimos promoviendo all\u00e1 para que los espa\u00f1oles sepan de la grandeza cultural de M\u00e9xico\u201d, se ha referido Sheinbaum a la muestra. <\/p>\n<p class=\"\">Con el nombre <a href=\"https:\/\/www.cultura.gob.es\/actualidad\/2025\/10\/251020-exposicion-la-mitad-del-mundo.html\" target=\"_self\" rel=\"nofollow noopener\" title=\"https:\/\/www.cultura.gob.es\/actualidad\/2025\/10\/251020-exposicion-la-mitad-del-mundo.html\">La mitad del mundo. La mujer en el M\u00e9xico ind\u00edgena<\/a>, la exposici\u00f3n se ha interpretado como una muestra de acercamiento entre los dos Gobiernos, que han vivido a\u00f1os de tensi\u00f3n diplom\u00e1tica tras la pol\u00e9mica por la petici\u00f3n de perd\u00f3n a Felipe VI. Durante este tiempo, como ha reconocido la presidenta mexicana, las relaciones no han parado: \u201cCon Espa\u00f1a se tienen relaciones, no se ha roto ninguna relaci\u00f3n. Fue hace poco la secretaria de Cultura, ha ido la secretaria de Turismo, es decir, hay relaciones econ\u00f3micas, pol\u00edticas, tur\u00edsticas&#8230; hay relaciones\u201d. <\/p>\n<p class=\"\">Sin embargo, para el Gobierno mexicano queda pendiente recibir un gesto hacia lo sucedido durante la Conquista espa\u00f1ola. Esto lleg\u00f3 al punto de inflexi\u00f3n de que <a href=\"https:\/\/elpais.com\/espana\/2024-09-25\/el-desaire-al-rey-aviva-el-conflicto-diplomatico-entre-mexico-y-espana.html\" target=\"_self\" rel=\"nofollow noopener\" title=\"https:\/\/elpais.com\/espana\/2024-09-25\/el-desaire-al-rey-aviva-el-conflicto-diplomatico-entre-mexico-y-espana.html\">el Rey ni siquiera fue invitado<\/a> a la toma de posesi\u00f3n de Sheinbaum como presidenta en octubre del a\u00f1o pasado. Ahora, los recientes premios culturales han llevado a la hija de Felipe VI, la princesa Leonor, a pronunciarse sobre M\u00e9xico: \u201cAlg\u00fan d\u00eda espero tener la suerte de adentrarme en ese bosque de Chapultepec y admirar m\u00e1s de 3.000 a\u00f1os de historia. Y ver la Piedra del Sol. Y tantas muestras de vida olmeca, zapoteca, maya, mixteca\u2026 Hoy M\u00e9xico est\u00e1 muy presente\u201d. <\/p>\n<p class=\"\">\u201c\u00bfQu\u00e9 le dir\u00eda a la princesa?\u201c, le ha insistido un periodista. Despu\u00e9s de un silencio, Sheinbaum resuelve con una media sonrisa: \u201cBueno&#8230; vamos a ver\u201d. <\/p>\n","protected":false},"excerpt":{"rendered":"La presidenta de M\u00e9xico, Claudia Sheinbaum, ha vuelto a insistir este lunes en el nudo gordiano de la&hellip;\n","protected":false},"author":2,"featured_media":203950,"comment_status":"","ping_status":"","sticky":false,"template":"","format":"standard","meta":{"footnotes":""},"categories":[5],"tags":[889,229,17,18,18291,25,24,13,14,39354,11,19,20,1804,1906,3873,9,10,15,16,39356,39357,13805,23,12,21,22],"class_list":{"0":"post-203949","1":"post","2":"type-post","3":"status-publish","4":"format-standard","5":"has-post-thumbnail","7":"category-titulares","8":"tag-america","9":"tag-arte","10":"tag-breaking-news","11":"tag-breakingnews","12":"tag-claudia-sheinbaum","13":"tag-es","14":"tag-espana","15":"tag-featured-news","16":"tag-featurednews","17":"tag-gobierno-mexico","18":"tag-headlines","19":"tag-latest-news","20":"tag-latestnews","21":"tag-latinoamerica","22":"tag-mexico","23":"tag-museos","24":"tag-news","25":"tag-noticias","26":"tag-noticias-destacadas","27":"tag-noticiasdestacadas","28":"tag-presidencia-mexico","29":"tag-presidente-mexico","30":"tag-relaciones-bilaterales","31":"tag-spain","32":"tag-titulares","33":"tag-ultimas-noticias","34":"tag-ultimasnoticias"},"share_on_mastodon":{"url":"https:\/\/pubeurope.com\/@es\/115447226876651550","error":""},"_links":{"self":[{"href":"https:\/\/www.europesays.com\/es\/wp-json\/wp\/v2\/posts\/203949","targetHints":{"allow":["GET"]}}],"collection":[{"href":"https:\/\/www.europesays.com\/es\/wp-json\/wp\/v2\/posts"}],"about":[{"href":"https:\/\/www.europesays.com\/es\/wp-json\/wp\/v2\/types\/post"}],"author":[{"embeddable":true,"href":"https:\/\/www.europesays.com\/es\/wp-json\/wp\/v2\/users\/2"}],"replies":[{"embeddable":true,"href":"https:\/\/www.europesays.com\/es\/wp-json\/wp\/v2\/comments?post=203949"}],"version-history":[{"count":0,"href":"https:\/\/www.europesays.com\/es\/wp-json\/wp\/v2\/posts\/203949\/revisions"}],"wp:featuredmedia":[{"embeddable":true,"href":"https:\/\/www.europesays.com\/es\/wp-json\/wp\/v2\/media\/203950"}],"wp:attachment":[{"href":"https:\/\/www.europesays.com\/es\/wp-json\/wp\/v2\/media?parent=203949"}],"wp:term":[{"taxonomy":"category","embeddable":true,"href":"https:\/\/www.europesays.com\/es\/wp-json\/wp\/v2\/categories?post=203949"},{"taxonomy":"post_tag","embeddable":true,"href":"https:\/\/www.europesays.com\/es\/wp-json\/wp\/v2\/tags?post=203949"}],"curies":[{"name":"wp","href":"https:\/\/api.w.org\/{rel}","templated":true}]}}