{"id":203961,"date":"2025-10-27T17:17:25","date_gmt":"2025-10-27T17:17:25","guid":{"rendered":"https:\/\/www.europesays.com\/es\/203961\/"},"modified":"2025-10-27T17:17:25","modified_gmt":"2025-10-27T17:17:25","slug":"elegancia-vintage-un-departamento-se-transforma-con-sencillos-detalles","status":"publish","type":"post","link":"https:\/\/www.europesays.com\/es\/203961\/","title":{"rendered":"Elegancia vintage: Un departamento se transforma con sencillos detalles"},"content":{"rendered":"<p><strong>\u00bfTiene alg\u00fan consejo para encontrar verdaderos tesoros en los mercados?<\/strong><\/p>\n<p>\u201cA veces tengo una idea concreta pero intento dejarla ir para no volver a casa decepcionado. Sin embargo, siempre tuve el talento de elegir lo mejor, y por desgracia, lo m\u00e1s caro, entre un mont\u00f3n de cosas. En un mercado, busco intuitivamente la apariencia y la calidad, y luego considero si realmente necesito el art\u00edculo. Si no, siempre recomiendo buscar fotos de art\u00edculos en el mercado a trav\u00e9s de la b\u00fasqueda de im\u00e1genes de Google para saber m\u00e1s sobre los materiales o su precio\u201d.<\/p>\n<p><strong>\u00bfD\u00f3nde se compran muebles vintage por internet?<\/strong><\/p>\n<p>\u201cEn anuncios clasificados o en Whoppah. Consulto la primera aplicaci\u00f3n casi todos los d\u00edas; no suelo buscar estilos concretos, como brutalismo o Era Espacial, solo el tipo de producto. En otras palabras, utilizo el t\u00e9rmino \u2018l\u00e1mpara de pie\u2019 en lugar de \u2018l\u00e1mpara de la era espacial\u2019 porque algunos vendedores ni siquiera saben c\u00f3mo clasificar sus muebles. Encontr\u00e9 las mejores piezas que transmiten <strong>elegancia vintage<\/strong> con los t\u00e9rminos de b\u00fasqueda m\u00e1s sencillos. Mi cama, por ejemplo, aparec\u00eda como \u2018somier\u2019 aunque era un marco original de los a\u00f1os 70 con radio y luces integradas\u201d.<\/p>\n<p><strong>\u00bfEntonces tambi\u00e9n prefieres una mezcla de \u00e9pocas en casa, en lugar de un estilo espec\u00edfico?<\/strong><\/p>\n<p>\u201cMi gran amiga Marina Malentiva, quien tambi\u00e9n dise\u00f1\u00f3 mi mesa de centro, una vez me recomend\u00f3 una cita que dice as\u00ed: \u2018Nunca pienses en si las cosas combinan. Mientras creas que es genial, funcionar\u00e1n juntas\u2019. En mi departamento, puedes encontrar muebles de la \u00e9poca guillermina, art d\u00e9co, de la era espacial y de mediados de siglo; todo es cuesti\u00f3n de la mezcla. Al igual que mi estilo de vestir, solo hay una regla: rom\u00e1ntico mezclado con rock and roll. Tengo candelabros de 50 centavos sobre un aparador de la \u00e9poca guillermina y un sof\u00e1 Luigi Sormani sobre una alfombra vintage. Mis sillones art d\u00e9co eran rid\u00edculamente baratos, pero son de una calidad incre\u00edble. Junto a mi sof\u00e1 de cuero cuelga una l\u00e1mina de seda que representa un fragmento de una pel\u00edcula para adultos; en la sala, frente a una pared rosa, hay una motosierra forrada de cuero de Louis-Gabriel Nouchi, de la que me enamor\u00e9 en el desfile de American Psycho en Par\u00eds; las modelos usaron las motosierras forradas como accesorios en el desfile\u201d.<\/p>\n<p><strong>\u00bfC\u00f3mo lograr no saturar el espacio de tu departamento?<\/strong><\/p>\n<p>\u201cOdio el caos y s\u00e9 intuitivamente cu\u00e1ndo parar. Si noto que algo ya no encaja, tengo que dejarlo. La primera pieza que compr\u00e9 para el departamento fue un sof\u00e1 espacial verde brillante que encontr\u00e9 en un mercado. Me pareci\u00f3 genial, pero no quedaba nada bien con la <strong>elegancia vintage<\/strong> de mi hogar. Lo probamos juntos durante un a\u00f1o, pero no funcion\u00f3\u201d.<\/p>\n<p><strong>Tu sala recuerda a una sala francesa, \u00bfc\u00f3mo lo lograste?<\/strong><\/p>\n<p>\u201cPrefiero el ambiente de una sala a la cl\u00e1sica combinaci\u00f3n de sof\u00e1 y televisor. Todos mis asientos est\u00e1n dise\u00f1ados para recibir amigos y conversar. Compro muchos de mis <a href=\"https:\/\/www.admagazine.com\/articulos\/como-cuidar-los-muebles-de-exterior\" target=\"_blank\" rel=\"nofollow noopener\">muebles grandes<\/a> por internet y, por supuesto, suelo decidirme bas\u00e1ndome \u00fanicamente en una foto. Para la sala, por ejemplo, cre\u00e9 varios archivos de Photoshop para ver qu\u00e9 combinaba. Una vez que me decid\u00ed por la mesa, el sof\u00e1 y los armarios, fui reuniendo el resto. El sof\u00e1 Luigi Sormani llevaba unos seis a\u00f1os en mi lista de deseos, pero no ten\u00eda el dinero suficiente para tenerla. Poco antes de Pascua, lo descubr\u00ed en una subasta de eBay; fui el \u00fanico postor y lo compr\u00e9 por un precio incre\u00edblemente bajo\u201d.<\/p>\n","protected":false},"excerpt":{"rendered":"\u00bfTiene alg\u00fan consejo para encontrar verdaderos tesoros en los mercados? \u201cA veces tengo una idea concreta pero intento&hellip;\n","protected":false},"author":2,"featured_media":203962,"comment_status":"","ping_status":"","sticky":false,"template":"","format":"standard","meta":{"footnotes":""},"categories":[173],"tags":[229,233,231,230,8372,10615,232,234,146,147,25,24,23,27218],"class_list":{"0":"post-203961","1":"post","2":"type-post","3":"status-publish","4":"format-standard","5":"has-post-thumbnail","7":"category-arte-y-diseno","8":"tag-arte","9":"tag-arte-y-diseno","10":"tag-arts","11":"tag-arts-and-design","12":"tag-decoracion","13":"tag-departamento","14":"tag-design","15":"tag-diseno","16":"tag-entertainment","17":"tag-entretenimiento","18":"tag-es","19":"tag-espana","20":"tag-spain","21":"tag-vintage"},"share_on_mastodon":{"url":"https:\/\/pubeurope.com\/@es\/115447270142242030","error":""},"_links":{"self":[{"href":"https:\/\/www.europesays.com\/es\/wp-json\/wp\/v2\/posts\/203961","targetHints":{"allow":["GET"]}}],"collection":[{"href":"https:\/\/www.europesays.com\/es\/wp-json\/wp\/v2\/posts"}],"about":[{"href":"https:\/\/www.europesays.com\/es\/wp-json\/wp\/v2\/types\/post"}],"author":[{"embeddable":true,"href":"https:\/\/www.europesays.com\/es\/wp-json\/wp\/v2\/users\/2"}],"replies":[{"embeddable":true,"href":"https:\/\/www.europesays.com\/es\/wp-json\/wp\/v2\/comments?post=203961"}],"version-history":[{"count":0,"href":"https:\/\/www.europesays.com\/es\/wp-json\/wp\/v2\/posts\/203961\/revisions"}],"wp:featuredmedia":[{"embeddable":true,"href":"https:\/\/www.europesays.com\/es\/wp-json\/wp\/v2\/media\/203962"}],"wp:attachment":[{"href":"https:\/\/www.europesays.com\/es\/wp-json\/wp\/v2\/media?parent=203961"}],"wp:term":[{"taxonomy":"category","embeddable":true,"href":"https:\/\/www.europesays.com\/es\/wp-json\/wp\/v2\/categories?post=203961"},{"taxonomy":"post_tag","embeddable":true,"href":"https:\/\/www.europesays.com\/es\/wp-json\/wp\/v2\/tags?post=203961"}],"curies":[{"name":"wp","href":"https:\/\/api.w.org\/{rel}","templated":true}]}}