{"id":203978,"date":"2025-10-27T17:26:10","date_gmt":"2025-10-27T17:26:10","guid":{"rendered":"https:\/\/www.europesays.com\/es\/203978\/"},"modified":"2025-10-27T17:26:10","modified_gmt":"2025-10-27T17:26:10","slug":"sara-aagesen-anuncia-la-asignacion-de-840-millones-a-143-proyectos-que-reforzaran-el-almacenamiento-energetico","status":"publish","type":"post","link":"https:\/\/www.europesays.com\/es\/203978\/","title":{"rendered":"Sara Aagesen anuncia la asignaci\u00f3n de 840 millones a 143 proyectos que reforzar\u00e1n el almacenamiento energ\u00e9tico"},"content":{"rendered":"<p>La vicepresidenta del Gobierno y ministra para la Transici\u00f3n Ecol\u00f3gica y el Reto Demogr\u00e1fico, Sara Aagesen, ha anunciado esta ma\u00f1ana los resultados provisionales de la nueva convocatoria de ayudas a proyectos de inversi\u00f3n en almacenamiento, con <b>143 proyectos preseleccionados, a los que se asignar\u00e1n un total de 839,7 millones <\/b>de euros de fondos FEDER 2021-2027.<\/p>\n<p>El \u00e9xito de la convocatoria <b>ha obligado a aumentar un 20% el presupuesto de 700 millones previsto inicialmente<\/b>.\u201cHemos tenido que incrementar la dotaci\u00f3n para almacenamiento debido a la cantidad de proyectos presentados: 1750 solicitudes. Proyectos de almacenamiento hibridado (81 expedientes), bater\u00edas standalone (42), almacenamiento t\u00e9rmico (17) y los bombeos (3). En total los preseleccionados nos llevar\u00edan a 2,4 GW de potencia adicional y 8,9 GWh de capacidad de almacenamiento\u201d, ha se\u00f1alado Aagesen. La resoluci\u00f3n provisional de la convocatoria puede consultarse <a href=\"https:\/\/sede.idae.gob.es\/sites\/default\/files\/documentos\/2025\/PINALM\/pinalm_prop_resol_provis_adjudicacion_firmado.pdf\" rel=\"nofollow noopener\" target=\"_blank\">aqu\u00ed<\/a>.<\/p>\n<p>Una vez operativas, las nuevas instalaciones contribuir\u00e1n a proporcionar mayor flexibilidad al sistema el\u00e9ctrico y favorecer\u00e1n la integraci\u00f3n de las energ\u00edas renovables, acelerando la descarbonizaci\u00f3n por la v\u00eda de asegurar el suministro de energ\u00eda m\u00e1s barata y sin emisiones. El plazo m\u00e1ximo para la ejecuci\u00f3n de las actuaciones ser\u00e1 de 36 meses desde la concesi\u00f3n definitiva de la ayuda, debiendo estar concluidos antes del 31 de diciembre de 2029.<\/p>\n<p>Esta l\u00ednea de incentivos (PINALM) se financia con fondos europeos del programa FEDER 2021-2027 gestionados por el Instituto para la Diversificaci\u00f3n y Ahorro de la Energ\u00eda (IDAE), adscrito al Ministerio para la Transici\u00f3n Ecol\u00f3gica y el Reto Demogr\u00e1fico (MITECO).<\/p>\n<p><b>POR COMUNIDADES AUT\u00d3NOMAS<\/b><\/p>\n<p>El objetivo de los fondos europeos FEDER es fortalecer la cohesi\u00f3n socioecon\u00f3mica dentro de la Uni\u00f3n Europea reduciendo las disparidades entre los niveles de desarrollo de las distintas regiones. La manera de corregir esos desequilibrios es mediante la financiaci\u00f3n de inversiones estructurales en los territorios menos favorecidos, promoviendo un desarrollo sostenible y afrontando los retos medioambientales.<\/p>\n<p>Por esta raz\u00f3n las ayudas para proyectos de almacenamiento energ\u00e9tico part\u00edan de un presupuesto asignado por comunidades aut\u00f3nomas, con mayor dotaci\u00f3n a aquellas consideradas menos desarrolladas o en transici\u00f3n, en funci\u00f3n de los fondos que la Autoridad de Gesti\u00f3n del FEDER ha consignado al IDAE.<\/p>\n<p>La selecci\u00f3n provisional de los proyectos beneficiarios se ha realizado seg\u00fan el presupuesto asignado a cada comunidad aut\u00f3noma, separando los proyectos elegibles por tipo de almacenamiento y ordenando por puntuaci\u00f3n, en una primera ronda, hasta agotar el presupuesto. All\u00ed donde han quedado excedentes, la cantidad se ha repartido en segunda ronda entre el resto de los proyectos de la comunidad aut\u00f3noma, ordenados por la puntuaci\u00f3n obtenida inicialmente. En tercera ronda los expedientes han competido por el presupuesto excedentario en cada zona de transici\u00f3n.<\/p>\n<p>Como resultado de esta mec\u00e1nica, Andaluc\u00eda acoger\u00eda 39 proyectos, Catalu\u00f1a 17 y la Comunitat Valenciana 14. Les siguen Castilla-La Mancha (11), Extremadura (11) y Galicia (10), entre las comunidades con mayor n\u00famero de iniciativas admitidas en la propuesta de resoluci\u00f3n provisional.<\/p>\n<p>Para facilitar la puesta en marcha de los proyectos, una vez se apruebe la resoluci\u00f3n definitiva, antes de finales de este a\u00f1o, los beneficiarios podr\u00e1n solicitar al IDAE anticipos de hasta el 100% del importe de la ayuda concedida, de acuerdo con las condiciones reflejadas en las bases de la convocatoria.<\/p>\n<p><b>MAYOR PENETRACI\u00d3N DE ENERG\u00cdAS RENOVABLES<\/b><\/p>\n<p>Este impulso al desarrollo del almacenamiento energ\u00e9tico contribuir\u00e1 a asegurar la transformaci\u00f3n del sistema energ\u00e9tico para que sea m\u00e1s flexible, robusto y resiliente. Con el refuerzo de esta tecnolog\u00eda se lograr\u00e1 tambi\u00e9n una mayor penetraci\u00f3n de las fuentes de energ\u00edas renovables en el sistema el\u00e9ctrico espa\u00f1ol, ya que el almacenamiento act\u00faa como un elemento habilitador y de gesti\u00f3n de las mismas.<\/p>\n<p>Asimismo, se espera que el incremento de este tipo de instalaciones aumente la flexibilidad del sistema permitiendo una mayor penetraci\u00f3n de las energ\u00edas renovables, reduciendo los costes de la energ\u00eda.<\/p>\n<p>Las ayudas reducir\u00e1n al mismo tiempo la dependencia de Espa\u00f1a de los combustibles f\u00f3siles, al incrementar la participaci\u00f3n renovable en el mix el\u00e9ctrico, haciendo frente a la crisis clim\u00e1tica, en l\u00ednea con lo establecido tanto por el Plan Nacional Integrado de Energ\u00eda y Clima (PNIEC) como por el Plan REPower EU.<\/p>\n<p><b>730 MILLONES DEL PRTR PARA ALMACENAMIENTO<\/b><\/p>\n<p><a name=\"_Hlk1819632801\" id=\"_Hlk1819632801\"\/>Estas ayudas FEDER al almacenamiento energ\u00e9tico se suman a anteriores programas de apoyo espec\u00edficos ejecutados por el MITECO y el IDAE con cargo a los fondos NextGenEU del Plan de Recuperaci\u00f3n, Transformaci\u00f3n y Resiliencia (PRTR)<a name=\"_Hlk181963280\" id=\"_Hlk181963280\"\/>. L\u00edneas de subvenciones a instalaciones innovadoras de almacenamiento hibridado, standalone, t\u00e9rmico y de bombeos reversibles, as\u00ed como a proyectos de I+D y en islas, entre otras, que han sumado incentivos por valor de 730 millones.<\/p>\n<p>Adem\u00e1s de facilitar la descarbonizaci\u00f3n del sistema el\u00e9ctrico espa\u00f1ol, el apoyo a estos sistemas de almacenamiento fortalecer\u00e1 el desarrollo de un tejido industrial europeo capaz de suministrar equipos, fabricar o ensamblar componentes y mantener proyectos de almacenamiento con las distintas tecnolog\u00edas existentes (bater\u00edas, sistemas de bombeo y almacenamiento t\u00e9rmico). Seguir\u00e1 as\u00ed los pasos del sector e\u00f3lico y fotovoltaico, en los que Espa\u00f1a es ya autosuficiente en capacidad tecnol\u00f3gica y productiva.<\/p>\n","protected":false},"excerpt":{"rendered":"La vicepresidenta del Gobierno y ministra para la Transici\u00f3n Ecol\u00f3gica y el Reto Demogr\u00e1fico, Sara Aagesen, ha anunciado&hellip;\n","protected":false},"author":2,"featured_media":32239,"comment_status":"","ping_status":"","sticky":false,"template":"","format":"standard","meta":{"footnotes":""},"categories":[80],"tags":[82,95,94,25,24,7207,23],"class_list":{"0":"post-203978","1":"post","2":"type-post","3":"status-publish","4":"format-standard","5":"has-post-thumbnail","7":"category-economia","8":"tag-business","9":"tag-economia","10":"tag-economy","11":"tag-es","12":"tag-espana","13":"tag-notas-de-prensa","14":"tag-spain"},"share_on_mastodon":{"url":"https:\/\/pubeurope.com\/@es\/115447305671032780","error":""},"_links":{"self":[{"href":"https:\/\/www.europesays.com\/es\/wp-json\/wp\/v2\/posts\/203978","targetHints":{"allow":["GET"]}}],"collection":[{"href":"https:\/\/www.europesays.com\/es\/wp-json\/wp\/v2\/posts"}],"about":[{"href":"https:\/\/www.europesays.com\/es\/wp-json\/wp\/v2\/types\/post"}],"author":[{"embeddable":true,"href":"https:\/\/www.europesays.com\/es\/wp-json\/wp\/v2\/users\/2"}],"replies":[{"embeddable":true,"href":"https:\/\/www.europesays.com\/es\/wp-json\/wp\/v2\/comments?post=203978"}],"version-history":[{"count":0,"href":"https:\/\/www.europesays.com\/es\/wp-json\/wp\/v2\/posts\/203978\/revisions"}],"wp:featuredmedia":[{"embeddable":true,"href":"https:\/\/www.europesays.com\/es\/wp-json\/wp\/v2\/media\/32239"}],"wp:attachment":[{"href":"https:\/\/www.europesays.com\/es\/wp-json\/wp\/v2\/media?parent=203978"}],"wp:term":[{"taxonomy":"category","embeddable":true,"href":"https:\/\/www.europesays.com\/es\/wp-json\/wp\/v2\/categories?post=203978"},{"taxonomy":"post_tag","embeddable":true,"href":"https:\/\/www.europesays.com\/es\/wp-json\/wp\/v2\/tags?post=203978"}],"curies":[{"name":"wp","href":"https:\/\/api.w.org\/{rel}","templated":true}]}}