{"id":203998,"date":"2025-10-27T17:45:11","date_gmt":"2025-10-27T17:45:11","guid":{"rendered":"https:\/\/www.europesays.com\/es\/203998\/"},"modified":"2025-10-27T17:45:11","modified_gmt":"2025-10-27T17:45:11","slug":"la-rfef-destaca-el-papel-de-carvajal-como-capitan-y-ensalza-el-comportamiento-de-lamine-yamal-futbol","status":"publish","type":"post","link":"https:\/\/www.europesays.com\/es\/203998\/","title":{"rendered":"La RFEF destaca el papel de Carvajal como capit\u00e1n y ensalza el comportamiento de Lamine Yamal | F\u00fatbol"},"content":{"rendered":"<p>El Cl\u00e1sico disputado este domingo en el Santiago Bernab\u00e9u sigue dando mucho de qu\u00e9 hablar. Una de las im\u00e1genes m\u00e1s comentadas y analizadas <a href=\"https:\/\/cadenaser.com\/nacional\/2025\/10\/27\/la-dura-critica-a-carvajal-por-su-actitud-tras-el-clasico-del-hay-que-entender-a-lamine-a-no-ser-ni-un-capitan-ni-un-ejemplo-cadena-ser\/\" target=\"_blank\" rel=\"noreferrer nofollow noopener\" title=\"https:\/\/cadenaser.com\/nacional\/2025\/10\/27\/la-dura-critica-a-carvajal-por-su-actitud-tras-el-clasico-del-hay-que-entender-a-lamine-a-no-ser-ni-un-capitan-ni-un-ejemplo-cadena-ser\/\">es el gesto de Dani Carvajal a Lamine Yamal al finalizar el partido<\/a>, haci\u00e9ndole el gesto de &#8216;hablas mucho&#8217;. Un conflicto que puede ser visto como una amenaza para los intereses de la Selecci\u00f3n y las pr\u00f3ximas convocatorias del equipo de Luis de la Fuente, que ya tiene todos sus ojos puestos en el Mundial del pr\u00f3ximo verano. <\/p>\n<p>La RFEF, por su parte, explica en SER Deportivos que no ven un conflicto que afecte a la Selecci\u00f3n entre los jugadores de Real Madrid y FC Barcelona. Destacan el papel de Dani Carvajal como capit\u00e1n y ponen por las nubes a Lamine Yamal porque su comportamiento con la absoluta siempre es de diez. Se muestra feliz con el equipo nacional y est\u00e1n encantados con el azulgrana.<\/p>\n<p>M\u00e1s informaci\u00f3n<\/p>\n<p>Adem\u00e1s, el seleccionador siempre ha destacado que son dos grandes profesionales y buenas personas, activos de un equipo que espera a ser campe\u00f3n del mundo en Estados Unidos. Lo que pasa en el campo suele quedarse ah\u00ed, sin afectar a la Selecci\u00f3n. Falta por saber, lo contaremos en El Larguero, si Aitor Karanka llamar\u00e1 a los dos para que no afecte a la Selecci\u00f3n de cara al Mundial del pr\u00f3ximo verano. <\/p>\n<p>El pr\u00f3ximo par\u00f3n de selecciones se producir\u00e1 a mediados de noviembre, en donde Espa\u00f1a buscar\u00e1 cerrar de forma matem\u00e1tica su clasificaci\u00f3n al Mundial 2026 como primera de grupo. El primer partido ser\u00e1 ante Georgia, el pr\u00f3ximo 15 de noviembre, desde las 18:00 horas. El segundo, ante Turqu\u00eda, el 18 de noviembre desde las 20:45 horas. <\/p>\n<p>En la \u00faltima lista de Luis de la Fuente no estuvieron presentes ni Dani Carvajal ni tampoco Lamine Yamal. El defensor de Legan\u00e9s estaba lesionado y en su lugar fueron convocados Pedro Porro y Marcos Llorente. Lamine Yamal, quien s\u00ed fue llamado en una primera instancia, <a href=\"https:\/\/cadenaser.com\/nacional\/2025\/10\/03\/la-federacion-desconvoca-a-lamine-yamal-tras-el-parte-medico-del-fc-barcelona-cadena-ser\/\" target=\"_blank\" rel=\"noreferrer nofollow noopener\" title=\"https:\/\/cadenaser.com\/nacional\/2025\/10\/03\/la-federacion-desconvoca-a-lamine-yamal-tras-el-parte-medico-del-fc-barcelona-cadena-ser\/\">termin\u00f3 siendo desconvocado<\/a> por una pubalgia que y<a href=\"https:\/\/cadenaser.com\/nacional\/2025\/10\/05\/sevilla-fc-fc-barcelona-en-directo-el-partido-de-la-jornada-8-de-laliga-en-vivo-cadena-ser\/\" target=\"_blank\" rel=\"noreferrer nofollow noopener\" title=\"https:\/\/cadenaser.com\/nacional\/2025\/10\/05\/sevilla-fc-fc-barcelona-en-directo-el-partido-de-la-jornada-8-de-laliga-en-vivo-cadena-ser\/\">a le hizo perderse el partido de LaLiga frente al Sevilla en el Ram\u00f3n S\u00e1nchez Pizju\u00e1n.<\/a> <\/p>\n","protected":false},"excerpt":{"rendered":"El Cl\u00e1sico disputado este domingo en el Santiago Bernab\u00e9u sigue dando mucho de qu\u00e9 hablar. Una de las&hellip;\n","protected":false},"author":2,"featured_media":203999,"comment_status":"","ping_status":"","sticky":false,"template":"","format":"standard","meta":{"footnotes":""},"categories":[93],"tags":[1765,168,25,24,23,167,1766],"class_list":{"0":"post-203998","1":"post","2":"type-post","3":"status-publish","4":"format-standard","5":"has-post-thumbnail","7":"category-deportes","8":"tag-bestof","9":"tag-deportes","10":"tag-es","11":"tag-espana","12":"tag-spain","13":"tag-sports","14":"tag-topix"},"share_on_mastodon":{"url":"https:\/\/pubeurope.com\/@es\/115447380366181912","error":""},"_links":{"self":[{"href":"https:\/\/www.europesays.com\/es\/wp-json\/wp\/v2\/posts\/203998","targetHints":{"allow":["GET"]}}],"collection":[{"href":"https:\/\/www.europesays.com\/es\/wp-json\/wp\/v2\/posts"}],"about":[{"href":"https:\/\/www.europesays.com\/es\/wp-json\/wp\/v2\/types\/post"}],"author":[{"embeddable":true,"href":"https:\/\/www.europesays.com\/es\/wp-json\/wp\/v2\/users\/2"}],"replies":[{"embeddable":true,"href":"https:\/\/www.europesays.com\/es\/wp-json\/wp\/v2\/comments?post=203998"}],"version-history":[{"count":0,"href":"https:\/\/www.europesays.com\/es\/wp-json\/wp\/v2\/posts\/203998\/revisions"}],"wp:featuredmedia":[{"embeddable":true,"href":"https:\/\/www.europesays.com\/es\/wp-json\/wp\/v2\/media\/203999"}],"wp:attachment":[{"href":"https:\/\/www.europesays.com\/es\/wp-json\/wp\/v2\/media?parent=203998"}],"wp:term":[{"taxonomy":"category","embeddable":true,"href":"https:\/\/www.europesays.com\/es\/wp-json\/wp\/v2\/categories?post=203998"},{"taxonomy":"post_tag","embeddable":true,"href":"https:\/\/www.europesays.com\/es\/wp-json\/wp\/v2\/tags?post=203998"}],"curies":[{"name":"wp","href":"https:\/\/api.w.org\/{rel}","templated":true}]}}