{"id":204000,"date":"2025-10-27T17:46:09","date_gmt":"2025-10-27T17:46:09","guid":{"rendered":"https:\/\/www.europesays.com\/es\/204000\/"},"modified":"2025-10-27T17:46:09","modified_gmt":"2025-10-27T17:46:09","slug":"osakidetza-adelanta-una-semana-la-vacunacion-de-la-gripe-para-toda-la-poblacion-en-bizkaia-y-gipuzkoa","status":"publish","type":"post","link":"https:\/\/www.europesays.com\/es\/204000\/","title":{"rendered":"Osakidetza adelanta una semana la vacunaci\u00f3n de la gripe para toda la poblaci\u00f3n en Bizkaia y Gipuzkoa"},"content":{"rendered":"<p>Osakidetza ha decidido adelantar una semana la apertura de la vacunaci\u00f3n contra la gripe con cita previa <b>para toda la poblaci\u00f3n en los centros de salud de Bizkaia y Gipuzkoa,<\/b> debido al incremento de los casos y la presi\u00f3n asistencial registrada en ambos territorios. En <b>\u00c1lava<\/b>, por su parte, se mantiene el calendario previsto, aunque el Departamento de Salud no descarta ajusten en funci\u00f3n de la evoluci\u00f3n epidemiol\u00f3gica.<\/p>\n<p>Desde este lunes, todas las personas de Bizkaia y Gipuzkoa pueden<b> pedir cita a trav\u00e9s de la web de Osakidetza o contactando directamente con su centro de salud<\/b>. El Departamento de Salud y Osakidetza han animado a vacunarse a toda la poblaci\u00f3n, especialmente a los grupos de riesgo y a la poblaci\u00f3n infantil y joven, recordando que \u201cla vacuna es la mejor herramienta para prevenir esta enfermedad o, al menos, evitar complicaciones en la salud en caso de contagiarse del virus de la gripe\u201d.<\/p>\n<p><b>La gripe se adelanta en Euskadi<\/b><\/p>\n<p>Los datos epidemiol\u00f3gicos confirman que la gripe se ha adelantado este a\u00f1o unas cuatro semanas respecto a campa\u00f1as anteriores. <b>Bizkaia <\/b>es actualmente el territorio con mayor incidencia, con 118 casos por cada 100 000 habitantes, seguida de <b>Gipuzkoa <\/b>(45,24) y <b>\u00c1lava <\/b>(15,22). En el conjunto de Euskadi, la incidencia es de 78,58 casos por cada 100 000 habitantes.<\/p>\n<p>Las urgencias por gripe representan el 0,88 % del total, con el <b>Hospital Santa Marina<\/b> a la cabeza (3,53 %). La ocupaci\u00f3n media de camas hospitalarias supera el 75 % en todos los territorios, y en algunos centros, como Santa Marina, rebasa el 85 %.<\/p>\n<p>En la<b> semana del 20 al 26 de octubre<\/b>, Osakidetza registr\u00f3 583 casos, frente a los 533 de la semana anterior, confirmando el aumento sostenido en la transmisi\u00f3n del virus. En las primeras cuatro semanas de campa\u00f1a, se han contabilizado 1735 casos, tres veces m\u00e1s que en el mismo periodo del a\u00f1o anterior (573).<\/p>\n<p>Los<b> ingresos hospitalarios acumulados <\/b>ascienden ya a 192, frente a los 21 del a\u00f1o pasado. En las UCI tambi\u00e9n se ha incrementado la presi\u00f3n: ocho personas permanecen ingresadas, frente a entre una y tres en campa\u00f1as previas.<\/p>\n<p>Ante esta situaci\u00f3n, el Departamento de Salud y Osakidetza mantienen el centro de vacunaci\u00f3n sin cita previa de La Casilla, en Bilbao, que permanecer\u00e1 abierto todos los d\u00edas, de 08:00 a 20:00 horas. Desde su apertura el pasado viernes, 4799 personas han sido vacunadas contra la gripe.<\/p>\n","protected":false},"excerpt":{"rendered":"Osakidetza ha decidido adelantar una semana la apertura de la vacunaci\u00f3n contra la gripe con cita previa para&hellip;\n","protected":false},"author":2,"featured_media":204001,"comment_status":"","ping_status":"","sticky":false,"template":"","format":"standard","meta":{"footnotes":""},"categories":[92],"tags":[4144,25,24,6927,7749,165,6115,166,492,23,1454],"class_list":{"0":"post-204000","1":"post","2":"type-post","3":"status-publish","4":"format-standard","5":"has-post-thumbnail","7":"category-salud","8":"tag-bizkaia","9":"tag-es","10":"tag-espana","11":"tag-gipuzkoa","12":"tag-gripe","13":"tag-health","14":"tag-osakidetza","15":"tag-salud","16":"tag-sociedad","17":"tag-spain","18":"tag-vacunas"},"share_on_mastodon":{"url":"https:\/\/pubeurope.com\/@es\/115447384346896523","error":""},"_links":{"self":[{"href":"https:\/\/www.europesays.com\/es\/wp-json\/wp\/v2\/posts\/204000","targetHints":{"allow":["GET"]}}],"collection":[{"href":"https:\/\/www.europesays.com\/es\/wp-json\/wp\/v2\/posts"}],"about":[{"href":"https:\/\/www.europesays.com\/es\/wp-json\/wp\/v2\/types\/post"}],"author":[{"embeddable":true,"href":"https:\/\/www.europesays.com\/es\/wp-json\/wp\/v2\/users\/2"}],"replies":[{"embeddable":true,"href":"https:\/\/www.europesays.com\/es\/wp-json\/wp\/v2\/comments?post=204000"}],"version-history":[{"count":0,"href":"https:\/\/www.europesays.com\/es\/wp-json\/wp\/v2\/posts\/204000\/revisions"}],"wp:featuredmedia":[{"embeddable":true,"href":"https:\/\/www.europesays.com\/es\/wp-json\/wp\/v2\/media\/204001"}],"wp:attachment":[{"href":"https:\/\/www.europesays.com\/es\/wp-json\/wp\/v2\/media?parent=204000"}],"wp:term":[{"taxonomy":"category","embeddable":true,"href":"https:\/\/www.europesays.com\/es\/wp-json\/wp\/v2\/categories?post=204000"},{"taxonomy":"post_tag","embeddable":true,"href":"https:\/\/www.europesays.com\/es\/wp-json\/wp\/v2\/tags?post=204000"}],"curies":[{"name":"wp","href":"https:\/\/api.w.org\/{rel}","templated":true}]}}