{"id":204008,"date":"2025-10-27T17:50:09","date_gmt":"2025-10-27T17:50:09","guid":{"rendered":"https:\/\/www.europesays.com\/es\/204008\/"},"modified":"2025-10-27T17:50:09","modified_gmt":"2025-10-27T17:50:09","slug":"publicado-el-programa-del-viaje-apostolico-del-papa-a-turquia-y-libano","status":"publish","type":"post","link":"https:\/\/www.europesays.com\/es\/204008\/","title":{"rendered":"Publicado el programa del viaje apost\u00f3lico del Papa a Turqu\u00eda y L\u00edbano"},"content":{"rendered":"<p>A un mes de su partida hacia Ankara, se ha publicado el programa oficial del primer viaje apost\u00f3lico de Le\u00f3n XIV a los dos pa\u00edses de Oriente Medio, con una parada en \u0130znik, nombre actual de la antigua Nicea, para la celebraci\u00f3n ecum\u00e9nica del Concilio del 1700<\/p>\n<p>Salvatore Cernuzio &#8211; Ciudad del Vaticano<\/p>\n<p>Nueve discursos, cinco saludos, dos homil\u00edas. Encuentros institucionales, celebraciones ecum\u00e9nicas, oraciones en las tumbas de los santos o en las excavaciones arqueol\u00f3gicas de Nicea, visitas a la Mezquita Azul, a centros para pobres y enfermos o al lugar s\u00edmbolo de una enorme tragedia como es el puerto de Beirut.<\/p>\n<p>Es un viaje lleno de contenido y citas que el Papa Le\u00f3n XIV se dispone a realizar a Turqu\u00eda y L\u00edbano del 27 de noviembre al 2 de diciembre. El viaje -el primero del pontificado- incluir\u00e1 una peregrinaci\u00f3n a \u0130znik, nombre actual de la antigua Nicea, con motivo del 1700 aniversario del primer Concilio de la historia. Esta ma\u00f1ana, 27 de octubre, exactamente un mes antes de la partida del Papa, la Oficina de Prensa de la Santa Sede ha hecho p\u00fablico el programa oficial.<\/p>\n<p>Citas significativas <\/p>\n<p>Ankara, Estambul, \u0130znik, luego Beirut, Annaya, Harissa, Bkerk\u00e9, los lugares que acoger\u00e1n al Papa Le\u00f3n, que -como \u00e9l mismo ha explicado- volar\u00e1 a los dos pa\u00edses de Oriente Medio para cumplir un deseo de su predecesor Francisco y difundir un mensaje de paz en esta latitud del mundo herida por guerras y dramas de diversa \u00edndole.<\/p>\n<p>Del programa hecho p\u00fablico destacan varios actos, empezando por el encuentro ecum\u00e9nico de oraci\u00f3n cerca de las excavaciones de la antigua bas\u00edlica de San Ne\u00f3fito en \u0130znik, que ser\u00e1 el punto culminante de las celebraciones por los 1700 a\u00f1os de Nicea. Pero tambi\u00e9n, en Turqu\u00eda, la firma de una Declaraci\u00f3n Conjunta con el Patriarca de Constantinopla, Bartolom\u00e9 I, en el Palacio Patriarcal de Estambul y la visita a la Sultan Ahmet Camii, m\u00e1s conocida como la Mezquita Azul, una de las m\u00e1s importantes de Estambul, que ya hab\u00eda visto Benedicto XVI y Francisco bajo sus b\u00f3vedas y sus llamativos mosaicos.<\/p>\n<p>Luego, en el L\u00edbano, la ya mencionada parada en el puerto de Beirut, teatro de la devastadora explosi\u00f3n de agosto de 2020; la oraci\u00f3n ante la tumba de san Charbel Makl\u016bf, el monje sanador considerado el patr\u00f3n del L\u00edbano, en el monasterio de Annaya; el encuentro con los operadores y pacientes del hospital liban\u00e9s de Jal ed Dib, el primer hospital para discapacitados mentales nacido como obra de misericordia corporal.<\/p>\n<p>Entre Ankara, Estambul y \u0130znik <\/p>\n<p>M\u00e1s en detalle, el viaje apost\u00f3lico de Le\u00f3n XIV comenzar\u00e1 el jueves 27 de noviembre a las 7.40 horas con su salida de Roma-Fiumicino con destino a la capital turca, Ankara. Est\u00e1 previsto que el Papa llegue a las 12.30 horas al aeropuerto internacional de Ankara\/ Esenbo\u011fa, donde tendr\u00e1 lugar la bienvenida oficial. Al cabo de una hora, el Papa se trasladar\u00e1 al Mausoleo de Atat\u00fcrk, el majestuoso An\u0131tkabir dedicado al fundador del Estado laico moderno que aboli\u00f3 el Califato otomano con la Constituci\u00f3n de 1937. En el Palacio Presidencial tendr\u00e1 lugar la ceremonia de bienvenida a las 14:10, seguida de una visita al Presidente de la Rep\u00fablica, Recep Tayyip Erdo\u011fan, y, tras m\u00e1s de una hora, un encuentro a las 15:30 con autoridades, sociedad civil y cuerpo diplom\u00e1tico. En esa ocasi\u00f3n, el Pont\u00edfice pronunciar\u00e1 su primer discurso. A \u00faltima hora de la tarde, hacia las 17.20 horas, se despedir\u00e1 de la capital para volar a Estambul, adonde est\u00e1 previsto que llegue al cabo de hora y media.<\/p>\n<p>En la metr\u00f3poli dividida por el B\u00f3sforo, cruce entre Europa y Asia, Le\u00f3n XIV pasar\u00e1 gran parte de la segunda jornada del viaje, antes de trasladarse a \u0130znik. A las 9.30 presidir\u00e1 un encuentro de oraci\u00f3n con obispos, sacerdotes, di\u00e1conos, consagrados y agentes pastorales en la catedral del Esp\u00edritu Santo. El Pont\u00edfice les dirigir\u00e1 un discurso. A continuaci\u00f3n, se trasladar\u00e1 a la Casa de las Hermanitas de los Pobres, desde hace m\u00e1s de 120 a\u00f1os testimonio vivo de caridad y servicio a los ancianos necesitados. A las 14.15 horas, se trasladar\u00e1 en helic\u00f3ptero a \u0130znik, a 30 km al sureste de Estambul, centro del distrito del mismo nombre en la provincia de Bursa, donde tendr\u00e1 lugar la mencionada celebraci\u00f3n ecum\u00e9nica entre las antiguas ruinas de la bas\u00edlica de San Ne\u00f3fito. En esta ocasi\u00f3n se espera otro discurso del Papa Le\u00f3n. Ya por la tarde, a las 18.30 horas, regresar\u00e1 a Estambul -pero esta vez en helic\u00f3ptero-, donde se reunir\u00e1 en privado con los obispos en la Delegaci\u00f3n Apost\u00f3lica.<\/p>\n<p>Igualmente intensa ser\u00e1 la jornada del s\u00e1bado 29 de noviembre, que se abrir\u00e1 con una visita a la Mezquita Azul y continuar\u00e1 con un encuentro privado con los jefes de las Iglesias y comunidades cristianas en la Iglesia sirio-ortodoxa de Mor Ephrem y la Doxolog\u00eda (breve f\u00f3rmula ritual) en la Iglesia patriarcal de San Jorge, durante la cual el Papa pronunciar\u00e1 un saludo. Ese mismo d\u00eda, a las 15.50 horas, Le\u00f3n ver\u00e1 a Bartolom\u00e9 en el Palacio Patriarcal. Ambos, que ya se hab\u00edan visto el pasado mes de mayo, firmar\u00e1n una Declaraci\u00f3n Conjunta. Inmediatamente despu\u00e9s de este momento, el Pont\u00edfice se trasladar\u00e1 al \u00abVolkswagen Arena\u00bb para la misa de las 17 horas.<\/p>\n<p>El traslado a Beirut <\/p>\n<p>El domingo 30 de noviembre ser\u00e1 el d\u00eda del traslado al L\u00edbano. En Turqu\u00eda, sin embargo, tendr\u00e1 sus \u00faltimas citas matinales con una visita de oraci\u00f3n a la Catedral Apost\u00f3lica Armenia (est\u00e1 previsto un saludo) y la Divina Liturgia en la Iglesia Patriarcal de San Jorge, a la que seguir\u00e1 una bendici\u00f3n ecum\u00e9nica con un discurso de Le\u00f3n XIV. Tras el almuerzo con Bartolom\u00e9 en el Fanar, sede del Patriarcado Ecum\u00e9nico, abandonar\u00e1 el pa\u00eds y viajar\u00e1 a Beirut. Primero la ceremonia de despedida en el aeropuerto de Estambul\/Atat\u00fcrk, despu\u00e9s la salida a las 14h45 y la llegada a las 15h45 al aeropuerto internacional de la capital libanesa y la ceremonia de bienvenida. El Pont\u00edfice mantendr\u00e1 inmediatamente sus primeros encuentros institucionales: la visita de cortes\u00eda al Presidente de la Rep\u00fablica, Joseph Aoun, al frente del L\u00edbano desde el pasado mes de enero; reuniones con el Presidente de la Asamblea Nacional, Nabih Berri, y con el Primer Ministro Nawaf Salami, a quien el Papa recibi\u00f3 en audiencia en el Vaticano el s\u00e1bado. A las 18.00 horas, Le\u00f3n XIV recibir\u00e1 en audiencia a las autoridades, la sociedad civil y el cuerpo diplom\u00e1tico. La cita cerrar\u00e1 la primera jornada de su viaje al Pa\u00eds de los Cedros.<\/p>\n<p>El d\u00eda siguiente, 1 de diciembre, se abrir\u00e1 con un traslado a Annaya, el suburbio de Beirut donde se alza el Monasterio de San Maroun, destino de millones de peregrinos cada a\u00f1o, incluidos musulmanes. A las 9.45 horas, el Papa Le\u00f3n descender\u00e1 a la gruta donde est\u00e1 enterrado San Charbel, el monje cristiano proclamado santo por Pablo VI, al que se atribuyen m\u00e1s de 29.000 milagros de curaci\u00f3n. Tras este momento de oraci\u00f3n, el Pont\u00edfice se trasladar\u00e1 a Harissa, al famoso santuario de Nuestra Se\u00f1ora del L\u00edbano, donde la estatua blanca de Nuestra Se\u00f1ora parece vigilar el pa\u00eds y todo Oriente Pr\u00f3ximo. All\u00ed, el Papa Le\u00f3n se reunir\u00e1 con el clero local (obispos, sacerdotes, consagrados y consagradas, agentes pastorales), pronunciar\u00e1 un discurso y, a continuaci\u00f3n, en la cercana Nunciatura Apost\u00f3lica, dirigida por monse\u00f1or Paolo Borgia, se entrevistar\u00e1 en privado con los Patriarcas cat\u00f3licos. Por la tarde, a las 16.00 horas, est\u00e1 previsto un encuentro ecum\u00e9nico e interreligioso en la plaza de los M\u00e1rtires, seguido, a las 17.45 horas, de un encuentro con los j\u00f3venes de en la plaza frente al Patriarcado de Antioqu\u00eda de los Maronitas de Bkerk\u00e9. En ambas ocasiones, est\u00e1n previstos discursos del Papa.<\/p>\n<p>Oraci\u00f3n en el puerto afectado por la explosi\u00f3n <\/p>\n<p>Igualmente intensa ser\u00e1 la \u00faltima jornada del viaje, de nuevo en Beirut, el 2 de diciembre, que comenzar\u00e1 a las 8.30 horas con una visita a los operadores y pacientes del Hospital \u00abDe La Croix\u00bb de Jal el Dib y con la llegada al puerto para la \u00aboraci\u00f3n silenciosa\u00bb en el lugar de la explosi\u00f3n que hace cinco a\u00f1os caus\u00f3 m\u00e1s de 200 muertos y 7.000 heridos. A las 10.30 horas, el Papa presidir\u00e1 finalmente la misa en el paseo mar\u00edtimo de Beirut. La homil\u00eda no ser\u00e1 la \u00faltima palabra del Pont\u00edfice, que pronunciar\u00e1 un discurso durante la ceremonia de despedida en el aeropuerto. Tendr\u00e1 lugar a las 12.45, con salida a las 13.15 y llegada a Roma-Fiumicino a las 16.10.<\/p>\n<p>Los lemas y logotipos del viaje <\/p>\n<p>Adem\u00e1s del programa, la Oficina de Prensa ha publicado hoy los logotipos y lemas del viaje apost\u00f3lico del Papa Le\u00f3n XIV. El logotipo de Turqu\u00eda se desarrolla en un c\u00edrculo que encierra el puente de los Dardanelos, en alusi\u00f3n al encuentro entre Asia y Europa y a Cristo como puente entre Dios y la humanidad. Las olas fluyen bajo el puente, evocando el agua bautismal y el lago de \u0130znik; a la derecha se alza la Cruz del Jubileo 2025, mientras que en la parte superior izquierda tres c\u00edrculos entrelazados representan la Sant\u00edsima Trinidad. El conjunto expresa visualmente el lema del Viaje \u00abUn solo Se\u00f1or, una sola fe, un solo bautismo\u00bb (Ef 4,5): el c\u00edrculo simboliza la unicidad de Dios, el puente la \u00fanica fe que une a los pueblos, las olas el bautismo que regenera a los hijos de Dios, invitando a construir la fraternidad y el di\u00e1logo entre Oriente y Occidente.<\/p>\n<p>En cambio, el logotipo liban\u00e9s representa al Papa con la mano derecha levantada en se\u00f1al de bendici\u00f3n, flanqueado por una paloma que simboliza la paz y un cedro que representa al L\u00edbano con su rica historia de fe y armon\u00eda interreligiosa. A la derecha, la \u00abCruz-ancla\u00bb del Jubileo 2025 significa la esperanza firmemente fundada en la fe en Cristo. Los colores azul oscuro y rosa suave, verde y azul expresan serenidad, unificados por el blanco que refleja el anhelo de paz del L\u00edbano. El lema \u00abBienaventurados los que trabajan por la paz\u00bb, del Evangelio de Mateo, contiene el mensaje central de la visita: reconfortar al pueblo liban\u00e9s fomentando el di\u00e1logo, la reconciliaci\u00f3n y la armon\u00eda entre todas las comunidades.<\/p>\n","protected":false},"excerpt":{"rendered":"A un mes de su partida hacia Ankara, se ha publicado el programa oficial del primer viaje apost\u00f3lico&hellip;\n","protected":false},"author":2,"featured_media":204009,"comment_status":"","ping_status":"","sticky":false,"template":"","format":"standard","meta":{"footnotes":""},"categories":[42],"tags":[17,18,13,14,11,61,62,63,64,19,20,13831,9,10,15,16,400,12,8584,21,22,55874,65,66,67],"class_list":{"0":"post-204008","1":"post","2":"type-post","3":"status-publish","4":"format-standard","5":"has-post-thumbnail","7":"category-internacional","8":"tag-breaking-news","9":"tag-breakingnews","10":"tag-featured-news","11":"tag-featurednews","12":"tag-headlines","13":"tag-internacional","14":"tag-international","15":"tag-international-news","16":"tag-internationalnews","17":"tag-latest-news","18":"tag-latestnews","19":"tag-libano","20":"tag-news","21":"tag-noticias","22":"tag-noticias-destacadas","23":"tag-noticiasdestacadas","24":"tag-papa-leon-xiv","25":"tag-titulares","26":"tag-turquia","27":"tag-ultimas-noticias","28":"tag-ultimasnoticias","29":"tag-viaje-apostolico","30":"tag-world","31":"tag-world-news","32":"tag-worldnews"},"share_on_mastodon":{"url":"https:\/\/pubeurope.com\/@es\/115447400081013995","error":""},"_links":{"self":[{"href":"https:\/\/www.europesays.com\/es\/wp-json\/wp\/v2\/posts\/204008","targetHints":{"allow":["GET"]}}],"collection":[{"href":"https:\/\/www.europesays.com\/es\/wp-json\/wp\/v2\/posts"}],"about":[{"href":"https:\/\/www.europesays.com\/es\/wp-json\/wp\/v2\/types\/post"}],"author":[{"embeddable":true,"href":"https:\/\/www.europesays.com\/es\/wp-json\/wp\/v2\/users\/2"}],"replies":[{"embeddable":true,"href":"https:\/\/www.europesays.com\/es\/wp-json\/wp\/v2\/comments?post=204008"}],"version-history":[{"count":0,"href":"https:\/\/www.europesays.com\/es\/wp-json\/wp\/v2\/posts\/204008\/revisions"}],"wp:featuredmedia":[{"embeddable":true,"href":"https:\/\/www.europesays.com\/es\/wp-json\/wp\/v2\/media\/204009"}],"wp:attachment":[{"href":"https:\/\/www.europesays.com\/es\/wp-json\/wp\/v2\/media?parent=204008"}],"wp:term":[{"taxonomy":"category","embeddable":true,"href":"https:\/\/www.europesays.com\/es\/wp-json\/wp\/v2\/categories?post=204008"},{"taxonomy":"post_tag","embeddable":true,"href":"https:\/\/www.europesays.com\/es\/wp-json\/wp\/v2\/tags?post=204008"}],"curies":[{"name":"wp","href":"https:\/\/api.w.org\/{rel}","templated":true}]}}