{"id":204050,"date":"2025-10-27T18:25:11","date_gmt":"2025-10-27T18:25:11","guid":{"rendered":"https:\/\/www.europesays.com\/es\/204050\/"},"modified":"2025-10-27T18:25:11","modified_gmt":"2025-10-27T18:25:11","slug":"de-la-cara-b-de-su-padre-al-amor-por-su-madre-y-el-porque-no-ha-tenido-hijos","status":"publish","type":"post","link":"https:\/\/www.europesays.com\/es\/204050\/","title":{"rendered":"de la &#8216;cara B&#8217; de su padre al amor por su madre y el porqu\u00e9 no ha tenido hijos"},"content":{"rendered":"<p class=\"paragraph\" id=\"paragraph_1\"><a href=\"https:\/\/www.elespanol.com\/corazon\/20251021\/luis-zahera-trabajo-albanil-anos-demolicion-torres-gemelas-nueva-york\/1003743979800_0.html?utm_cmp_rs=linksinline\" rel=\"nofollow noopener\" target=\"_blank\"><strong>Luis Zahera<\/strong><\/a> (59 a\u00f1os) atraviesa un excelente momento a nivel profesional. El pasado 3 de octubre, <strong>Animal<\/strong>, la serie de Netflix en la que figura como protagonista, no deja de cosechar importantes \u00e9xitos. De hecho, ya ha desbancado a <strong>Monstruo: la historia de Ed Gein<\/strong>, la principal apuesta de la plataforma de streaming para este oto\u00f1o.<\/p>\n<p class=\"paragraph\" id=\"paragraph_2\">El triunfo de la serie ha sido tal que ya ha sido confirmada una segunda temporada. No obstante, lo cierto es que esta apabullante notoriedad <strong>no es nada desconocida<\/strong> para Zahera.<\/p>\n<p class=\"paragraph\" id=\"paragraph_3\">El actor gallego carga a sus espaldas, entre otros reconocimientos, <strong>dos Premios Goya<\/strong>. El primero de ellos fue a parar a sus manos en 2018 con motivo de Mejor Actor de Reparto por <strong>El Reino<\/strong>. Cuatro a\u00f1os m\u00e1s tarde, en 2022, recibi\u00f3 la misma distinci\u00f3n. En esta ocasi\u00f3n gracias a su excelente papel en <strong>As Bestas<\/strong>.<\/p>\n<p><img loading=\"lazy\" decoding=\"async\" alt=\"Luis Zahera como Ant\u00f3n en la serie 'Animal'. Foto: Jaime Olmedo \/ Netflix\" height=\"180\" src=\"https:\/\/www.europesays.com\/es\/wp-content\/uploads\/2025\/10\/1003743984868_259562498_320x180.jpg\" width=\"320\" data-lazy-status=\"processed\" data-lazy-info=\"remove loading item 1\"\/><\/p>\n<p><img decoding=\"async\" alt=\"Luis Zahera, protagonista de la serie 'Animal'\" data-imgm=\"true\" height=\"180\" loading=\"lazy\"  src=\"https:\/\/www.europesays.com\/es\/wp-content\/uploads\/2025\/10\/1003743891169_258075451_1024x576.jpg\"  width=\"320\"\/><\/p>\n<p>                                                            Luis Zahera, protagonista de la serie &#8216;Animal&#8217;<\/p>\n<p>                    Netflix<\/p>\n<p class=\"paragraph\" id=\"paragraph_4\">No todo el mundo puede presumir de tener en su historial profesional dos Premios Goya. Adem\u00e1s, tambi\u00e9n fue distinguido con la <strong>Medalla de Oro al M\u00e9rito en las Bellas Artes<\/strong> en el a\u00f1o 2023.<\/p>\n<p class=\"paragraph\" id=\"paragraph_5\">A estas alturas no es sorpresa para nadie que Luis Zahera est\u00e9 considerado uno de los mejores actores a nivel nacional. Su faceta profesional es de sobra conocida. Su vida personal, sin embargo, es de lo m\u00e1s <strong>discreta y blindada<\/strong> y apenas son sabidos detalles de su lado \u00edntimo.<\/p>\n<p class=\"paragraph\" id=\"paragraph_6\">Nacido en Santiago de Compostela hace ya seis d\u00e9cadas, escasas son las ocasiones en las que el int\u00e9rprete se ha abierto en canal para hablar sobre su privacidad. As\u00ed, poco es lo que se sabe de su vida sentimental y <strong>se desconoce si tiene pareja<\/strong>. Aunque cierto es que s\u00ed ha revelado que no tiene hijos. Un hecho del que <strong>se arrepiente<\/strong>.<\/p>\n<p><img decoding=\"async\" alt=\"Luiz Zahera, en el Festival de Vitoria de 2024.\" data-imgm=\"true\" height=\"1152\" loading=\"lazy\"  src=\"https:\/\/www.europesays.com\/es\/wp-content\/uploads\/2025\/10\/1003743987601_259600814_960x1706.jpg\"  width=\"648\"\/><\/p>\n<p>                                                            Luiz Zahera, en el Festival de Vitoria de 2024.<\/p>\n<p>                    Gtres<\/p>\n<p class=\"paragraph\" id=\"paragraph_7\"><strong>\u00abNo tuve hijos por mi adicci\u00f3n al trabajo, por el alpinista, porque quer\u00eda llegar a un sitio y aquello iba a ser un impedimento. Me arrepiento\u00bb<\/strong>, confes\u00f3 Luis en una entrevista concedida para La Raz\u00f3n en agosto de 2023. Fue entonces cuando cay\u00f3 en la cuenta de que hab\u00eda puesto fuertemente el foco en la soledad.<\/p>\n<p class=\"paragraph\" id=\"paragraph_8\">\u00abCuando recib\u00ed el primer Goya, llegu\u00e9 extenuado al hotel con aquella estatuilla y me vino a la cabeza un &#8216;no hay nadie esper\u00e1ndome'\u00bb, a\u00f1adi\u00f3 el actor gallego en la citada charla. Aunque no dio el nombre de ninguna pareja, s\u00ed confes\u00f3 haber conocido el amor:<strong> \u00abFui un poco ego\u00edsta. Quiz\u00e1s lo que me jodi\u00f3 el amor fueron las drogas\u00bb<\/strong>.<\/p>\n<p class=\"paragraph\" id=\"paragraph_9\">Quiz\u00e1s el arrepentimiento de Zahera de no haber tenido hijos reside en que \u00e9l forma parte de una familia numerosa. El gallego se cri\u00f3 en un matriarcado y sus cuatro hermanas dieron forma a su vida. No obstante <strong>fue su madre la persona a quien Luis m\u00e1s admir\u00f3<\/strong>.<\/p>\n<p class=\"paragraph\" id=\"paragraph_10\">\u00abA mi madre le preocupaba si se divert\u00edan sus hijos. Ella fue quien me encarril\u00f3 en el teatro. <strong>Ah\u00ed me lleg\u00f3 a ver, pero en la televisi\u00f3n nunca\u00bb<\/strong>, confes\u00f3 en el p\u00f3dcast Todo sobre tu madre de Podium Podcast en diciembre del a\u00f1o 2023.<\/p>\n<p class=\"paragraph\" id=\"paragraph_11\">Si bien su madre supo desde siempre que su \u00fanico v\u00e1stago var\u00f3n deb\u00eda dedicarse a la actuaci\u00f3n, lo cierto es que la realidad de su padre fue<strong> muy distinta<\/strong>. Una situaci\u00f3n que Luis Zahera comparti\u00f3 p\u00fablicamente por primera vez unos meses atr\u00e1s.<\/p>\n<p class=\"paragraph\" id=\"paragraph_12\">En junio de 2025, el ganador de dos Premios Goya se sincer\u00f3 como nunca antes con <a href=\"https:\/\/www.elespanol.com\/bluper\/20251009\/adios-risto-mejide-jurado-concursos-confirma-got-talent-ultimo-baile-despues-anos\/1003743961921_0.html?utm_cmp_rs=linksinline\" rel=\"nofollow noopener\" target=\"_blank\"><strong>Risto Mejide<\/strong><\/a> (50) en el programa Viajando con Chester. \u00abMi padre no se sab\u00eda comunicar, no hablaba cuando era peque\u00f1o, no hablaba de sus padres. <strong>Ten\u00eda dos hermanastras y me enter\u00e9 de mayor. Ese se\u00f1or era un enigma\u00bb<\/strong>, revel\u00f3 hace ya medio a\u00f1o.<\/p>\n<p><img decoding=\"async\" alt=\"Luis Zahera, em 'Viajando con Chester'\" data-imgm=\"true\" height=\"180\" loading=\"lazy\"  src=\"https:\/\/www.europesays.com\/es\/wp-content\/uploads\/2025\/10\/1003743797222_256325976_1024x576.jpg\"  width=\"320\"\/><\/p>\n<p>                                                            Luis Zahera, em &#8216;Viajando con Chester&#8217;<\/p>\n<p>                    cuatro.com<\/p>\n<p>                    Mediaset Espa\u00f1a<\/p>\n<p class=\"paragraph\" id=\"paragraph_13\">El protagonista de la serie Animal detall\u00f3 adem\u00e1s c\u00f3mo era la relaci\u00f3n con su padre. \u00ab<strong>Nos llamaba much\u00edsimo la atenci\u00f3n que era s\u00faper agradable con los de fuera. Y yo creo que \u00e9l se comunicaba con una especie de humor negro\u00bb<\/strong>, asever\u00f3 Luis Zahera ante la atenta mirada de Risto Mejide. As\u00ed, revel\u00f3 una especie de <strong>Cara B<\/strong> por parte de su progenitor.<\/p>\n<p>Sus anteriores trabajos<\/p>\n<p class=\"paragraph\" id=\"paragraph_14\">Previo a su faceta como actor, Luis Zahera ya hab\u00eda trabajado en <strong>diversos oficios<\/strong>. De hecho, durante un a\u00f1o lleg\u00f3 a trabajar como pe\u00f3n de alba\u00f1il, pintor y empleado de guardarropa.<\/p>\n<p class=\"paragraph\" id=\"paragraph_15\"><strong>\u00abHice demolici\u00f3n en las Torres Gemelas. Trabajaba para una empresa portuguesa. Nos contrataron para la planta 64 de Colgate y nos la cargamos. Estuvimos como un mes\u00bb<\/strong>, relat\u00f3 tiempo atr\u00e1s en el programa de Telecinco Babylon Show.<\/p>\n","protected":false},"excerpt":{"rendered":"Luis Zahera (59 a\u00f1os) atraviesa un excelente momento a nivel profesional. El pasado 3 de octubre, Animal, la&hellip;\n","protected":false},"author":2,"featured_media":204051,"comment_status":"","ping_status":"","sticky":false,"template":"","format":"standard","meta":{"footnotes":""},"categories":[174],"tags":[1014,255,146,147,25,24,256,152,805,23],"class_list":{"0":"post-204050","1":"post","2":"type-post","3":"status-publish","4":"format-standard","5":"has-post-thumbnail","7":"category-famosos","8":"tag-actores","9":"tag-celebrities","10":"tag-entertainment","11":"tag-entretenimiento","12":"tag-es","13":"tag-espana","14":"tag-famosos","15":"tag-netflix","16":"tag-series","17":"tag-spain"},"share_on_mastodon":{"url":"https:\/\/pubeurope.com\/@es\/115447538065248138","error":""},"_links":{"self":[{"href":"https:\/\/www.europesays.com\/es\/wp-json\/wp\/v2\/posts\/204050","targetHints":{"allow":["GET"]}}],"collection":[{"href":"https:\/\/www.europesays.com\/es\/wp-json\/wp\/v2\/posts"}],"about":[{"href":"https:\/\/www.europesays.com\/es\/wp-json\/wp\/v2\/types\/post"}],"author":[{"embeddable":true,"href":"https:\/\/www.europesays.com\/es\/wp-json\/wp\/v2\/users\/2"}],"replies":[{"embeddable":true,"href":"https:\/\/www.europesays.com\/es\/wp-json\/wp\/v2\/comments?post=204050"}],"version-history":[{"count":0,"href":"https:\/\/www.europesays.com\/es\/wp-json\/wp\/v2\/posts\/204050\/revisions"}],"wp:featuredmedia":[{"embeddable":true,"href":"https:\/\/www.europesays.com\/es\/wp-json\/wp\/v2\/media\/204051"}],"wp:attachment":[{"href":"https:\/\/www.europesays.com\/es\/wp-json\/wp\/v2\/media?parent=204050"}],"wp:term":[{"taxonomy":"category","embeddable":true,"href":"https:\/\/www.europesays.com\/es\/wp-json\/wp\/v2\/categories?post=204050"},{"taxonomy":"post_tag","embeddable":true,"href":"https:\/\/www.europesays.com\/es\/wp-json\/wp\/v2\/tags?post=204050"}],"curies":[{"name":"wp","href":"https:\/\/api.w.org\/{rel}","templated":true}]}}