{"id":20410,"date":"2025-08-02T09:50:14","date_gmt":"2025-08-02T09:50:14","guid":{"rendered":"https:\/\/www.europesays.com\/es\/20410\/"},"modified":"2025-08-02T09:50:14","modified_gmt":"2025-08-02T09:50:14","slug":"el-calendario-de-la-temporada-2025-2026-marca-un-inicio-duro-para-el-hestia-menorca","status":"publish","type":"post","link":"https:\/\/www.europesays.com\/es\/20410\/","title":{"rendered":"El calendario de la temporada 2025-2026 marca un inicio duro para el Hestia Menorca"},"content":{"rendered":"<p>El sorteo del <strong><a href=\"https:\/\/www.menorca.info\/etiqueta\/calendario.html?utm_source=Inline-tag&amp;utm_medium=internal\" rel=\"nofollow noopener\" target=\"_blank\">calendario<\/a> de <a href=\"https:\/\/www.menorca.info\/etiqueta\/Primera+FEB.html?utm_source=Inline-tag&amp;utm_medium=internal\" rel=\"nofollow noopener\" target=\"_blank\">Primera FEB<\/a><\/strong> celebrado este viernes en la sede de la Federaci\u00f3n Espa\u00f1ola de <a href=\"https:\/\/www.menorca.info\/etiqueta\/baloncesto.html?utm_source=Inline-tag&amp;utm_medium=internal\" rel=\"nofollow noopener\" target=\"_blank\">Baloncesto<\/a> ha deparado un m\u00e1s que<strong> complicado inicio de liga regular para el <a href=\"https:\/\/www.menorca.info\/etiqueta\/Hestia+Menorca.html?utm_source=Inline-tag&amp;utm_medium=internal\" rel=\"nofollow noopener\" target=\"_blank\">Hestia Menorca<\/a><\/strong>, que debutar\u00e1 en casa enfrent\u00e1ndose a uno de los principales candidatos al ascenso a Liga Endesa: el<strong> Monbus Obradoiro<\/strong>.<\/p>\n<p>El conjunto santiagu\u00e9s, que aspira a las cotas m\u00e1s altas con un <strong>equipo repleto de estrellas<\/strong>, ser\u00e1 la primera piedra de toque para los de Javi Zamora en la primera fecha, emplazada para el <strong>26 de septiembre<\/strong>.<\/p>\n<p>Derbi a la vista<\/p>\n<p>Despu\u00e9s de recibir en Bintalfa al que fuera equipo de playoff el curso pasado, el <strong>Hestia Menorca emprender\u00e1 su primer viaje<\/strong> de la campa\u00f1a. Y lo podr\u00e1 hacer en un trayecto corto, ya que la primera salida del curso liguero significar\u00e1 el <strong>primer derbi balear<\/strong> de la temporada.<\/p>\n<p>Los de Javi Zamora<strong> visitar\u00e1n Son Moix<\/strong> para medirse al reci\u00e9n ascendido<strong> Fibwi Palma<\/strong> en la segunda jornada. En las jornadas inmediatamente posteriores se enfrentar\u00e1 a los todopoderosos <strong>Coru\u00f1a<\/strong> (en casa) y<strong> Palencia<\/strong> (fuera).<\/p>\n<p>El segundo derbi llegar\u00e1 en la jornada 7, <strong>de nuevo en Mallorca<\/strong>, pero esta vez ante el <strong>Palmer Basket de Golden Dike<\/strong>. En la siguiente jornada descansar\u00e1.<\/p>\n<p>La segunda vuelta la empezar\u00e1 descansando el 30 de enero, justo despu\u00e9s de la <strong>Final Four de Copa Espa\u00f1a<\/strong> (23 y 24 de enero). Adem\u00e1s, jugar\u00e1 los <strong>derbis en Bintalfa<\/strong> en la jornada 21 (15 de febrero) contra<strong> Fibwi<\/strong> y en la jornada 24 (10 de marzo) ante <strong>Palmer<\/strong>.<\/p>\n<p>Los hipot\u00e9ticos<strong> playoffs de ascenso<\/strong> se celebrar\u00edan entre el 14 y el 29 de mayo, con la<strong> Final Four<\/strong> reservada para el 6 y 7 de junio.<\/p>\n","protected":false},"excerpt":{"rendered":"El sorteo del calendario de Primera FEB celebrado este viernes en la sede de la Federaci\u00f3n Espa\u00f1ola de&hellip;\n","protected":false},"author":2,"featured_media":20411,"comment_status":"","ping_status":"","sticky":false,"template":"","format":"standard","meta":{"footnotes":""},"categories":[269],"tags":[299,298,6783,168,25,24,4078,3917,23,167],"class_list":{"0":"post-20410","1":"post","2":"type-post","3":"status-publish","4":"format-standard","5":"has-post-thumbnail","7":"category-baloncesto","8":"tag-baloncesto","9":"tag-basketball","10":"tag-calendario","11":"tag-deportes","12":"tag-es","13":"tag-espana","14":"tag-hestia-menorca","15":"tag-primera-feb","16":"tag-spain","17":"tag-sports"},"share_on_mastodon":{"url":"","error":""},"_links":{"self":[{"href":"https:\/\/www.europesays.com\/es\/wp-json\/wp\/v2\/posts\/20410","targetHints":{"allow":["GET"]}}],"collection":[{"href":"https:\/\/www.europesays.com\/es\/wp-json\/wp\/v2\/posts"}],"about":[{"href":"https:\/\/www.europesays.com\/es\/wp-json\/wp\/v2\/types\/post"}],"author":[{"embeddable":true,"href":"https:\/\/www.europesays.com\/es\/wp-json\/wp\/v2\/users\/2"}],"replies":[{"embeddable":true,"href":"https:\/\/www.europesays.com\/es\/wp-json\/wp\/v2\/comments?post=20410"}],"version-history":[{"count":0,"href":"https:\/\/www.europesays.com\/es\/wp-json\/wp\/v2\/posts\/20410\/revisions"}],"wp:featuredmedia":[{"embeddable":true,"href":"https:\/\/www.europesays.com\/es\/wp-json\/wp\/v2\/media\/20411"}],"wp:attachment":[{"href":"https:\/\/www.europesays.com\/es\/wp-json\/wp\/v2\/media?parent=20410"}],"wp:term":[{"taxonomy":"category","embeddable":true,"href":"https:\/\/www.europesays.com\/es\/wp-json\/wp\/v2\/categories?post=20410"},{"taxonomy":"post_tag","embeddable":true,"href":"https:\/\/www.europesays.com\/es\/wp-json\/wp\/v2\/tags?post=20410"}],"curies":[{"name":"wp","href":"https:\/\/api.w.org\/{rel}","templated":true}]}}