{"id":204118,"date":"2025-10-27T19:15:11","date_gmt":"2025-10-27T19:15:11","guid":{"rendered":"https:\/\/www.europesays.com\/es\/204118\/"},"modified":"2025-10-27T19:15:11","modified_gmt":"2025-10-27T19:15:11","slug":"thom-yorke-de-radiohead-asegura-que-por-supuesto-que-no-tocaria-ahora-en-israel","status":"publish","type":"post","link":"https:\/\/www.europesays.com\/es\/204118\/","title":{"rendered":"Thom Yorke de Radiohead asegura que \u00abpor supuesto que no\u00bb tocar\u00eda ahora en Israel"},"content":{"rendered":"<p class=\"article-text\">\n        Thom Yorke, vocalista y compositor principal de Radiohead, ha declarado que \u201cpor supuesto que no\u201d dar\u00eda ahora un concierto en Israel. Lo ha hecho en una <a href=\"https:\/\/www.thetimes.com\/culture\/music\/article\/radiohead-tour-2025-interview-israel-fn0bmdzl8\" target=\"_blank\" data-mrf-recirculation=\"links-noticia\" class=\"link\" rel=\"nofollow noopener\">entrevista<\/a> concedida al peri\u00f3dico brit\u00e1nico The Sunday Times, donde ha enfatizado que \u201cno quisiera estar ni a 8.000 kil\u00f3metros cerca del r\u00e9gimen de Netanyahu\u201d. Estos comentarios han tenido lugar antes del <a href=\"https:\/\/www.eldiario.es\/internacional\/trump-anuncia-hamas-e-israel-han-llegado-acuerdo-iniciar-primera-fase-plan-paz-gaza_1_12668869.html\" data-mrf-recirculation=\"links-noticia\" class=\"link\" rel=\"nofollow noopener\" target=\"_blank\">acuerdo de alto el fuego<\/a> de este mes entre Israel y Ham\u00e1s.\n    <\/p>\n<p>    <a href=\"https:\/\/www.eldiario.es\/cultura\/musica\/metodo-radiohead-evitar-bots-hagan-negocio-reventa-entradas-conciertos_1_12589299.html\" data-mrf-recirculation=\"saber-mas\" data-dl-event=\"saber-mas\" rel=\"nofollow noopener\" target=\"_blank\"><\/p>\n<p class=\"know-more__title\">El m\u00e9todo de Radiohead para evitar que los bots hagan negocio con la reventa de entradas de sus conciertos<\/p>\n<p>            <img decoding=\"async\" class=\"lazy\" loading=\"lazy\" data-src=\"https:\/\/static.eldiario.es\/clip\/94d118ba-94c6-4840-b9d9-2d3c035e95d4_16-9-aspect-ratio_default_0.jpg\" src=\"data:image\/svg+xml,%3Csvg xmlns=\" http:=\"\" viewbox=\"0 0 880 495\" alt=\"El m\u00e9todo de Radiohead para evitar que los bots hagan negocio con la reventa de entradas de sus conciertos\"\/><\/p>\n<p>                        <\/a><\/p>\n<p class=\"article-text\">\n        Las declaraciones de Yorke son significativas porque, en 2017, la banda se enfrent\u00f3 a la decepci\u00f3n de muchos de sus seguidores cuando dieron un concierto en Tel Aviv, Israel, a pesar de las protestas que instaban a Radiohead a <a href=\"https:\/\/www.theguardian.com\/music\/2017\/apr\/24\/artists-urge-radiohead-to-cancel-gig-in-israel\" target=\"_blank\" data-mrf-recirculation=\"links-noticia\" class=\"link\" rel=\"nofollow noopener\">cancelar el concierto<\/a> por parte del movimiento Boycott, Divestment and Sanctions (BDS), as\u00ed como de las cr\u00edticas de otros artistas como Roger Waters, Thurston Moore o Young Fathers. Yorke calific\u00f3 este <a href=\"https:\/\/www.theguardian.com\/music\/2017\/jun\/02\/radiohead-israel-boycott-thom-yorke-responds\" target=\"_blank\" data-mrf-recirculation=\"links-noticia\" class=\"link\" rel=\"nofollow noopener\">movimiento propalestino<\/a> de \u201cabsolutamente condescendiente\u201d y \u201cofensivo\u201d.\n    <\/p>\n<p class=\"article-text\">\n        \u201cTocar en un pa\u00eds no es lo mismo que apoyar al gobierno. Hemos tocado en Israel durante m\u00e1s de 20 a\u00f1os bajo sucesivos gobiernos, algunos m\u00e1s liberales que otros\u201d, expres\u00f3 Thom Yorke en aquel momento a trav\u00e9s de <a href=\"https:\/\/x.com\/thomyorke\/status\/884812697912713217\" target=\"_blank\" data-mrf-recirculation=\"links-noticia\" class=\"link\" rel=\"nofollow\">X<\/a> para defender al grupo de las cr\u00edticas, comparando la situaci\u00f3n con Estados Unidos. \u201cNo apoyamos a Netanyahu m\u00e1s que a Trump, pero seguimos tocando en Estados Unidos\u201d, se\u00f1al\u00f3 el cantante.\n    <\/p>\n<p class=\"article-text\">\n        Radiohead volver\u00e1 a los escenarios por primera vez en m\u00e1s de siete a\u00f1os en las pr\u00f3ximas semanas, con residencias de cuatro noches en Madrid, Bolonia, Londres, Copenhague y Berl\u00edn. Estas tendr\u00e1n lugar entre el 4 de noviembre y el 12 de diciembre y las entradas se agotaron en pocos minutos pese a que el grupo de rock alternativo prepar\u00f3 un sistema para evitar que <a href=\"https:\/\/www.eldiario.es\/cultura\/musica\/metodo-radiohead-evitar-bots-hagan-negocio-reventa-entradas-conciertos_1_12589299.html\" data-mrf-recirculation=\"links-noticia\" class=\"link\" rel=\"nofollow noopener\" target=\"_blank\">los bots hagan negocio<\/a> con la reventa de entradas de sus conciertos.\n    <\/p>\n<p>    <a href=\"https:\/\/www.eldiario.es\/cultura\/expectacion-posible-vuelta-radiohead-madrid-4-conciertos-noviembre_1_12574630.html\" data-mrf-recirculation=\"saber-mas-abajo\" data-dl-event=\"saber-mas-abajo\" rel=\"nofollow noopener\" target=\"_blank\"><\/p>\n<p class=\"know-more__title\">Radiohead anuncia cuatro conciertos en Madrid para este noviembre<\/p>\n<p>            <img decoding=\"async\" class=\"lazy\" loading=\"lazy\" data-src=\"https:\/\/static.eldiario.es\/clip\/195769cd-c9a5-4f7a-9d79-b519716ff9e4_16-9-aspect-ratio_default_0.jpg\" src=\"data:image\/svg+xml,%3Csvg xmlns=\" http:=\"\" viewbox=\"0 0 880 495\" alt=\"Radiohead anuncia cuatro conciertos en Madrid para este noviembre\"\/><\/p>\n<p>                        <\/a><\/p>\n<p class=\"article-text\">\n        En un mensaje dirigido a sus fans tras el anuncio de los conciertos, Philip Selway de\u00a0Radiohead aleg\u00f3 que, tras una pausa de siete a\u00f1os, en 2024 el grupo se reuni\u00f3 para ensayar \u201csolo por el gusto de hacerlo\u201d: \u201cNos sent\u00f3 muy bien volver a tocar las canciones de nuevo y reconectar con una identidad musical que se ha arraigado profundamente en nosotros cinco\u201d.\u00a0La banda actuar\u00e1 los pr\u00f3ximos 4, 5, 7 y 8 de noviembre en el Movistar Arena de Madrid,\n    <\/p>\n","protected":false},"excerpt":{"rendered":"Thom Yorke, vocalista y compositor principal de Radiohead, ha declarado que \u201cpor supuesto que no\u201d dar\u00eda ahora un&hellip;\n","protected":false},"author":2,"featured_media":204119,"comment_status":"","ping_status":"","sticky":false,"template":"","format":"standard","meta":{"footnotes":""},"categories":[170],"tags":[808,1136,146,147,25,24,74,184,185,689,3529,23,8841,55892,55894,55893],"class_list":{"0":"post-204118","1":"post","2":"type-post","3":"status-publish","4":"format-standard","5":"has-post-thumbnail","7":"category-musica","8":"tag-ahora","9":"tag-asegura","10":"tag-entertainment","11":"tag-entretenimiento","12":"tag-es","13":"tag-espana","14":"tag-israel","15":"tag-music","16":"tag-musica","17":"tag-no","18":"tag-radiohead","19":"tag-spain","20":"tag-supuesto","21":"tag-thom","22":"tag-tocaria","23":"tag-yorke"},"share_on_mastodon":{"url":"https:\/\/pubeurope.com\/@es\/115447734214116860","error":""},"_links":{"self":[{"href":"https:\/\/www.europesays.com\/es\/wp-json\/wp\/v2\/posts\/204118","targetHints":{"allow":["GET"]}}],"collection":[{"href":"https:\/\/www.europesays.com\/es\/wp-json\/wp\/v2\/posts"}],"about":[{"href":"https:\/\/www.europesays.com\/es\/wp-json\/wp\/v2\/types\/post"}],"author":[{"embeddable":true,"href":"https:\/\/www.europesays.com\/es\/wp-json\/wp\/v2\/users\/2"}],"replies":[{"embeddable":true,"href":"https:\/\/www.europesays.com\/es\/wp-json\/wp\/v2\/comments?post=204118"}],"version-history":[{"count":0,"href":"https:\/\/www.europesays.com\/es\/wp-json\/wp\/v2\/posts\/204118\/revisions"}],"wp:featuredmedia":[{"embeddable":true,"href":"https:\/\/www.europesays.com\/es\/wp-json\/wp\/v2\/media\/204119"}],"wp:attachment":[{"href":"https:\/\/www.europesays.com\/es\/wp-json\/wp\/v2\/media?parent=204118"}],"wp:term":[{"taxonomy":"category","embeddable":true,"href":"https:\/\/www.europesays.com\/es\/wp-json\/wp\/v2\/categories?post=204118"},{"taxonomy":"post_tag","embeddable":true,"href":"https:\/\/www.europesays.com\/es\/wp-json\/wp\/v2\/tags?post=204118"}],"curies":[{"name":"wp","href":"https:\/\/api.w.org\/{rel}","templated":true}]}}