{"id":204125,"date":"2025-10-27T19:19:10","date_gmt":"2025-10-27T19:19:10","guid":{"rendered":"https:\/\/www.europesays.com\/es\/204125\/"},"modified":"2025-10-27T19:19:10","modified_gmt":"2025-10-27T19:19:10","slug":"la-chaqueta-de-ante-que-le-has-visto-a-la-princesa-leonor-y-que-es-ya-tendencia-es-de-cordoba-y-esta-rebajada-de-precio","status":"publish","type":"post","link":"https:\/\/www.europesays.com\/es\/204125\/","title":{"rendered":"La chaqueta de ante que le has visto a la Princesa Leonor y que es ya tendencia es de C\u00f3rdoba y&#8230; est\u00e1 rebajada de precio"},"content":{"rendered":"<p class=\"voc-p\" style=\"\">La <strong>visita el s\u00e1bado <\/strong>de la <a href=\"https:\/\/www.abc.es\/espana\/andalucia\/cordoba\/sevi-real-reina-dona-letizia-y-filigrana-cordoba-202006292058_noticia.html\" data-voc-vtm-id=\"in-text-traffic\" title=\"Familia Real a\" data-mrf-link=\"www.abc.es\" rel=\"nofollow noopener\" target=\"_blank\">Familia Real a<\/a><strong> Valdesoto<\/strong>, <a href=\"https:\/\/www.abc.es\/espana\/casa-real\/comedia-bolos-pueblo-apanao-visita-familia-real-20251025142722-nt.html\" target=\"_blank\" data-voc-vtm-id=\"in-text-traffic\" title=\"Pueblo Ejemplo 2025\" data-mrf-link=\"www.abc.es\" rel=\"nofollow noopener\">Pueblo Ejemplo 2025<\/a>, se ha repetido una y otra vez en los medios y en los m\u00f3viles de la mayor\u00eda de nosotros. Pero lo que, quiz\u00e1s, haya pasado desapercibido para muchos es  &#8230; que <strong>Do\u00f1a Leonor<\/strong> llevaba en su &#8216;look&#8217; <strong>sello cordob\u00e9s<\/strong>. <\/p>\n<p class=\"voc-p\" style=\"\">Y es que la Princesa luci\u00f3 una <strong>chaqueta de ante<\/strong> en color camel que es de la firma Monpiel, nacida hace tres d\u00e9cadas en <strong>Montilla <\/strong>y con instalaciones en nuestra capital (La Torrecilla). El hecho de que la haya llevado Do\u00f1a Leonor en una cita con tanta repercusi\u00f3n y el enorme estilo de la pieza la convierten en una pieza de tendencia para este oto\u00f1o.<\/p>\n<p class=\"voc-p\" style=\"\">Tiene un <strong>precio actual de 280 euros<\/strong>, ya que cuenta con un 15% de descuento por la &#8216;Mid Season Sales&#8217; (precio original 329,90 euros). Hay que tener en cuenta que Monpiel se vuelca totalmente en la comercializaci\u00f3n &#8216;online&#8217; -pincha en <a href=\"https:\/\/monpiel.com\/rebajas\/\" data-voc-vtm-id=\"in-text-traffic\" title=\"este enlace \" data-mrf-link=\"monpiel.com\" rel=\"nofollow noopener\" target=\"_blank\">este enlace <\/a>para ir a ella-. <\/p>\n<p class=\"voc-p\" style=\"\">\u00c9sta es una <strong>firma familiar <\/strong>dedicada a la <strong>moda y la marroquiner\u00eda <\/strong>que ofrece bolsos de piel, calzado, cinturones y otros complementos como el trench que eligi\u00f3 la Princesa. Los elegantes productos de su marca son fruto de un compromiso con la calidad, la sostenibilidad y la artesan\u00eda local. No en vano, nacen en una alianza con expertos artesanos de distintos putnos de Espa\u00f1a. <\/p>\n<p>\nArt\u00edculo solo para suscriptores\n<\/p>\n<p>Reportar un error<\/p>\n","protected":false},"excerpt":{"rendered":"La visita el s\u00e1bado de la Familia Real a Valdesoto, Pueblo Ejemplo 2025, se ha repetido una y&hellip;\n","protected":false},"author":2,"featured_media":204126,"comment_status":"","ping_status":"","sticky":false,"template":"","format":"standard","meta":{"footnotes":""},"categories":[91],"tags":[1575,39406,2760,146,147,25,24,11646,3282,1650,55899,23,28577,8922],"class_list":{"0":"post-204125","1":"post","2":"type-post","3":"status-publish","4":"format-standard","5":"has-post-thumbnail","7":"category-entretenimiento","8":"tag-ante","9":"tag-chaqueta","10":"tag-cordoba","11":"tag-entertainment","12":"tag-entretenimiento","13":"tag-es","14":"tag-espana","15":"tag-leonor","16":"tag-precio","17":"tag-princesa","18":"tag-rebajada","19":"tag-spain","20":"tag-tendencia","21":"tag-visto"},"share_on_mastodon":{"url":"https:\/\/pubeurope.com\/@es\/115447750070558583","error":""},"_links":{"self":[{"href":"https:\/\/www.europesays.com\/es\/wp-json\/wp\/v2\/posts\/204125","targetHints":{"allow":["GET"]}}],"collection":[{"href":"https:\/\/www.europesays.com\/es\/wp-json\/wp\/v2\/posts"}],"about":[{"href":"https:\/\/www.europesays.com\/es\/wp-json\/wp\/v2\/types\/post"}],"author":[{"embeddable":true,"href":"https:\/\/www.europesays.com\/es\/wp-json\/wp\/v2\/users\/2"}],"replies":[{"embeddable":true,"href":"https:\/\/www.europesays.com\/es\/wp-json\/wp\/v2\/comments?post=204125"}],"version-history":[{"count":0,"href":"https:\/\/www.europesays.com\/es\/wp-json\/wp\/v2\/posts\/204125\/revisions"}],"wp:featuredmedia":[{"embeddable":true,"href":"https:\/\/www.europesays.com\/es\/wp-json\/wp\/v2\/media\/204126"}],"wp:attachment":[{"href":"https:\/\/www.europesays.com\/es\/wp-json\/wp\/v2\/media?parent=204125"}],"wp:term":[{"taxonomy":"category","embeddable":true,"href":"https:\/\/www.europesays.com\/es\/wp-json\/wp\/v2\/categories?post=204125"},{"taxonomy":"post_tag","embeddable":true,"href":"https:\/\/www.europesays.com\/es\/wp-json\/wp\/v2\/tags?post=204125"}],"curies":[{"name":"wp","href":"https:\/\/api.w.org\/{rel}","templated":true}]}}