{"id":204144,"date":"2025-10-27T19:33:13","date_gmt":"2025-10-27T19:33:13","guid":{"rendered":"https:\/\/www.europesays.com\/es\/204144\/"},"modified":"2025-10-27T19:33:13","modified_gmt":"2025-10-27T19:33:13","slug":"yanez-primera-porteria-a-cero-en-dos-meses-y-su-renovacion-con-el-sporting-a-punto","status":"publish","type":"post","link":"https:\/\/www.europesays.com\/es\/204144\/","title":{"rendered":"Y\u00e1\u00f1ez, primera porter\u00eda a cero en dos meses y su renovaci\u00f3n con el Sporting, a punto"},"content":{"rendered":"<p><a class=\"v-mdl-ath__fig-a\" href=\"https:\/\/www.elcomercio.es\/autor\/javier-barrio-265.html\" title=\"Javier Barrio\" rel=\"nofollow noopener\" target=\"_blank\"><br \/>\n<img decoding=\"async\" class=\"v-mdl-ath__img\" src=\"https:\/\/www.europesays.com\/es\/wp-content\/uploads\/2025\/08\/autor-265-foto-1.jpeg\" alt=\"Javier Barrio\"\/><br \/>\n<\/a><\/p>\n<p class=\"v-mdl-ath__p v-mdl-ath__p--6\">\nLunes, 27 de octubre 2025, 14:36<\/p>\n<p class=\"v-p\">\u00abHemos hecho una tarea defensiva muy buena\u00bb, resum\u00eda este domingo con satisfacci\u00f3n, descargado ya de adrenalina, Rub\u00e9n Y\u00e1\u00f1ez. Detr\u00e1s quedaba <a href=\"https:\/\/www.elcomercio.es\/sporting\/sporting-gijon-zaragoza-resultado-partido-20251027085727-nt.html\" target=\"_self\" data-voc-vtm-id=\"in-text-traffic\" title=\"una victoria agarrada a la \u00e9pica\" data-mrf-link=\"www.elcomercio.es\" rel=\"nofollow noopener\">una victoria agarrada a la \u00e9pica<\/a> de un Real Sporting de Gij\u00f3n que disput\u00f3 el tramo final de la primera mitad y 50 minutos m\u00e1s (hubo una prolongaci\u00f3n de cinco) con un futbolista menos por la expulsi\u00f3n de Dubasin, haciendo de la necesidad virtud. <\/p>\n<p class=\"v-p\">Frente a un contexto extremo, acentuado tambi\u00e9n por las lesiones de Gaspar y Otero, el equipo se transform\u00f3 en una roca contra la que se estrell\u00f3 el Zaragoza, incapaz de rentabilizar su ventaja de personal. \u00abLa porter\u00eda a cero era una cuenta pendiente. La victoria era important\u00edsima por la din\u00e1mica y por mantener esos puntos que nos permiten estar arriba\u00bb, se congratulaba el capit\u00e1n. <\/p>\n<p class=\"v-p\">Hac\u00eda dos largos meses \u2014desde el triunfo contra la Cultural en El Molin\u00f3n- que el Sporting no manten\u00eda inc\u00f3lume su porter\u00eda. En ese sentido, la tercera victoria de la &#8216;era Borja Jim\u00e9nez&#8217; fue el triunfo de la perseverancia, de una mentalidad de hierro y de un ejercicio de seriedad defensiva may\u00fasculo. <\/p>\n<p class=\"v-p\">Los datos no pueden ser m\u00e1s reveladores: el Zaragoza tuvo el 67% de la posesi\u00f3n, intent\u00f3 22 disparos, dio 457 pases (220 m\u00e1s que el Sporting), contabiliz\u00f3 39 centros precisos y 16 saques de esquina, entre otros registros ofensivos. Pero con este volumen, gracias a una estupenda faena coral de todos los futbolistas comenzando por una l\u00ednea defensiva convertida en un dique de contenci\u00f3n, solo coloc\u00f3 tres tiros en la porter\u00eda de Y\u00e1\u00f1ez, soberano del espacio a\u00e9reo y s\u00edmbolo de esta resistencia numantina. <\/p>\n<p class=\"v-p\">Al Zaragoza le cost\u00f3 un mundo dar con el portero, pero, cuando lo hizo, Y\u00e1\u00f1ez dio una seguridad absoluta. Por alto, en ese bombardeo de centros, y, tambi\u00e9n, con una intervenci\u00f3n que result\u00f3 decisiva en el guion de la trama. En la primera mitad, antes del serial de desgracias que condicionaron al Sporting, evit\u00f3 el empate del Zaragoza con dos paradones en la misma jugada. Primero a Francho, con un &#8216;centro-chut&#8217;. Luego, sobre la misma l\u00ednea, a Sober\u00f3n. <\/p>\n<p class=\"v-p\">\u00abHa sido un partido muy emocionante\u00bb, ponderaba este domingo el meta, clave en este Sporting que, salvo giro inesperado, tiene encarrilada su renovaci\u00f3n. La continuidad del meta catal\u00e1n era un objetivo prioritario y, en este momento, hay muy buena sinton\u00eda entre las dos partes para firmar un nuevo contrato hasta 2028. Puede quedar abierta la opci\u00f3n de prolongarlo por una temporada m\u00e1s, pero, en principio, la ampliaci\u00f3n ser\u00e1 por dos temporadas. <\/p>\n<p class=\"v-p\">A la espera de que se confirme, el movimiento reafirma la fuerte apuesta que se est\u00e1 haciendo en Mareo en el \u00faltimo a\u00f1o para dise\u00f1ar un proyecto con recorrido. Y el guardameta catal\u00e1n, que el domingo celebr\u00f3 su partido numero 90 como rojiblanco, es una de las piedras angulares. Por supuesto, Borja Jim\u00e9nez, que est\u00e1 liderando una estupenda reacci\u00f3n. El equipo, tras varias semanas fuera, ha vuelto a entrar en el &#8216;play off&#8217; y est\u00e1 a un punto del ascenso directo.<\/p>\n<p>Una realidad a corto plazo<\/p>\n<p class=\"v-p\">Y\u00e1\u00f1ez, que mantiene una estrecha relaci\u00f3n con el club, siempre ha manifestado su deseo de prolongar su estancia en el Sporting m\u00e1s all\u00e1 de este verano, cuando termina su contrato. El club, a su vez, est\u00e1 muy satisfecho con el rendimiento del portero, de 32 a\u00f1os, que este verano, adem\u00e1s, se ha convertido en el primer capit\u00e1n de la plantilla. Si nada se tuerce, la renovaci\u00f3n del meta catal\u00e1n ser\u00e1 una realidad en el corto plazo.<\/p>\n<p>Reporta un error<\/p>\n","protected":false},"excerpt":{"rendered":"Lunes, 27 de octubre 2025, 14:36 \u00abHemos hecho una tarea defensiva muy buena\u00bb, resum\u00eda este domingo con satisfacci\u00f3n,&hellip;\n","protected":false},"author":2,"featured_media":204145,"comment_status":"","ping_status":"","sticky":false,"template":"","format":"standard","meta":{"footnotes":""},"categories":[268],"tags":[3145,168,1563,25,24,280,282,1140,1753,1078,2320,1135,281,23,4782,167,31888],"class_list":{"0":"post-204144","1":"post","2":"type-post","3":"status-publish","4":"format-standard","5":"has-post-thumbnail","7":"category-futbol","8":"tag-cero","9":"tag-deportes","10":"tag-dos","11":"tag-es","12":"tag-espana","13":"tag-football","14":"tag-futbol","15":"tag-meses","16":"tag-porteria","17":"tag-primera","18":"tag-punto","19":"tag-renovacion","20":"tag-soccer","21":"tag-spain","22":"tag-sporting","23":"tag-sports","24":"tag-yanez"},"share_on_mastodon":{"url":"https:\/\/pubeurope.com\/@es\/115447805326654763","error":""},"_links":{"self":[{"href":"https:\/\/www.europesays.com\/es\/wp-json\/wp\/v2\/posts\/204144","targetHints":{"allow":["GET"]}}],"collection":[{"href":"https:\/\/www.europesays.com\/es\/wp-json\/wp\/v2\/posts"}],"about":[{"href":"https:\/\/www.europesays.com\/es\/wp-json\/wp\/v2\/types\/post"}],"author":[{"embeddable":true,"href":"https:\/\/www.europesays.com\/es\/wp-json\/wp\/v2\/users\/2"}],"replies":[{"embeddable":true,"href":"https:\/\/www.europesays.com\/es\/wp-json\/wp\/v2\/comments?post=204144"}],"version-history":[{"count":0,"href":"https:\/\/www.europesays.com\/es\/wp-json\/wp\/v2\/posts\/204144\/revisions"}],"wp:featuredmedia":[{"embeddable":true,"href":"https:\/\/www.europesays.com\/es\/wp-json\/wp\/v2\/media\/204145"}],"wp:attachment":[{"href":"https:\/\/www.europesays.com\/es\/wp-json\/wp\/v2\/media?parent=204144"}],"wp:term":[{"taxonomy":"category","embeddable":true,"href":"https:\/\/www.europesays.com\/es\/wp-json\/wp\/v2\/categories?post=204144"},{"taxonomy":"post_tag","embeddable":true,"href":"https:\/\/www.europesays.com\/es\/wp-json\/wp\/v2\/tags?post=204144"}],"curies":[{"name":"wp","href":"https:\/\/api.w.org\/{rel}","templated":true}]}}