{"id":204150,"date":"2025-10-27T19:37:16","date_gmt":"2025-10-27T19:37:16","guid":{"rendered":"https:\/\/www.europesays.com\/es\/204150\/"},"modified":"2025-10-27T19:37:16","modified_gmt":"2025-10-27T19:37:16","slug":"maria-castro-revela-por-error-el-regreso-de-un-importante-personaje-de-la-promesa","status":"publish","type":"post","link":"https:\/\/www.europesays.com\/es\/204150\/","title":{"rendered":"Mar\u00eda Castro revela por error el regreso de un importante personaje de &#8216;La Promesa&#8217;"},"content":{"rendered":"<p data-journey-content=\"true\" data-node-id=\"3\" class=\"css-6wxqfj emevuu60\">Tener una fuerte presencia en redes sociales suele implicar una exposici\u00f3n muy grande, lo que lleva a que las publicaciones lleguen a m\u00e1s gente y, por tanto, es probable que entre todos ellos haya alguno con ojos muy atentos dispuesto a desgranar cada imagen al detalle. Tanto es as\u00ed que son muchas las ocasiones en las que se han destapado relaciones secretas, fichajes inesperados o, en este caso, un sorprendente regreso a una serie de lo m\u00e1s popular. <\/p>\n<p data-journey-content=\"true\" data-node-id=\"6\" class=\"css-6wxqfj emevuu60\"><strong data-node-id=\"6.0\"> &#8216;<a href=\"https:\/\/www.diezminutos.es\/telenovela-la-promesa\/\" target=\"_blank\" data-vars-ga-outbound-link=\"https:\/\/www.diezminutos.es\/telenovela-la-promesa\/\" data-vars-ga-ux-element=\"Hyperlink\" data-vars-ga-call-to-action=\"La Promesa\" data-node-id=\"6.0.1\" data-mrf-link=\"https:\/\/www.diezminutos.es\/telenovela-la-promesa\/\" class=\"body-link css-177bzfx emevuu60\" rel=\"nofollow noopener\">La Promesa<\/a>&#8216; <\/strong><strong data-node-id=\"6.1\">va a regalarnos un importante reencuentro de personajes con la vuelta de uno de los que aparecieron hace m\u00e1s de un a\u00f1o. <\/strong>La cuesti\u00f3n es que la manera en la que lo hemos descubierto es de lo m\u00e1s inocente y es que, <strong data-node-id=\"6.3\">por error, esta informaci\u00f3n ha sido revelada por la actriz <a href=\"https:\/\/www.diezminutos.es\/telenovela\/espanolas\/g43861537\/maria-castro-series\/\" target=\"_blank\" data-vars-ga-outbound-link=\"https:\/\/www.diezminutos.es\/telenovela\/espanolas\/g43861537\/maria-castro-series\/\" data-vars-ga-ux-element=\"Hyperlink\" data-vars-ga-call-to-action=\"Mar\u00eda Castro\" data-node-id=\"6.3.1\" class=\"body-link css-177bzfx emevuu60\" rel=\"nofollow noopener\">Mar\u00eda Castro<\/a> <\/strong>en un curioso v\u00eddeo que solo pretend\u00eda dar una idea de disfraz de Halloween. Os contamos qu\u00e9 es lo que ha ocurrido exactamente y qui\u00e9n vuelve a &#8216;La Promesa&#8217; pr\u00f3ximamente. <strong data-node-id=\"6.5\">Atenci\u00f3n: esta informaci\u00f3n contiene spoiler. <\/strong>Pero leerlo te har\u00e1 interesarte m\u00e1s a\u00fan por este telenovela espa\u00f1ola que tan enganchada tiene a la audiencia.<strong data-node-id=\"6.7\"\/><\/p>\n<p><img draggable=\"true\" alt=\"maria castro sube un video a sus redes con un spoiler de 'la promesa'\" title=\"Maria Castro sube un video a sus redes con un spoiler de 'La Promesa'\" loading=\"lazy\" width=\"4027\" height=\"3000\" decoding=\"async\" data-nimg=\"1\" style=\"color:transparent;width:100%;height:auto;\"   src=\"https:\/\/www.europesays.com\/es\/wp-content\/uploads\/2025\/10\/maria-castro-spoiler-la-promesa-68ff7014d2538.jpg\" class=\"css-0 e1g79fud0\"\/><\/p>\n<p>Mar\u00eda Castro\/\/Instagram<\/p>\n<p>Mar\u00eda Castro revela por error el importante regreso de un personaje de &#8216;La Promesa&#8217; que era uno de los secretos mejor guardados de la serie<\/p>\n<p data-journey-content=\"true\" data-node-id=\"13\" class=\"css-6wxqfj emevuu60\">Las celebraciones no solo abarcan el d\u00eda exacto en que se hacen, sino tambi\u00e9n las jornadas de preparativos y en lo que respecta a Halloween, en cuanto ponemos un pie en octubre, se da por inaugurado el mes m\u00e1s siniestro del a\u00f1o, uno que los m\u00e1s peque\u00f1os de la casa pueden disfrutar muy especialmente si les gustan los disfraces. <strong data-node-id=\"13.1\">Mar\u00eda Castro lo sabe y, por eso, no duda en compartir de forma habitual <a href=\"https:\/\/www.diezminutos.es\/cocina\/recetas\/a68166604\/receta-hamburguesa-huevo-bagel-maria-castro-actriz-la-promesa\/\" target=\"_blank\" data-vars-ga-outbound-link=\"https:\/\/www.diezminutos.es\/cocina\/recetas\/a68166604\/receta-hamburguesa-huevo-bagel-maria-castro-actriz-la-promesa\/\" data-vars-ga-ux-element=\"Hyperlink\" data-vars-ga-call-to-action=\"un mont\u00f3n de recetas\" data-node-id=\"13.1.1\" class=\"body-link css-177bzfx emevuu60\" rel=\"nofollow noopener\">un mont\u00f3n de recetas<\/a> y trucos f\u00e1ciles para entretener y divertir a los m\u00e1s peque\u00f1os.<\/strong> As\u00ed que, desde principios del mes, ha ido subiendo algunas pautas infalibles para crear disfraces divertidos y f\u00e1ciles en tiempo r\u00e9cord para llegar a tiempo a la noche del 31 repleto de telara\u00f1as, monstruitos y sangre (falsa, por supuesto).<\/p>\n<p data-journey-content=\"true\" data-node-id=\"16\" class=\"css-6wxqfj emevuu60\">Sin embargo, <strong data-node-id=\"16.1\">desde la naturalidad y la inocencia tambi\u00e9n se pueden cometer errores y Mar\u00eda acaba de comprobarlo.<\/strong> En uno de los descansos del rodaje de &#8216;La Promesa&#8217;, la serie diaria de TVE en la que est\u00e1 enfrascada desde antes de <a href=\"https:\/\/www.diezminutos.es\/teleprograma\/programacion-tv\/a42441799\/la-promesa-serie-la-1-estreno-fecha\/\" target=\"_blank\" data-vars-ga-outbound-link=\"https:\/\/www.diezminutos.es\/teleprograma\/programacion-tv\/a42441799\/la-promesa-serie-la-1-estreno-fecha\/\" data-vars-ga-ux-element=\"Hyperlink\" data-vars-ga-call-to-action=\"su estreno, en enero de 2023\" data-node-id=\"16.3\" class=\"body-link css-177bzfx emevuu60\" rel=\"nofollow noopener\">su estreno, en enero de 2023<\/a>, ha aprovechado para mostrar una de sus \u00faltimas ideas, una cabeza de lobo flotante que tiene truco. El problema es que, <strong data-node-id=\"16.5\">adem\u00e1s de revelar su depurada t\u00e9cnica para culminar el disfraz, tambi\u00e9n ha dejado una revelaci\u00f3n inesperada sobre la serie que solo los fans m\u00e1s atentos han podido detectar.<\/strong><\/p>\n<p><img draggable=\"true\" alt=\"ampliacion de un video del feed de maria castro\" title=\"Ampliacion de un video del feed de Maria Castro\" loading=\"lazy\" width=\"3000\" height=\"5333\" decoding=\"async\" data-nimg=\"1\" style=\"color:transparent;width:100%;height:auto;\"   src=\"https:\/\/www.europesays.com\/es\/wp-content\/uploads\/2025\/10\/maria-castro-spoiler-la-promesa-detalle-1-68ff6fb3cf5bf.jpg\" class=\"css-0 e1g79fud0\"\/><\/p>\n<p>Mar\u00eda Castro\/\/Instagram<\/p>\n<p data-journey-content=\"true\" data-node-id=\"19\" class=\"css-6wxqfj emevuu60\">Y es que, si analizamos el v\u00eddeo, en un determinado momento de las explicaciones vemos <strong data-node-id=\"19.1\">los carteles de una de las puertas de los camerinos de &#8216;La Promesa&#8217; <\/strong>y, cu\u00e1n grande ha sido nuestra sorpresa al poder leer un nombre en la misma sala que <a href=\"https:\/\/www.diezminutos.es\/famosos-corazon\/famosos-espanoles\/a65169326\/isabel-serrano-entrevista-leocadia-la-promesa\/\" target=\"_blank\" data-vars-ga-outbound-link=\"https:\/\/www.diezminutos.es\/famosos-corazon\/famosos-espanoles\/a65169326\/isabel-serrano-entrevista-leocadia-la-promesa\/\" data-vars-ga-ux-element=\"Hyperlink\" data-vars-ga-call-to-action=\"Isabel Serrano\" data-node-id=\"19.3\" class=\"body-link css-177bzfx emevuu60\" rel=\"nofollow noopener\">Isabel Serrano<\/a> (<a href=\"https:\/\/www.diezminutos.es\/telenovela\/espanolas\/a65184739\/la-promesa-leocadia-personaje-mas-malvado-telenovelas\/\" target=\"_blank\" data-vars-ga-outbound-link=\"https:\/\/www.diezminutos.es\/telenovela\/espanolas\/a65184739\/la-promesa-leocadia-personaje-mas-malvado-telenovelas\/\" data-vars-ga-ux-element=\"Hyperlink\" data-vars-ga-call-to-action=\"Leocadia\" data-node-id=\"19.5\" class=\"body-link css-177bzfx emevuu60\" rel=\"nofollow noopener\">Leocadia<\/a> en la ficci\u00f3n). Y si hacemos memoria, resulta que  la conocemos de sobra, aunque desde su anterior aparici\u00f3n en la serie, que termin\u00f3 en octubre de 2024, no la hab\u00edamos vuelto a ver por el palacio. Se trata de <strong data-node-id=\"19.7\">Cristina Fern\u00e1ndez Pintado, quien diera vida a Margarita Llopis de Luj\u00e1n<\/strong>, madre de Martina (Amparo Pi\u00f1ero, <a href=\"https:\/\/www.diezminutos.es\/telenovela\/espanolas\/a69134754\/la-promesa-cancelacion-dos-vidas-telenovela-espanola-ver-gratis-rtve-play\/\" target=\"_blank\" data-vars-ga-outbound-link=\"https:\/\/www.diezminutos.es\/telenovela\/espanolas\/a69134754\/la-promesa-cancelacion-dos-vidas-telenovela-espanola-ver-gratis-rtve-play\/\" data-vars-ga-ux-element=\"Hyperlink\" data-vars-ga-call-to-action=\"&#039;Dos vidas&#039;\" data-node-id=\"19.9\" class=\"body-link css-177bzfx emevuu60\" rel=\"nofollow noopener\">&#8216;Dos vidas&#8217;<\/a>) en la serie. Seg\u00fan parece, la actriz aparecer\u00e1 pr\u00f3ximamente en &#8216;La Promesa&#8217;, puesto que <strong data-node-id=\"19.11\">el equipo siempre rueda con bastante adelanto las tramas, as\u00ed que tardaremos en verla en pantalla&#8230; pero ese momento llegar\u00e1.<\/strong><\/p>\n<p><img src=\"https:\/\/www.europesays.com\/es\/wp-content\/uploads\/2025\/10\/1761593836_325_c846bc45-0529-47f5-9c7d-b54f2b3afed7_1682587735.file\" alt=\"Headshot of Nora C\u00e1mara\" title=\"Headshot of Nora C\u00e1mara\" width=\"100%\" height=\"100%\" decoding=\"async\" loading=\"lazy\" class=\"css-o0wq4v ev8dhu53\"\/><\/p>\n<p>Nora es experta en contenidos de cine y televisi\u00f3n en la web de Diez Minutos. Sus intereses personales y profesionales se cruzan en su labor en esta revista, pues dedica su tiempo a estar al d\u00eda en los \u00faltimos estrenos en salas y plataformas, tanto para no perd\u00e9rselos como para recomendarlos. Pero que nadie sufra, tambi\u00e9n desconecta con la m\u00fasica en directo, la lectura y los viajes. \u00a0<\/p>\n<p>Prescriptora audiovisual por verdadera afici\u00f3n, siempre est\u00e1 dispuesta a arrastrarte con ella al apasionante mundo de las sagas como Harry Potter, Star Wars o Marvel, as\u00ed como a sugerirte la \u00faltima serie adictiva que no debes perderte de Netflix, HBO Max, Disney+, Movistar+ y Amazon Prime Video. Eso s\u00ed, si tienes un arrebato de nostalgia, tambi\u00e9n te recordar\u00e1 el cl\u00e1sico perfecto para cualquier estado de \u00e1nimo o tem\u00e1tica que te interese, desde el musical o la ciencia ficci\u00f3n a las adaptaciones literarias.\u00a0<\/p>\n<p>Nora C\u00e1mara se gradu\u00f3 en Periodismo y Comunicaci\u00f3n Audiovisual en la Universidad Carlos III de Madrid en 2015, donde defini\u00f3 su pasi\u00f3n por los contenidos de cine y televisi\u00f3n. Continu\u00f3 su especializaci\u00f3n en estas materias con diversas formaciones de Guion de televisi\u00f3n y Cr\u00edtica cinematogr\u00e1fica, llev\u00e1ndole a mejorar su experiencia en las revistas del grupo HEARST Teleprograma, Supertele y Telenovela, antes de su llegada a Diez Minutos, hace dos a\u00f1os. \u00a0<\/p>\n","protected":false},"excerpt":{"rendered":"Tener una fuerte presencia en redes sociales suele implicar una exposici\u00f3n muy grande, lo que lleva a que&hellip;\n","protected":false},"author":2,"featured_media":204151,"comment_status":"","ping_status":"","sticky":false,"template":"","format":"standard","meta":{"footnotes":""},"categories":[171],"tags":[253,146,147,25,24,23,214],"class_list":{"0":"post-204150","1":"post","2":"type-post","3":"status-publish","4":"format-standard","5":"has-post-thumbnail","7":"category-tv","8":"tag-discover","9":"tag-entertainment","10":"tag-entretenimiento","11":"tag-es","12":"tag-espana","13":"tag-spain","14":"tag-tv"},"share_on_mastodon":{"url":"https:\/\/pubeurope.com\/@es\/115447821108886036","error":""},"_links":{"self":[{"href":"https:\/\/www.europesays.com\/es\/wp-json\/wp\/v2\/posts\/204150","targetHints":{"allow":["GET"]}}],"collection":[{"href":"https:\/\/www.europesays.com\/es\/wp-json\/wp\/v2\/posts"}],"about":[{"href":"https:\/\/www.europesays.com\/es\/wp-json\/wp\/v2\/types\/post"}],"author":[{"embeddable":true,"href":"https:\/\/www.europesays.com\/es\/wp-json\/wp\/v2\/users\/2"}],"replies":[{"embeddable":true,"href":"https:\/\/www.europesays.com\/es\/wp-json\/wp\/v2\/comments?post=204150"}],"version-history":[{"count":0,"href":"https:\/\/www.europesays.com\/es\/wp-json\/wp\/v2\/posts\/204150\/revisions"}],"wp:featuredmedia":[{"embeddable":true,"href":"https:\/\/www.europesays.com\/es\/wp-json\/wp\/v2\/media\/204151"}],"wp:attachment":[{"href":"https:\/\/www.europesays.com\/es\/wp-json\/wp\/v2\/media?parent=204150"}],"wp:term":[{"taxonomy":"category","embeddable":true,"href":"https:\/\/www.europesays.com\/es\/wp-json\/wp\/v2\/categories?post=204150"},{"taxonomy":"post_tag","embeddable":true,"href":"https:\/\/www.europesays.com\/es\/wp-json\/wp\/v2\/tags?post=204150"}],"curies":[{"name":"wp","href":"https:\/\/api.w.org\/{rel}","templated":true}]}}