{"id":204158,"date":"2025-10-27T19:41:13","date_gmt":"2025-10-27T19:41:13","guid":{"rendered":"https:\/\/www.europesays.com\/es\/204158\/"},"modified":"2025-10-27T19:41:13","modified_gmt":"2025-10-27T19:41:13","slug":"una-paciente-britanica-se-convierte-en-la-primera-persona-en-recibir-una-terapia-celular-innovadora-que-pretende-detener-la-progresion-de-la-esclerosis-multiple-esclerosis-multiple-espana","status":"publish","type":"post","link":"https:\/\/www.europesays.com\/es\/204158\/","title":{"rendered":"Una paciente brit\u00e1nica se convierte en la primera persona en recibir una terapia celular innovadora que pretende detener la progresi\u00f3n de la Esclerosis M\u00faltiple \u2022 Esclerosis m\u00faltiple Espa\u00f1a"},"content":{"rendered":"<p>        <img fetchpriority=\"high\" width=\"640\" height=\"427\" src=\"https:\/\/www.europesays.com\/es\/wp-content\/uploads\/2025\/10\/2.82116388.webp.webp\" class=\"post-thumbnail__img wp-post-image wp-post-image\" alt=\"Una paciente brit\u00e1nica se convierte en la primera persona en recibir una terapia celular innovadora que pretende detener la progresi\u00f3n de la Esclerosis M\u00faltiple\" decoding=\"async\"  \/>    <\/p>\n<p>        Una paciente brit\u00e1nica se convierte en la primera persona en recibir una terapia celular innovadora que pretende detener la progresi\u00f3n de la Esclerosis M\u00faltiple<\/p>\n<p>Este tratamiento, con c\u00e9lulas CAR-T, podr\u00eda ser un punto de inflexi\u00f3n para el tratamiento de la Esclerosis M\u00faltiple <\/p>\n<p>\\\\n\\\\t\\\\t\\\\t\\\\t\\\\n\\\\t\\\\t\\\\t\\\\t\\\\t\\\\t\\\\t\\\\t\\\\t\\\\t\\\\t\\\\t\\\\t\\\\t\\\\t\\\\t\\\\t\\\\n\\\\t\\\\t\\\\t\\\\t\\\\t\\\\t\\\\t\\\\t\\\\t\\\\t\\\\t\\\\t\\\\t\\\\t\\\\t\\\\t\\\\n\\\\t\\\\t\\\\t\\\\t\\\\n\\\\t\\\\t\\\\t\\\\t\\\u00bb,\\\u00bbbody\\\u00bb:\\\u00bb\\\\t\\\\t\\\\t\\\\t\\\\n\\\\t\\\\t\\\\t\\\\t\\\\n\\\\t\\\\t\\\\t\\\\t\\\\t\\\\t\\\\t\\\\t\\\u00bb,\\\u00bbfooter\\\u00bb:\\\u00bb\\\u00bb},\\\u00bbstrict\\\u00bb:{\\\u00bbheader\\\u00bb:\\\u00bb\\\u00bb,\\\u00bbbody\\\u00bb:\\\u00bb\\\u00bb,\\\u00bbfooter\\\u00bb:\\\u00bb\\\u00bb},\\\u00bbadvanced\\\u00bb:{\\\u00bbheader\\\u00bb:\\\u00bb\\\u00bb,\\\u00bbbody\\\u00bb:\\\u00bb\\\u00bb,\\\u00bbfooter\\\u00bb:\\\u00bb\\\u00bb}}\u00bb,\u00bbgdpr_scor\u00bb:\u00bbtrue\u00bb,\u00bbwp_lang\u00bb:\u00bb\u00bb,\u00bbwp_consent_api\u00bb:\u00bbfalse\u00bb,\u00bbgdpr_nonce\u00bb:\u00bbf5aa60291c\u00bb};<br \/>\n\/* ]]> *\/<\/p>\n","protected":false},"excerpt":{"rendered":"Una paciente brit\u00e1nica se convierte en la primera persona en recibir una terapia celular innovadora que pretende detener&hellip;\n","protected":false},"author":2,"featured_media":204159,"comment_status":"","ping_status":"","sticky":false,"template":"","format":"standard","meta":{"footnotes":""},"categories":[92],"tags":[33696,55909,25,1815,24,165,1294,166,23],"class_list":{"0":"post-204158","1":"post","2":"type-post","3":"status-publish","4":"format-standard","5":"has-post-thumbnail","7":"category-salud","8":"tag-avances","9":"tag-celulas-cart","10":"tag-es","11":"tag-esclerosis-multiple","12":"tag-espana","13":"tag-health","14":"tag-investigacion","15":"tag-salud","16":"tag-spain"},"share_on_mastodon":{"url":"https:\/\/pubeurope.com\/@es\/115447836828179005","error":""},"_links":{"self":[{"href":"https:\/\/www.europesays.com\/es\/wp-json\/wp\/v2\/posts\/204158","targetHints":{"allow":["GET"]}}],"collection":[{"href":"https:\/\/www.europesays.com\/es\/wp-json\/wp\/v2\/posts"}],"about":[{"href":"https:\/\/www.europesays.com\/es\/wp-json\/wp\/v2\/types\/post"}],"author":[{"embeddable":true,"href":"https:\/\/www.europesays.com\/es\/wp-json\/wp\/v2\/users\/2"}],"replies":[{"embeddable":true,"href":"https:\/\/www.europesays.com\/es\/wp-json\/wp\/v2\/comments?post=204158"}],"version-history":[{"count":0,"href":"https:\/\/www.europesays.com\/es\/wp-json\/wp\/v2\/posts\/204158\/revisions"}],"wp:featuredmedia":[{"embeddable":true,"href":"https:\/\/www.europesays.com\/es\/wp-json\/wp\/v2\/media\/204159"}],"wp:attachment":[{"href":"https:\/\/www.europesays.com\/es\/wp-json\/wp\/v2\/media?parent=204158"}],"wp:term":[{"taxonomy":"category","embeddable":true,"href":"https:\/\/www.europesays.com\/es\/wp-json\/wp\/v2\/categories?post=204158"},{"taxonomy":"post_tag","embeddable":true,"href":"https:\/\/www.europesays.com\/es\/wp-json\/wp\/v2\/tags?post=204158"}],"curies":[{"name":"wp","href":"https:\/\/api.w.org\/{rel}","templated":true}]}}