{"id":204165,"date":"2025-10-27T19:45:13","date_gmt":"2025-10-27T19:45:13","guid":{"rendered":"https:\/\/www.europesays.com\/es\/204165\/"},"modified":"2025-10-27T19:45:13","modified_gmt":"2025-10-27T19:45:13","slug":"tuvo-mucha-ayuda-de-nuestra-parte","status":"publish","type":"post","link":"https:\/\/www.europesays.com\/es\/204165\/","title":{"rendered":"\u00abTuvo mucha ayuda de nuestra parte\u00bb"},"content":{"rendered":"<p style=\"\">Nunca unas elecciones legislativas en Argentina, en el otro extremo del continente americano, hab\u00edan provocado tanta atenci\u00f3n en la pol\u00edtica de EE.UU. Pero <a href=\"https:\/\/www.abc.es\/internacional\/milei-aplaza-cambios-gobierno-tras-triunfo-electoral-20251027152407-nt.html\" target=\"_self\" data-voc-vtm-id=\"in-text-traffic\" title=\"la victoria de Javier Milei\" rel=\"nofollow noopener\">la victoria de Javier Milei<\/a> en los comicios de este domingo es una victoria tambi\u00e9n para <a href=\"https:\/\/www.abc.es\/internacional\/trump-cien-cien-dispuesto-encuentro-sorpresa-kim-20251027072600-nt.html\" target=\"_self\" data-voc-vtm-id=\"in-text-traffic\" title=\"Donald Trump\" rel=\"nofollow noopener\">Donald Trump<\/a>, que  &#8230; se implic\u00f3 a fondo en la campa\u00f1a para rescatar, a la vez, a la econom\u00eda argentina y a un firme aliado pol\u00edtico.<\/p>\n<p class=\"voc-p\" style=\"\">\u00abHa sido una gran victoria en Argentina\u00bb, se felicit\u00f3 Trump este lunes desde el Air Force One, el avi\u00f3n presidencial, <a href=\"https:\/\/www.abc.es\/internacional\/trump-visita-japon-crecen-esperanzas-acuerdo-comercial-20251027105850-nt.html\" target=\"_self\" data-voc-vtm-id=\"in-text-traffic\" title=\"en su viaje desde Malasia a Jap\u00f3n\" data-mrf-link=\"www.abc.es\" rel=\"nofollow noopener\">en su viaje desde Malasia a Jap\u00f3n<\/a>, donde sigue su gira asi\u00e1tica de esta semana. \u00abQuiero felicitar al ganador, un gran ganador. Recibi\u00f3 mucha ayuda de nuestra parte, mucha ayuda\u00bb, record\u00f3 el presidente de EE.UU. \u00abLe di mi respaldo, un respaldo muy fuerte. Ha sido una victoria muy inesperada, hab\u00eda gente que pensaba que ser\u00eda dif\u00edcil que ganara. Y no solo ha ganado, sino que lo ha hecho por mucho\u00bb.<\/p>\n<p class=\"voc-p\" style=\"\">Trump atribuy\u00f3 parte del \u00e9xito a <a href=\"https:\/\/www.abc.es\/internacional\/leopoldo-20251027123050-nt.html\" target=\"_self\" data-voc-vtm-id=\"in-text-traffic\" title=\"su secretario de Estado, Marco Rubio\" rel=\"nofollow noopener\">su secretario de Estado, Marco Rubio<\/a>, y a las dos principales figuras de su equipo econ\u00f3mico: el secretario de Estado, Scott Bessent; y el representante comercial, Jamieson Greer. Estos dos \u00faltimos fueron esenciales en las negociaciones financieras que supusieron un salvavidas para Milei: <a href=\"https:\/\/www.abc.es\/internacional\/argentina-firma-rescate-financiero-eeuu-20000-millones-20251020180858-nt.html\" target=\"_self\" data-voc-vtm-id=\"in-text-traffic\" title=\"un intercambio de divisas de 20.000 millones de d\u00f3lares propiciada por el Tesoro de EE.UU.\" rel=\"nofollow noopener\">un intercambio de divisas de 20.000 millones de d\u00f3lares propiciada por el Tesoro de EE.UU.<\/a>, adem\u00e1s de otros 20.000 millones de bancos estadounidenses.<\/p>\n<p class=\"voc-p\" style=\"\">Pero Trump, en un movimiento clave para Milei, vincul\u00f3 ese rescate financiero -que provocaba dudas internas incluso entre sus aliados, que cuestionaban por qu\u00e9 dedicar ese dinero a otro pa\u00eds y no a las necesidades de EE.UU.- a la victoria electoral del presidente argentino.<\/p>\n<p class=\"voc-p\" style=\"\"><strong>\u00abSi gana, nos quedaremos junto a \u00e9l. Pero si pierde, nos marchamos\u00bb<\/strong>, dijo el multimillonario despu\u00e9s de la visita de hace unos d\u00edas del presidente argentino.<\/p>\n<p class=\"voc-p\" style=\"\">Antes de su conversaci\u00f3n desde el avi\u00f3n presidencial, Trump ya hab\u00eda mostrado su satisfacci\u00f3n con el resultado electoral de Argentina en un mensaje en su red social. Asegur\u00f3 que Milei \u00abest\u00e1 haciendo <strong>un trabajo maravilloso<\/strong>\u00bb y que \u00abnuestra confianza en \u00e9l ha sido justificada por el pueblo de Argentina\u00bb.<\/p>\n","protected":false},"excerpt":{"rendered":"Nunca unas elecciones legislativas en Argentina, en el otro extremo del continente americano, hab\u00edan provocado tanta atenci\u00f3n en&hellip;\n","protected":false},"author":2,"featured_media":204166,"comment_status":"","ping_status":"","sticky":false,"template":"","format":"standard","meta":{"footnotes":""},"categories":[42],"tags":[54216,7615,17,18,13,14,11660,11,61,62,63,64,19,20,46893,29746,9,10,15,16,1045,12,936,21,22,1261,65,66,67],"class_list":{"0":"post-204165","1":"post","2":"type-post","3":"status-publish","4":"format-standard","5":"has-post-thumbnail","7":"category-internacional","8":"tag-aplastante","9":"tag-argentinas","10":"tag-breaking-news","11":"tag-breakingnews","12":"tag-featured-news","13":"tag-featurednews","14":"tag-felicita","15":"tag-headlines","16":"tag-internacional","17":"tag-international","18":"tag-international-news","19":"tag-internationalnews","20":"tag-latest-news","21":"tag-latestnews","22":"tag-legislativas","23":"tag-milei","24":"tag-news","25":"tag-noticias","26":"tag-noticias-destacadas","27":"tag-noticiasdestacadas","28":"tag-partido","29":"tag-titulares","30":"tag-trump","31":"tag-ultimas-noticias","32":"tag-ultimasnoticias","33":"tag-victoria","34":"tag-world","35":"tag-world-news","36":"tag-worldnews"},"share_on_mastodon":{"url":"https:\/\/pubeurope.com\/@es\/115447852224800853","error":""},"_links":{"self":[{"href":"https:\/\/www.europesays.com\/es\/wp-json\/wp\/v2\/posts\/204165","targetHints":{"allow":["GET"]}}],"collection":[{"href":"https:\/\/www.europesays.com\/es\/wp-json\/wp\/v2\/posts"}],"about":[{"href":"https:\/\/www.europesays.com\/es\/wp-json\/wp\/v2\/types\/post"}],"author":[{"embeddable":true,"href":"https:\/\/www.europesays.com\/es\/wp-json\/wp\/v2\/users\/2"}],"replies":[{"embeddable":true,"href":"https:\/\/www.europesays.com\/es\/wp-json\/wp\/v2\/comments?post=204165"}],"version-history":[{"count":0,"href":"https:\/\/www.europesays.com\/es\/wp-json\/wp\/v2\/posts\/204165\/revisions"}],"wp:featuredmedia":[{"embeddable":true,"href":"https:\/\/www.europesays.com\/es\/wp-json\/wp\/v2\/media\/204166"}],"wp:attachment":[{"href":"https:\/\/www.europesays.com\/es\/wp-json\/wp\/v2\/media?parent=204165"}],"wp:term":[{"taxonomy":"category","embeddable":true,"href":"https:\/\/www.europesays.com\/es\/wp-json\/wp\/v2\/categories?post=204165"},{"taxonomy":"post_tag","embeddable":true,"href":"https:\/\/www.europesays.com\/es\/wp-json\/wp\/v2\/tags?post=204165"}],"curies":[{"name":"wp","href":"https:\/\/api.w.org\/{rel}","templated":true}]}}