{"id":204171,"date":"2025-10-27T19:52:13","date_gmt":"2025-10-27T19:52:13","guid":{"rendered":"https:\/\/www.europesays.com\/es\/204171\/"},"modified":"2025-10-27T19:52:13","modified_gmt":"2025-10-27T19:52:13","slug":"jaume-mun-jaume-munar-consigue-el-mejor-ranking-atp-de-su-carreraar","status":"publish","type":"post","link":"https:\/\/www.europesays.com\/es\/204171\/","title":{"rendered":"JAUME MUN Jaume Munar consigue el mejor Ranking ATP de su carreraAR |"},"content":{"rendered":"<p class=\"ft-text ft-helper-closenews\"><a class=\"ft-link ft-link--decoration\" href=\"https:\/\/www.diariodemallorca.es\/tags\/jaume-munar\/\" rel=\"nofollow noopener\" target=\"_blank\">Jaume Munar<\/a> est\u00e1 en el mejor momento de su carrera.<strong> En 2025 ha dado un evidente paso hacia adelante <\/strong>y este lunes ha conseguido su mejor puesto en el Ranking ATP tras llegar a las semifinales del torneo 500 de Basilea.<strong> El tenista de Santany\u00ed ha subido seis lugares en la clasificaci\u00f3n hasta la posici\u00f3n 36 <\/strong>gracias a los 187 puntos que ha sumado hasta alcanzar los 1.395.<\/p>\n<p class=\"ft-text\">El mallorqu\u00edn, que logr\u00f3 entrar entre los cien primeros en 2018 con 21 a\u00f1os, <strong>est\u00e1 firmando un final de temporada estable en el Top-50.<\/strong> Este a\u00f1o ha jugado 54 partidos en individuales y ha ganado 30, algo que rompe con su tendencia, porque en su trayectoria ha perdido m\u00e1s encuentros de los que ha vencido. En el circuito ATP ha disputado 278 choques con un balance de 120 triunfos y 158 derrotas. Otro dato llamativo es que<strong> durante toda su carrera ha ingresado 6.668.882 euros, mientras que este a\u00f1o roza los dos millones: 1.767.032 euros.<\/strong><\/p>\n<p class=\"ft-text\">Jaume Munar todav\u00eda tiene algunas oportunidades para mejorar su ranking en 2025. <strong>Este martes juega la primera ronda del Masters 1000 de Par\u00eds contra el ruso Medvedev. <\/strong>Es un rival complicado, que ocupa el decimotercer puesto ATP, pero no ser\u00eda imposible para el mallorqu\u00edn, que la semana pasada gan\u00f3 a dos Top-10: Ben Shelton y Felix Auger-Aliassime.<\/p>\n<p class=\"ft-text\">Despu\u00e9s del \u00faltimo Masters 1000 del a\u00f1o, la semana que viene se disputan dos torneos 250. Luego tendr\u00e1 una semana de par\u00f3n competitivo, ya que se juega la Copa de Maestros, y continuar\u00eda con una fecha se\u00f1alada: la <a class=\"ft-link ft-link--decoration\" href=\"https:\/\/www.diariodemallorca.es\/tags\/copa-davis\/\" rel=\"nofollow noopener\" target=\"_blank\">Copa Davis<\/a>. <strong>El de Santany\u00ed ser\u00e1 el n\u00famero dos de la selecci\u00f3n espa\u00f1ola<\/strong>, por detr\u00e1s de Carlos Alcaraz, del 18 al 23 de noviembre en Bolonia. Tras este torneo, cerrar\u00e1 una temporada de ensue\u00f1o.<\/p>\n<p data-close=\"closedContent\" class=\"subscribeHideForDisplay\">Suscr\u00edbete para seguir leyendo<\/p>\n","protected":false},"excerpt":{"rendered":"Jaume Munar est\u00e1 en el mejor momento de su carrera. En 2025 ha dado un evidente paso hacia&hellip;\n","protected":false},"author":2,"featured_media":204172,"comment_status":"","ping_status":"","sticky":false,"template":"","format":"standard","meta":{"footnotes":""},"categories":[274],"tags":[1691,168,25,24,1717,9018,9188,28123,1684,1718,6817,23,167,327,326],"class_list":{"0":"post-204171","1":"post","2":"type-post","3":"status-publish","4":"format-standard","5":"has-post-thumbnail","7":"category-tenis","8":"tag-atp","9":"tag-deportes","10":"tag-es","11":"tag-espana","12":"tag-jaume","13":"tag-jaume-munar","14":"tag-masters-1000","15":"tag-medvedev","16":"tag-mejor","17":"tag-munar","18":"tag-ranking","19":"tag-spain","20":"tag-sports","21":"tag-tenis","22":"tag-tennis"},"share_on_mastodon":{"url":"https:\/\/pubeurope.com\/@es\/115447879671932297","error":""},"_links":{"self":[{"href":"https:\/\/www.europesays.com\/es\/wp-json\/wp\/v2\/posts\/204171","targetHints":{"allow":["GET"]}}],"collection":[{"href":"https:\/\/www.europesays.com\/es\/wp-json\/wp\/v2\/posts"}],"about":[{"href":"https:\/\/www.europesays.com\/es\/wp-json\/wp\/v2\/types\/post"}],"author":[{"embeddable":true,"href":"https:\/\/www.europesays.com\/es\/wp-json\/wp\/v2\/users\/2"}],"replies":[{"embeddable":true,"href":"https:\/\/www.europesays.com\/es\/wp-json\/wp\/v2\/comments?post=204171"}],"version-history":[{"count":0,"href":"https:\/\/www.europesays.com\/es\/wp-json\/wp\/v2\/posts\/204171\/revisions"}],"wp:featuredmedia":[{"embeddable":true,"href":"https:\/\/www.europesays.com\/es\/wp-json\/wp\/v2\/media\/204172"}],"wp:attachment":[{"href":"https:\/\/www.europesays.com\/es\/wp-json\/wp\/v2\/media?parent=204171"}],"wp:term":[{"taxonomy":"category","embeddable":true,"href":"https:\/\/www.europesays.com\/es\/wp-json\/wp\/v2\/categories?post=204171"},{"taxonomy":"post_tag","embeddable":true,"href":"https:\/\/www.europesays.com\/es\/wp-json\/wp\/v2\/tags?post=204171"}],"curies":[{"name":"wp","href":"https:\/\/api.w.org\/{rel}","templated":true}]}}