{"id":204177,"date":"2025-10-27T19:58:08","date_gmt":"2025-10-27T19:58:08","guid":{"rendered":"https:\/\/www.europesays.com\/es\/204177\/"},"modified":"2025-10-27T19:58:08","modified_gmt":"2025-10-27T19:58:08","slug":"joshua-zirkzee-en-la-agenda-de-antonio-cordon-para-el-mercado-de-invierno","status":"publish","type":"post","link":"https:\/\/www.europesays.com\/es\/204177\/","title":{"rendered":"Joshua Zirkzee, en la agenda de Antonio Cord\u00f3n para el mercado de invierno"},"content":{"rendered":"<p style=\"\">El primer mercado de <strong>Antonio Cord\u00f3n<\/strong> ha superado las expectativas, teniendo en cuenta las prestaciones que est\u00e1n ofreciendo sus fichajes en este primer tercio de la temporada. El director de f\u00fatbol sevillista se gast\u00f3 un total de cero euros en las nuevas incorporaciones y  &#8230; el rendimiento de todos ha elevado el nivel de la plantilla.<\/p>\n<p class=\"voc-p\" style=\"\">No obstante, hay evidencias de que la primera planificaci\u00f3n del extreme\u00f1o se qued\u00f3 corta. Sobre todo, en el centro del campo con la ca\u00edda del fichaje de <strong>Amrabat<\/strong> a \u00faltima hora. Tambi\u00e9n de echa en falta un delantero m\u00e1s en la n\u00f3mina de atacantes sevillistas tras la salida de <strong>Iheanacho y Rafa Mir<\/strong> este verano. De ah\u00ed que estas dos posiciones vayan a ser prioritarias de cara al mercado de invierno de Cord\u00f3n. <\/p>\n<p class=\"voc-p\" style=\"\">De hecho, desde Inglaterra ya se atreven a poner nombres. Seg\u00fan apunta el Daily Mirror, el <strong>Sevilla FC<\/strong> estar\u00eda interesado en <strong>Joshua Zirkzee<\/strong>, delantero del <strong>Manchester United<\/strong>. Amorin, t\u00e9cnico del conjunto ingl\u00e9s, no cuenta con el neerland\u00e9s y al jugador le interesar\u00eda coger minutos de cara al Mundial 2026, por lo que estar\u00eda abierto a salir cedido este invierno.<\/p>\n<p>\nEl Sevilla busca gol\n<\/p>\n<p class=\"voc-p\" style=\"\">El atacante de Pa\u00edses Bajos s\u00f3lo ha disputado <strong>82 minutos<\/strong> dividido en cuatro partidos este curso y a\u00fan no se ha estrenado como goleador. Una situaci\u00f3n que no agrada en absoluto al jugador. Esto lo convertir\u00eda es una oportunidad de mercado para el Sevilla, que tendr\u00eda que liberar espacio salarial para poner hacer m\u00e1s de un fichaje el pr\u00f3ximo mes de enero.<\/p>\n<p class=\"voc-p\" style=\"\">Por el momento,<strong> Isaac y Akor Adams<\/strong> suman entre los dos cinco goles en lo que va de curso. Un n\u00famero bastante decente, teniendo en cuenta los n\u00fameros de ambos la pasada campa\u00f1a. De hecho, el equipo dirigido por Mat\u00edas Almeyda lleva m\u00e1s goles metidos de los esperados, aunque en los \u00faltimos dos encuentros el conjunto hispalense ha tenido m\u00e1s problemas para encontrar porter\u00eda. <\/p>\n","protected":false},"excerpt":{"rendered":"El primer mercado de Antonio Cord\u00f3n ha superado las expectativas, teniendo en cuenta las prestaciones que est\u00e1n ofreciendo&hellip;\n","protected":false},"author":2,"featured_media":204178,"comment_status":"","ping_status":"","sticky":false,"template":"","format":"standard","meta":{"footnotes":""},"categories":[268],"tags":[4071,1247,5513,168,25,24,280,282,16250,52681,1239,1171,281,23,167,55910],"class_list":{"0":"post-204177","1":"post","2":"type-post","3":"status-publish","4":"format-standard","5":"has-post-thumbnail","7":"category-futbol","8":"tag-agenda","9":"tag-antonio","10":"tag-cordon","11":"tag-deportes","12":"tag-es","13":"tag-espana","14":"tag-football","15":"tag-futbol","16":"tag-invierno","17":"tag-joshua","18":"tag-mercado","19":"tag-sevilla","20":"tag-soccer","21":"tag-spain","22":"tag-sports","23":"tag-zirkzee"},"share_on_mastodon":{"url":"https:\/\/pubeurope.com\/@es\/115447903443416477","error":""},"_links":{"self":[{"href":"https:\/\/www.europesays.com\/es\/wp-json\/wp\/v2\/posts\/204177","targetHints":{"allow":["GET"]}}],"collection":[{"href":"https:\/\/www.europesays.com\/es\/wp-json\/wp\/v2\/posts"}],"about":[{"href":"https:\/\/www.europesays.com\/es\/wp-json\/wp\/v2\/types\/post"}],"author":[{"embeddable":true,"href":"https:\/\/www.europesays.com\/es\/wp-json\/wp\/v2\/users\/2"}],"replies":[{"embeddable":true,"href":"https:\/\/www.europesays.com\/es\/wp-json\/wp\/v2\/comments?post=204177"}],"version-history":[{"count":0,"href":"https:\/\/www.europesays.com\/es\/wp-json\/wp\/v2\/posts\/204177\/revisions"}],"wp:featuredmedia":[{"embeddable":true,"href":"https:\/\/www.europesays.com\/es\/wp-json\/wp\/v2\/media\/204178"}],"wp:attachment":[{"href":"https:\/\/www.europesays.com\/es\/wp-json\/wp\/v2\/media?parent=204177"}],"wp:term":[{"taxonomy":"category","embeddable":true,"href":"https:\/\/www.europesays.com\/es\/wp-json\/wp\/v2\/categories?post=204177"},{"taxonomy":"post_tag","embeddable":true,"href":"https:\/\/www.europesays.com\/es\/wp-json\/wp\/v2\/tags?post=204177"}],"curies":[{"name":"wp","href":"https:\/\/api.w.org\/{rel}","templated":true}]}}