{"id":204197,"date":"2025-10-27T20:09:08","date_gmt":"2025-10-27T20:09:08","guid":{"rendered":"https:\/\/www.europesays.com\/es\/204197\/"},"modified":"2025-10-27T20:09:08","modified_gmt":"2025-10-27T20:09:08","slug":"amazon-planea-despedir-hasta-30-000-trabajadores-corporativos","status":"publish","type":"post","link":"https:\/\/www.europesays.com\/es\/204197\/","title":{"rendered":"Amazon planea despedir hasta 30.000 trabajadores corporativos"},"content":{"rendered":"<p style=\"\"><a href=\"https:\/\/www.abc.es\/noticias\/amazon\/\" title=\"www.abc.es\" data-voc-vtm-id=\"in-text-traffic\" data-mrf-link=\"www.abc.es\" rel=\"nofollow noopener\" target=\"_blank\">Amazon<\/a> tiene previsto recortar hasta 30.000 puestos de trabajo corporativos a partir de este martes, ya que la empresa est\u00e1 tratando de reducir gastos y compensar el exceso de contrataci\u00f3n durante el pico de demanda de la pandemia, seg\u00fan han confirmado tres personas  &#8230; familiarizadas con el asunto.<\/p>\n<p class=\"voc-p\" style=\"\">La cifra representa un peque\u00f1o porcentaje del total de 1,55 millones de empleados de Amazon, pero <strong>casi el 10% de los aproximadamente 350.000<\/strong> empleados corporativos de la empresa. Esto supondr\u00eda el mayor recorte de puestos de trabajo en Amazon desde que se eliminaron alrededor de 27.000 puestos a finales de 2022. Un portavoz de Amazon se ha negado a hacer comentarios.<\/p>\n<p class=\"voc-p\" style=\"\">Amazon ha estado recortando un n\u00famero menor de puestos de trabajo durante los \u00faltimos dos a\u00f1os en varias divisiones, entre ellas dispositivos, comunicaciones, podcasting y otras. Los recortes que comienzan esta semana pueden <strong>afectar a varias divisiones de Amazon<\/strong>, entre ellas recursos humanos, conocida como People Experience and Technology, dispositivos y servicios y operaciones, entre otras, seg\u00fan dijeron las personas.<\/p>\n<p class=\"voc-p\" style=\"\">Se ha pedido a los directores de los equipos afectados que asistieran este lunes a <strong>una formaci\u00f3n sobre c\u00f3mo comunicarse con el personal<\/strong> tras las notificaciones que comenzar\u00e1n a enviarse por correo electr\u00f3nico este martes por la ma\u00f1ana, seg\u00fan las fuentes.<\/p>\n<p class=\"voc-p\" style=\"\">Las acciones de Amazon subieron un 1,5%, hasta los 227,53 d\u00f3lares. La empresa tiene previsto publicar sus resultados del tercer trimestre este jueves.<\/p>\n","protected":false},"excerpt":{"rendered":"Amazon tiene previsto recortar hasta 30.000 puestos de trabajo corporativos a partir de este martes, ya que la&hellip;\n","protected":false},"author":2,"featured_media":204198,"comment_status":"","ping_status":"","sticky":false,"template":"","format":"standard","meta":{"footnotes":""},"categories":[80],"tags":[24631,912,82,42975,4880,95,94,25,24,21969,6816,23,2752],"class_list":{"0":"post-204197","1":"post","2":"type-post","3":"status-publish","4":"format-standard","5":"has-post-thumbnail","7":"category-economia","8":"tag-24631","9":"tag-amazon","10":"tag-business","11":"tag-corporativos","12":"tag-despedir","13":"tag-economia","14":"tag-economy","15":"tag-es","16":"tag-espana","17":"tag-planea","18":"tag-puestos","19":"tag-spain","20":"tag-trabajo"},"share_on_mastodon":{"url":"https:\/\/pubeurope.com\/@es\/115447946578945707","error":""},"_links":{"self":[{"href":"https:\/\/www.europesays.com\/es\/wp-json\/wp\/v2\/posts\/204197","targetHints":{"allow":["GET"]}}],"collection":[{"href":"https:\/\/www.europesays.com\/es\/wp-json\/wp\/v2\/posts"}],"about":[{"href":"https:\/\/www.europesays.com\/es\/wp-json\/wp\/v2\/types\/post"}],"author":[{"embeddable":true,"href":"https:\/\/www.europesays.com\/es\/wp-json\/wp\/v2\/users\/2"}],"replies":[{"embeddable":true,"href":"https:\/\/www.europesays.com\/es\/wp-json\/wp\/v2\/comments?post=204197"}],"version-history":[{"count":0,"href":"https:\/\/www.europesays.com\/es\/wp-json\/wp\/v2\/posts\/204197\/revisions"}],"wp:featuredmedia":[{"embeddable":true,"href":"https:\/\/www.europesays.com\/es\/wp-json\/wp\/v2\/media\/204198"}],"wp:attachment":[{"href":"https:\/\/www.europesays.com\/es\/wp-json\/wp\/v2\/media?parent=204197"}],"wp:term":[{"taxonomy":"category","embeddable":true,"href":"https:\/\/www.europesays.com\/es\/wp-json\/wp\/v2\/categories?post=204197"},{"taxonomy":"post_tag","embeddable":true,"href":"https:\/\/www.europesays.com\/es\/wp-json\/wp\/v2\/tags?post=204197"}],"curies":[{"name":"wp","href":"https:\/\/api.w.org\/{rel}","templated":true}]}}