{"id":204210,"date":"2025-10-27T20:21:12","date_gmt":"2025-10-27T20:21:12","guid":{"rendered":"https:\/\/www.europesays.com\/es\/204210\/"},"modified":"2025-10-27T20:21:12","modified_gmt":"2025-10-27T20:21:12","slug":"joan-gaspart-aconseja-a-lamine-yamal","status":"publish","type":"post","link":"https:\/\/www.europesays.com\/es\/204210\/","title":{"rendered":"Joan Gaspart aconseja a Lamine Yamal"},"content":{"rendered":"<p class=\"ft-text\">Despu\u00e9s de una de las previas y uno de los postpartidos de Cl\u00e1sico m\u00e1s pol\u00e9micos de los \u00faltimos tiempos, el expresidente del Bar\u00e7a, <strong>Joan Gaspart, aconseja a Lamine Yamal <\/strong>(autor de las declaraciones que desencadenaron en la gran tensi\u00f3n) en La Posesi\u00f3n.<\/p>\n<p class=\"ft-text\">En la previa del gran partido del mundo del f\u00fatbol, <strong>Lamine Yamal acudi\u00f3 a la Kings League de Gerard Piqu\u00e9, pues su equipo ten\u00eda un partido el d\u00eda anterior al choque en el Santiago Bernab\u00e9u ante Porcinos. Aprovechando la proximidad en el tiempo entre ambos partidos compar\u00f3<\/strong><a href=\"https:\/\/www.sport.es\/es\/noticias\/barca\/ibai-llanos-asume-parte-culpa-123052230\" class=\"ft-link ft-link--decoration\" rel=\"nofollow noopener\" target=\"_blank\"><strong>\u00a0al equipo de Ibai Llanos<\/strong><\/a><strong>\u00a0con el conjunto blanco: \u00abRoban, se quejan&#8230;\u00bb<\/strong>, dec\u00eda<strong>\u00a0en tono ir\u00f3nico.<\/strong> Tras el enfrentamiento, el resultado final provoc\u00f3 la reacci\u00f3n de alguno de los de Xabi Alonso. Especialmente destacable fue el proceder de su compa\u00f1ero de la Selecci\u00f3n Dani Carvajal, quien le recrimin\u00f3 con claros gestos sus palabras, iniciando la tangana final.<\/p>\n<p><img decoding=\"async\" src=\"https:\/\/www.europesays.com\/es\/wp-content\/uploads\/2025\/10\/46f21ad7-fdb1-4055-ae8e-62b49f9feaac_alta-libre-aspect-ratio_default_0.jpg\" width=\"1200\" height=\"800\" alt=\"Lamine Yamal y varios jugadores del Barcelona son separados de los del Real Madrid por Xabi Alonso a la finalizaci\u00f3n del cl\u00e1sico en el Bernab\u00e9u\" class=\"ft-helper-img-rd\" loading=\"lazy\" hasdataaida=\"true\"\/><\/p>\n<p class=\"ft-helper-fontColor-quaternary ft-helper-fontSize-body-S ft-helper-spacer-t-xxs\">Lamine Yamal y varios jugadores del Barcelona son separados de los del Real Madrid por Xabi Alonso a la finalizaci\u00f3n del cl\u00e1sico en el Bernab\u00e9u  \/ AFP7 v\u00eda Europa Press \/ AFP7 v\u00eda Europa Press<\/p>\n<p>\u00abNo es el mejor del mundo, puede llegar a serlo\u00bb<\/p>\n<p class=\"ft-text\">El &#8216;expresident&#8217;, al iniciar su intervenci\u00f3n en La Posesi\u00f3n, matiza que el Real Madrid <strong>\u00abest\u00e1 a dos puntos y no a cinco\u00bb<\/strong>, ya que, seg\u00fan su l\u00f3gica,<strong> \u00absi pensamos en ganar LaLiga ser\u00e1 gan\u00e1ndoles en el Camp Nou\u00bb.<\/strong><\/p>\n<p class=\"ft-text\">Sobre el &#8217;10&#8217;, Joan Gaspart explica que si preocupa su situaci\u00f3n actual es justamente porque <strong>\u00abse le quiere\u00bb<\/strong>, compara la situaci\u00f3n con la de un padre que ri\u00f1e a su hijo. Para \u00e9l, el primer gran error con el de Rocafonda es haber hablado de Lamine como el mejor del mundo: <strong>\u00abNo es el mejor del mundo. El a\u00f1o pasado tampoco, puede llegar a serlo, pero a\u00fan no lo es\u00bb, <\/strong>expone. Preguntado por qui\u00e9n podr\u00eda dar un tir\u00f3n de orejas a la joven estrella, cree que es trabajo de sus compa\u00f1eros y de su entrenador.<\/p>\n<p>\u00abSi Lamine est\u00e1 tocado, que frene y se recupere\u00bb<\/p>\n<p class=\"ft-text\">Donde m\u00e1s se moja Gaspart es en la trifulca entre Carvajal y Lamine: <strong>\u00ab\u00bfQui\u00e9n co\u00f1o es Carvajal? Ha sido un gran jugador, pero ya est\u00e1 acabado. \u00bfPor qu\u00e9 Lamine deber\u00eda llamarle si sus declaraciones ni siquiera eran para \u00e9l?\u00bb<\/strong>, dice antes de aclarar que para \u00e9l este problema no ir\u00e1 a mayores y que en la pr\u00f3xima convocatoria se dar\u00e1n la mano para zanjar el asunto.<\/p>\n<p><img decoding=\"async\" src=\"https:\/\/www.europesays.com\/es\/wp-content\/uploads\/2025\/10\/d4a52349-fe93-4f3f-b316-eddbdbc26a21_alta-libre-aspect-ratio_default_0.jpg\" width=\"1200\" height=\"675\" alt=\"Dani Carvajal en declaraciones tras el Cl\u00e1sico\" class=\"ft-helper-img-rd\" loading=\"lazy\" hasdataaida=\"true\"\/><\/p>\n<p class=\"ft-helper-fontColor-quaternary ft-helper-fontSize-body-S ft-helper-spacer-t-xxs\">Dani Carvajal en declaraciones tras el Cl\u00e1sico  \/ Perform<\/p>\n<p class=\"ft-text\">Por otra parte, destaca que <strong>\u00absi Lamine no est\u00e1 en plenas condiciones, es mejor que pare y que no juegue, debe jugar en plenas condiciones y no tener la posible excusa, que frene y se recupere\u00bb<\/strong>, insiste en la cuesti\u00f3n del estado f\u00edsico del canterano.<\/p>\n<p class=\"ft-text\">Para quien en su d\u00eda fue el m\u00e1ximo dirigente del club, desde el Bar\u00e7a <strong>deben solucionar sus salidas de tono habl\u00e1ndole<\/strong>, y destaca que<strong> no hay nadie con m\u00e1s autoridad que Hansi Flick<\/strong> para dicha tarea.<\/p>\n<p class=\"ft-text\">Aconsejando a Lamine, afirma que <strong>\u00abest\u00e1 claro que hay que cuidarlo, pero el Bar\u00e7a est\u00e1 por encima de \u00e9l, hay una afici\u00f3n que le quiere mucho y no puede defraudarla, debe recuperar a esa afici\u00f3n y saber que la gente tiene en cuenta que aunque tenga 18 a\u00f1os cobra como uno de 30\u00bb.<\/strong><\/p>\n","protected":false},"excerpt":{"rendered":"Despu\u00e9s de una de las previas y uno de los postpartidos de Cl\u00e1sico m\u00e1s pol\u00e9micos de los \u00faltimos&hellip;\n","protected":false},"author":2,"featured_media":204211,"comment_status":"","ping_status":"","sticky":false,"template":"","format":"standard","meta":{"footnotes":""},"categories":[268],"tags":[168,25,24,280,282,50559,55912,6957,55913,8138,281,23,167],"class_list":{"0":"post-204210","1":"post","2":"type-post","3":"status-publish","4":"format-standard","5":"has-post-thumbnail","7":"category-futbol","8":"tag-deportes","9":"tag-es","10":"tag-espana","11":"tag-football","12":"tag-futbol","13":"tag-gerard-pique","14":"tag-joan-gaspart","15":"tag-kings-league","16":"tag-la-posesion","17":"tag-lamine-yamal","18":"tag-soccer","19":"tag-spain","20":"tag-sports"},"share_on_mastodon":{"url":"https:\/\/pubeurope.com\/@es\/115447994024604034","error":""},"_links":{"self":[{"href":"https:\/\/www.europesays.com\/es\/wp-json\/wp\/v2\/posts\/204210","targetHints":{"allow":["GET"]}}],"collection":[{"href":"https:\/\/www.europesays.com\/es\/wp-json\/wp\/v2\/posts"}],"about":[{"href":"https:\/\/www.europesays.com\/es\/wp-json\/wp\/v2\/types\/post"}],"author":[{"embeddable":true,"href":"https:\/\/www.europesays.com\/es\/wp-json\/wp\/v2\/users\/2"}],"replies":[{"embeddable":true,"href":"https:\/\/www.europesays.com\/es\/wp-json\/wp\/v2\/comments?post=204210"}],"version-history":[{"count":0,"href":"https:\/\/www.europesays.com\/es\/wp-json\/wp\/v2\/posts\/204210\/revisions"}],"wp:featuredmedia":[{"embeddable":true,"href":"https:\/\/www.europesays.com\/es\/wp-json\/wp\/v2\/media\/204211"}],"wp:attachment":[{"href":"https:\/\/www.europesays.com\/es\/wp-json\/wp\/v2\/media?parent=204210"}],"wp:term":[{"taxonomy":"category","embeddable":true,"href":"https:\/\/www.europesays.com\/es\/wp-json\/wp\/v2\/categories?post=204210"},{"taxonomy":"post_tag","embeddable":true,"href":"https:\/\/www.europesays.com\/es\/wp-json\/wp\/v2\/tags?post=204210"}],"curies":[{"name":"wp","href":"https:\/\/api.w.org\/{rel}","templated":true}]}}