{"id":204228,"date":"2025-10-27T20:31:10","date_gmt":"2025-10-27T20:31:10","guid":{"rendered":"https:\/\/www.europesays.com\/es\/204228\/"},"modified":"2025-10-27T20:31:10","modified_gmt":"2025-10-27T20:31:10","slug":"no-el-objeto-interestelar-3i-atlas-no-ha-despertado-el-protocolo-de-defensa-planetario","status":"publish","type":"post","link":"https:\/\/www.europesays.com\/es\/204228\/","title":{"rendered":"No, el objeto interestelar 3I\/Atlas no ha despertado el protocolo de defensa planetario"},"content":{"rendered":"<p>El cometa interestelar 3I\/Atlas alcanzar\u00e1 su punto m\u00e1s cercano al Sol el 29 de octubre, a casi 200 millones de kil\u00f3metros, y luego emprender\u00e1 su escape definitivo del sistema solar. Hace unos d\u00edas, la Red Internacional de Alerta de Asteroides (IAWN, por sus siglas en ingl\u00e9s) anunci\u00f3 una campa\u00f1a de observaci\u00f3n del objeto debido a sus singulares caracter\u00edsticas f\u00edsicas. Casi al mismo tiempo, Avi Loeb, f\u00edsico te\u00f3rico de Harvard y autor de libros sobre la b\u00fasqueda de inteligencia extraterrestre, advirti\u00f3 que el cometa podr\u00eda mostrar un cambio de comportamiento que, seg\u00fan \u00e9l, confirmar\u00eda una naturaleza tecnol\u00f3gica.<\/p>\n<p>La sucesi\u00f3n de tres anuncios en apenas una semana desat\u00f3 confusi\u00f3n entre los entusiastas de la astronom\u00eda. Muchos tergiversaron los hechos hasta convertirlos en fantas\u00eda. Algunos incluso creen que la NASA inici\u00f3 una \u201ccampa\u00f1a de defensa planetaria\u201d contra un objeto de otro sistema estelar. Nada m\u00e1s lejos de la realidad.<\/p>\n<p><img decoding=\"async\" alt=\"Fotograf\u00eda del objeto interestelar 3I\/ATLAS tomada por el telescopio Hubble.\" loading=\"lazy\" class=\"ResponsiveImageContainer-eNxvmU cfBbTk responsive-image__image\"   src=\"https:\/\/www.europesays.com\/es\/wp-content\/uploads\/2025\/10\/STScI-01K1X6XDR76ZD4FYJ9VTWN1ERB.jpg\"\/><a class=\"BaseWrap-sc-gzmcOU BaseText-eqOrNE BaseLink-eTpkqh ContentCardEmbedHedLink-kqBDz deqABF jkWAvF dsRLul hMqJdP content-card-embed__hed-link\" href=\"https:\/\/es.wired.com\/articulos\/objetos-interestelares-como-3i-atlas-pueden-ser-semillas-de-planetas-futuros\" data-testid=\"ContentCardEmbedHedLink\" rel=\"nofollow noopener\" target=\"_blank\">Objetos interestelares como 3I\/ATLAS pueden ser semillas de planetas futuros<\/a><\/p>\n<p>Simulaciones por computadora revelan que asteroides o cometas provenientes de otros sistemas estelares pueden formar planetesimales, las semillas de los planetas.<\/p>\n<p>La campa\u00f1a de observaci\u00f3n no es un protocolo de defensa<\/p>\n<p>La NASA nunca afirm\u00f3 que activ\u00f3 un protocolo de defensa, aunque s\u00ed existe un plan coordinado por la ONU para proteger a la Tierra de meteoros y asteroides. En este caso, <a data-offer-url=\"https:\/\/www.minorplanetcenter.net\/mpec\/K25\/K25UE2.html\" class=\"external-link\" data-event-click=\"{&quot;element&quot;:&quot;ExternalLink&quot;,&quot;outgoingURL&quot;:&quot;https:\/\/www.minorplanetcenter.net\/mpec\/K25\/K25UE2.html&quot;}\" href=\"https:\/\/www.minorplanetcenter.net\/mpec\/K25\/K25UE2.html\" rel=\"nofollow noopener\" target=\"_blank\">la IAWN anunci\u00f3<\/a> que, entre el 27 de noviembre de 2025 y el 27 de enero de 2026, estudiar\u00e1 la posici\u00f3n y velocidad de 3I\/Atlas, con especial atenci\u00f3n a su cola. Cada a\u00f1o, la IAWN organiza campa\u00f1as de observaci\u00f3n para ejercitar su capacidad de medir con precisi\u00f3n la posici\u00f3n de cometas. En 2025 eligi\u00f3 a 3I\/Atlas por su enorme inter\u00e9s cient\u00edfico.<\/p>\n<p>El protocolo de seguridad planetaria se activa solo cuando un objeto cercano a la Tierra (NEO) representa un riesgo de impacto real, con una probabilidad que supera un umbral establecido (anteriormente en un 1%). Este fue el caso del <a href=\"https:\/\/es.wired.com\/articulos\/que-es-el-protocolo-de-seguridad-planetaria-que-la-onu-activo-a-causa-del-asteroide-2024-yr4\" rel=\"nofollow noopener\" target=\"_blank\">asteroide 2024 YR4<\/a>, que en febrero de 2025 activ\u00f3 el protocolo de la ONU debido a una probabilidad inicial de impacto en 2032. A medida que se obtuvieron m\u00e1s datos, los c\u00e1lculos orbitales redujeron el riesgo a <a href=\"https:\/\/es.wired.com\/articulos\/estamos-a-salvo-las-probabilidades-de-choque-del-asteroide-2024-yr4-ya-son-casi-nulas\" rel=\"nofollow noopener\" target=\"_blank\">niveles insignificantes<\/a>. En contraste, la observaci\u00f3n del cometa interestelar 3I\/Atlas por la NASA, si bien exhaustiva debido a su naturaleza err\u00e1tica, no activ\u00f3 el protocolo de la ONU, ya que su \u00f3rbita no supone una amenaza de colisi\u00f3n para la Tierra, a pesar de las alarmas medi\u00e1ticas.<\/p>\n<p>3I\/Atlas es un cometa con muchas sorpresas<\/p>\n<p>Con base a la informaci\u00f3n proporcionada por la NASA y otras agencias espaciales, es posible afirmar que <a href=\"https:\/\/es.wired.com\/articulos\/hay-algo-misterioso-en-el-cometa-interestelar-3i\/atlas-y-varios-telescopios-lo-confirman\" rel=\"nofollow noopener\" target=\"_blank\">3I\/Atlas<\/a> es un cometa que proviene de otro sistema planetario. De los que se tiene registro, es el tercero en poseer dicha categor\u00eda. Su \u00f3rbita hiperb\u00f3lica lo llevar\u00e1 a rodear al Sol como una herradura y luego a salir del sistema solar a una velocidad promedio de 220,000 km\/h.<\/p>\n<p>El cometa muestra una actividad inusual que refuerza su car\u00e1cter interestelar. Destaca su composici\u00f3n qu\u00edmica an\u00f3mala, con n\u00edquel pero sin hierro, algo nunca antes visto en otros cometas. Tambi\u00e9n presenta una cola invertida, orientada hacia el Sol, y signos de evaporaci\u00f3n prematura, lo que sugiere la presencia de elementos vol\u00e1tiles distintos al agua.<\/p>\n<p>Como su formaci\u00f3n difiere de cualquier otro objeto helado del sistema solar y probablemente sea m\u00e1s antigua que el propio Sol. Los cient\u00edficos planean estudiarlo hasta que se vuelva pr\u00e1cticamente imperceptible.<\/p>\n<p>La hip\u00f3tesis tecnol\u00f3gica: improbable incluso para sus defensores<\/p>\n<p>Durante una <a href=\"https:\/\/www.youtube.com\/watch?v=TMU8URlDPWs&amp;t=2960s\" rel=\"nofollow noopener\" target=\"_blank\">charla en YouTube<\/a> con la actriz Mayim Bialik (Amy Farrah Fowler en The Big Bang Theory), Avi Loeb brome\u00f3: \u201cSi quieres tomarte unas vacaciones, hazlo antes del 29 de octubre, porque \u00bfqui\u00e9n sabe qu\u00e9 pasar\u00e1?\u201d. Se refer\u00eda a su hip\u00f3tesis de que 3I\/Atlas podr\u00eda ser un artefacto tecnol\u00f3gico y c\u00f3mo en el momento en que alcance su mayor cercan\u00eda al Sol, el trabajo burocr\u00e1tico quiz\u00e1 dejar\u00eda de importar.<\/p>\n<p>El pol\u00e9mico cient\u00edfico considera que el cometa podr\u00eda ser una nave espacial. En su blog, sostiene que 3I\/Atlas alcanza un 4 de 10 en la \u201cescala de Loeb\u201d, un sistema que \u00e9l mismo invent\u00f3 para medir la probabilidad de que un objeto interestelar tenga origen artificial. <strong>Esta escala no cuenta con el reconocimiento de la NASA ni de ninguna agencia espacial internacional.<\/strong><\/p>\n<p>Seg\u00fan la hip\u00f3tesis tecnol\u00f3gica, la prueba definitiva llegar\u00e1 durante el perihelio del cometa. En este punto, una hipot\u00e9tica nave espacial entrar\u00eda a la zona ideal para ejecutar una maniobra de aceleraci\u00f3n o frenado, si es que su prop\u00f3sito es llegar a la Tierra. Loeb cree que, si 3I\/Atlas es una nave nodriza, el 29 de octubre enviar\u00e1 mini sondas o drones que ser\u00e1n sus intermediarios. No existe evidencia que respalde esa idea. El propio Loeb admite que la probabilidad es m\u00ednima, aunque seguir\u00e1 investig\u00e1ndola.<\/p>\n","protected":false},"excerpt":{"rendered":"El cometa interestelar 3I\/Atlas alcanzar\u00e1 su punto m\u00e1s cercano al Sol el 29 de octubre, a casi 200&hellip;\n","protected":false},"author":2,"featured_media":204229,"comment_status":"","ping_status":"","sticky":false,"template":"","format":"standard","meta":{"footnotes":""},"categories":[81],"tags":[119,123,124,25,10558,24,117,121,122,23,118,120],"class_list":{"0":"post-204228","1":"post","2":"type-post","3":"status-publish","4":"format-standard","5":"has-post-thumbnail","7":"category-ciencia-y-tecnologia","8":"tag-ciencia","9":"tag-ciencia-y-tecnologia","10":"tag-cienciaytecnologia","11":"tag-es","12":"tag-espacio","13":"tag-espana","14":"tag-science","15":"tag-science-and-technology","16":"tag-scienceandtechnology","17":"tag-spain","18":"tag-technology","19":"tag-tecnologia"},"share_on_mastodon":{"url":"https:\/\/pubeurope.com\/@es\/115448033134938495","error":""},"_links":{"self":[{"href":"https:\/\/www.europesays.com\/es\/wp-json\/wp\/v2\/posts\/204228","targetHints":{"allow":["GET"]}}],"collection":[{"href":"https:\/\/www.europesays.com\/es\/wp-json\/wp\/v2\/posts"}],"about":[{"href":"https:\/\/www.europesays.com\/es\/wp-json\/wp\/v2\/types\/post"}],"author":[{"embeddable":true,"href":"https:\/\/www.europesays.com\/es\/wp-json\/wp\/v2\/users\/2"}],"replies":[{"embeddable":true,"href":"https:\/\/www.europesays.com\/es\/wp-json\/wp\/v2\/comments?post=204228"}],"version-history":[{"count":0,"href":"https:\/\/www.europesays.com\/es\/wp-json\/wp\/v2\/posts\/204228\/revisions"}],"wp:featuredmedia":[{"embeddable":true,"href":"https:\/\/www.europesays.com\/es\/wp-json\/wp\/v2\/media\/204229"}],"wp:attachment":[{"href":"https:\/\/www.europesays.com\/es\/wp-json\/wp\/v2\/media?parent=204228"}],"wp:term":[{"taxonomy":"category","embeddable":true,"href":"https:\/\/www.europesays.com\/es\/wp-json\/wp\/v2\/categories?post=204228"},{"taxonomy":"post_tag","embeddable":true,"href":"https:\/\/www.europesays.com\/es\/wp-json\/wp\/v2\/tags?post=204228"}],"curies":[{"name":"wp","href":"https:\/\/api.w.org\/{rel}","templated":true}]}}