{"id":204234,"date":"2025-10-27T20:34:09","date_gmt":"2025-10-27T20:34:09","guid":{"rendered":"https:\/\/www.europesays.com\/es\/204234\/"},"modified":"2025-10-27T20:34:09","modified_gmt":"2025-10-27T20:34:09","slug":"el-pnv-da-aire-a-sanchez-y-le-pide-rearmar-la-mayoria-en-el-congreso-tras-la-ruptura-con-junts-esta-en-su-mano","status":"publish","type":"post","link":"https:\/\/www.europesays.com\/es\/204234\/","title":{"rendered":"El PNV da aire a S\u00e1nchez y le pide rearmar la mayor\u00eda en el Congreso tras la ruptura con Junts: \u00abEst\u00e1 en su mano\u00bb"},"content":{"rendered":"<p style=\"\">El PNV no cree que la ruptura entre el PSOE y Junts per Catalunya, escenificada este lunes por  Carles Puigdemont, vaya a <a href=\"https:\/\/www.abc.es\/espana\/pais-vasco\/aitor-esteban-lanza-nuevos-estatutos-dinamizar-militancia-20251015111558-nt.html\" target=\"_self\" data-voc-vtm-id=\"in-text-traffic\" title=\"suponer la ca\u00edda del Gobierno de Espa\u00f1a\" data-mrf-link=\"www.abc.es\" rel=\"nofollow noopener\">suponer la ca\u00edda del Gobierno de Espa\u00f1a<\/a>. Los nacionalistas vascos creen que se trata de una decisi\u00f3n \u00abrelevante\u00bb para Pedro S\u00e1nchez, pero  &#8230; que <strong>no cambia nada el estado actual de la din\u00e1mica pol\u00edtica<\/strong> del pa\u00eds, con un Ejecutivo sin la mayor\u00eda necesaria para gobernar y que contin\u00faa con los Presupuestos Generales del Estado prorrogados. Una realidad que, en principio, aceptan.<\/p>\n<p class=\"voc-p\" style=\"\">\u00abLa posici\u00f3n trasladada hoy por Junts no hace otra cosa sino constatar lo que ya se sab\u00eda: <strong>que existe una mayor\u00eda negativa en el Congreso\u00bb<\/strong>, trasladan desde la direcci\u00f3n del PNV. \u00abHabr\u00e1 que ver c\u00f3mo evoluciona\u00bb, se cuestionan tras el anuncio de hoy, aunque descartan que se vaya a producir un cambio de Gobierno. M\u00e1s all\u00e1 de una posible convocatoria electoral, esto s\u00f3lo ser\u00eda posible a trav\u00e9s de una moci\u00f3n de censura. Un escenario sobre el que no se ha posicionado hoy Puigdemont, cuyos votos ser\u00edan claves para que el movimiento saliera adelante. <\/p>\n<p class=\"voc-p\" style=\"\">Tampoco reclaman, como s\u00ed ha hecho por ejemplo Coalici\u00f3n Canaria, que S\u00e1nchez se someta a una cuesti\u00f3n de confianza. El partido de Aitor Esteban, inmerso en diversas negociaciones de calado con los socialistas, ve viable la continuidad de la legislatura y piden al presidente del Gobierno que asuma \u00absu responsabilidad\u00bb y <strong>trabaje para aunar mayor\u00edas en el Congreso de los Diputados<\/strong>. \u00abUn Parlamento sin mayor\u00edas ni presupuestos no es muy sostenible en el tiempo\u00bb, advierten desde Sabin Etxea. <\/p>\n<p class=\"voc-p\" style=\"\">Los nacionalistas no han variado en ning\u00fan momento su apoyo al Ejecutivo. De hecho, son ellos quienes reciben la presi\u00f3n por parte del Partido Socialista de Euskadi (PSE) en el Pa\u00eds Vasco, mediante la figura de su secretario general, Eneko Andueza, que ha <strong>adoptado una postura beligerante con el PNV<\/strong>. Conscientes de su importancia para mantener el Gobierno vasco de coalici\u00f3n, liderado por Imanol Pradales, han llegado a poner en duda el liderazgo de Aitor Esteban al frente del partido sin que esto tampoco haya supuesto una reacci\u00f3n por su parte. <\/p>\n<p class=\"voc-p\" style=\"\">M\u00e1s all\u00e1 de la dependencia de los votos del PSE para mantener la mayor\u00eda en el Parlamento vasco, hay <strong>dos negociaciones de calado en marcha<\/strong> entre las partes que, de no salir adelante, pondr\u00edan en cuesti\u00f3n el trabajo de Esteban desde que asumi\u00f3 la presidencia del Euzkadi Buru Batar (EBB, \u00f3rgano ejecutivo del PNV). Se trata de la reforma del Estatuto de Guernica y de los traspasos de las competencias pendientes, apalabradas por S\u00e1nchez, para completar su desarrollo actual. <\/p>\n<p class=\"voc-p\" style=\"\">Respecto a la primera cuesti\u00f3n, las conversaciones se dan a tres bandas con EH Bildu. Esteban ya ha afirmado que los p<a href=\"https:\/\/www.abc.es\/espana\/pais-vasco\/factura-pnv-sanchez-incluye-propiedad-segundo-puerto-20251009165743-nt.html\" target=\"_self\" data-voc-vtm-id=\"in-text-traffic\" title=\"rimeros esbozos del futuro texto estatutario\" data-mrf-link=\"www.abc.es\" rel=\"nofollow noopener\">rimeros esbozos del futuro texto estatutario<\/a> deber\u00eda estar listo para finales de a\u00f1o. Sin embargo, las posiciones entre los socialistas y las otras dos formaciones son<strong> distantes en relaci\u00f3n con una cuesti\u00f3n nuclear: el derecho a decidir<\/strong>. Tambi\u00e9n se plantea establecer una relaci\u00f3n bilateral entre el Pa\u00eds Vasco y Espa\u00f1a, similar a la existente con el Concierto Econ\u00f3mico, supervisada por un sistema de \u00abarbitraje\u00bb a\u00fan por definir. <\/p>\n<p class=\"voc-p\" style=\"\">En cuanto a las transferencias pendientes, el Gobierno vasco ya ha trasladado una propuesta al central, que discute con los distintos ministerios implicados en cada una de las materias competenciales. El <strong>acuerdo fue firmado entre S\u00e1nchez y la direcci\u00f3n del PNV<\/strong> a cambio de apoyar su investidura en noviembre de 2023, con fecha de vencimiento. El Estatuto de Guernica deb\u00eda estar \u00abcompletado\u00bb antes de que finalice 2025. Una fecha que, por su cercan\u00eda y la importancia de los traspasos (la gesti\u00f3n econ\u00f3mica de la Seguridad Social, por ejemplo), podr\u00eda no cumplirse. Esto, seg\u00fan transmiten miembros del PNV, tampoco supondr\u00eda &#8216;a priori&#8217; que el partido retirara su apoyo al presidente del Gobierno. <\/p>\n","protected":false},"excerpt":{"rendered":"El PNV no cree que la ruptura entre el PSOE y Junts per Catalunya, escenificada este lunes por&hellip;\n","protected":false},"author":2,"featured_media":204235,"comment_status":"","ping_status":"","sticky":false,"template":"","format":"standard","meta":{"footnotes":""},"categories":[8],"tags":[4647,17,18,11866,25,24,13,14,11,5216,19,20,3238,30746,9,10,15,16,34,14304,55931,24555,199,23,12,575,21,22],"class_list":{"0":"post-204234","1":"post","2":"type-post","3":"status-publish","4":"format-standard","5":"has-post-thumbnail","7":"category-espana","8":"tag-aire","9":"tag-breaking-news","10":"tag-breakingnews","11":"tag-congreso","12":"tag-es","13":"tag-espana","14":"tag-featured-news","15":"tag-featurednews","16":"tag-headlines","17":"tag-junts","18":"tag-latest-news","19":"tag-latestnews","20":"tag-mano","21":"tag-mayoria","22":"tag-news","23":"tag-noticias","24":"tag-noticias-destacadas","25":"tag-noticiasdestacadas","26":"tag-pide","27":"tag-pnv","28":"tag-rearmar","29":"tag-ruptura","30":"tag-sanchez","31":"tag-spain","32":"tag-titulares","33":"tag-tras","34":"tag-ultimas-noticias","35":"tag-ultimasnoticias"},"share_on_mastodon":{"url":"https:\/\/pubeurope.com\/@es\/115448045203273849","error":""},"_links":{"self":[{"href":"https:\/\/www.europesays.com\/es\/wp-json\/wp\/v2\/posts\/204234","targetHints":{"allow":["GET"]}}],"collection":[{"href":"https:\/\/www.europesays.com\/es\/wp-json\/wp\/v2\/posts"}],"about":[{"href":"https:\/\/www.europesays.com\/es\/wp-json\/wp\/v2\/types\/post"}],"author":[{"embeddable":true,"href":"https:\/\/www.europesays.com\/es\/wp-json\/wp\/v2\/users\/2"}],"replies":[{"embeddable":true,"href":"https:\/\/www.europesays.com\/es\/wp-json\/wp\/v2\/comments?post=204234"}],"version-history":[{"count":0,"href":"https:\/\/www.europesays.com\/es\/wp-json\/wp\/v2\/posts\/204234\/revisions"}],"wp:featuredmedia":[{"embeddable":true,"href":"https:\/\/www.europesays.com\/es\/wp-json\/wp\/v2\/media\/204235"}],"wp:attachment":[{"href":"https:\/\/www.europesays.com\/es\/wp-json\/wp\/v2\/media?parent=204234"}],"wp:term":[{"taxonomy":"category","embeddable":true,"href":"https:\/\/www.europesays.com\/es\/wp-json\/wp\/v2\/categories?post=204234"},{"taxonomy":"post_tag","embeddable":true,"href":"https:\/\/www.europesays.com\/es\/wp-json\/wp\/v2\/tags?post=204234"}],"curies":[{"name":"wp","href":"https:\/\/api.w.org\/{rel}","templated":true}]}}