{"id":204240,"date":"2025-10-27T20:41:12","date_gmt":"2025-10-27T20:41:12","guid":{"rendered":"https:\/\/www.europesays.com\/es\/204240\/"},"modified":"2025-10-27T20:41:12","modified_gmt":"2025-10-27T20:41:12","slug":"mas-ciclistas-locales-en-2026-pero-con-incognitas","status":"publish","type":"post","link":"https:\/\/www.europesays.com\/es\/204240\/","title":{"rendered":"M\u00e1s ciclistas locales en 2026, pero con inc\u00f3gnitas"},"content":{"rendered":"<p>\n        Si los meses de verano agitan sobremanera el mercado del f\u00fatbol, <strong>en oto\u00f1o sucede m\u00e1s de lo mismo con el ciclista<\/strong>, que est\u00e1 viendo c\u00f3mo los equipos<strong> <\/strong><a href=\"https:\/\/www.noticiasdegipuzkoa.eus\/ciclismo\/2025\/10\/14\/gari-ugarte-cumplira-sueno-naranja-10212888.html\" title=\"perfilan sus futuras plantillas\" class=\"link copy\" rel=\"nofollow noopener\" target=\"_blank\">perfilan sus<strong> futuras plantillas<\/strong><\/a><strong> <\/strong>durante el presente octubre. En clave guipuzcoana, quedan a\u00fan aspectos por conocerse y anunciarse, pero ya se pueden extraer<strong> conclusiones respecto al n\u00famero de representantes<\/strong> en el pelot\u00f3n en el pr\u00f3ximo 2026. Hablamos de un dato positivo, pues la n\u00f3mina de corredores<strong> crecer\u00e1 s\u00ed o s\u00ed el a\u00f1o que viene<\/strong>. Trece ciclistas la han integrado a lo largo de este pasado curso, cuando <strong>al menos catorce <\/strong>lo har\u00e1n a partir de enero. Y quiz\u00e1s quince&#8230;\n<\/p>\n<blockquote class=\"twitter-tweet\" data-lang=\"es\" wp_automatic_readability=\"3.12\">\n<p lang=\"en\" dir=\"ltr\">Introducing our Future Racing class of 2026 \ud83d\udcda\ud83c\udf93<a href=\"https:\/\/t.co\/6kzaPvMgWj\" rel=\"nofollow\">https:\/\/t.co\/6kzaPvMgWj<\/a><\/p>\n<p>\u2014 Lidl-Trek (@LidlTrek) <a href=\"https:\/\/twitter.com\/LidlTrek\/status\/1972678515951587637?ref_src=twsrc%5Etfw\" rel=\"nofollow noopener\" target=\"_blank\">29 de septiembre de 2025<\/a><\/p><\/blockquote>\n<p class=\"article-body__text \">\n        Las cuentas salen solas. Un ciclista deja el ciclismo invierno, <strong>Unai Zubeldia<\/strong> del Euskaltel-Euskadi. Pero su baja se ve compensada por la promoci\u00f3n al pelot\u00f3n profesional de tres j\u00f3venes corredores: el juvenil larrauldarra <strong>E\u00f1aut Urkaregi<\/strong> (2007), fichado por el filial del Lidl-Trek, y dos sub-23 a quienes Euskaltel-Euskadi da la alternativa, <strong>Gari Ugarte <\/strong>(Legazpi, 2005) y <strong>Yago Aguirre <\/strong>(Donostia, 2004). As\u00ed las cosas, la cifra de corredores del territorio ascender\u00eda a la mencionada quincena, aunque a este guarismo cabe ponerle un asterisco, el de <strong>Enekoitz Azparren<\/strong>.\n<\/p>\n<p class=\"article-body__text \">\n        El hermano menor de la saga fich\u00f3 por el Q36.5 hace justo un a\u00f1o y firm\u00f3 un contrato de una sola temporada, hasta la conclusi\u00f3n del presente 2025. Sin embargo, <strong>no ha llegado a representar a esta escuadra de licencia suiza, por culpa de una lesi\u00f3n en la pierna<\/strong> que le impide competir. Enekoitz no se pone un dorsal desde <strong>agosto de 2024<\/strong>, cuando tuvo que abandonar el Tour del Porvenir en su segunda etapa. Est\u00e1 por ver <strong>en qu\u00e9 situaci\u00f3n queda de cara al futuro<\/strong>, sin que el equipo ni el propio ciclista se hayan pronunciado a\u00fan al respecto. Azparren subi\u00f3 a profesionales en 2023 con el Euskaltel-Euskadi, portando un cartel de promesa que el f\u00edsico le ha impedido confirmar por el momento.\n<\/p>\n<p>  Flecos pendientes<\/p>\n<p class=\"article-body__text \">\n        Como ya hemos apuntado inicialmente, el mercado ciclista contin\u00faa activo y <strong>va a deparar noticias oficiales durante los pr\u00f3ximos d\u00edas<\/strong>. Al fin y al cabo, por ejemplo, \u00e1un hay dos ciclistas cuyo futuro no ha sido comunicado y que seguir\u00e1n sobre la bicicleta en 2026. Se trata <strong>de Nico Alustiza y de Xabier Isasa<\/strong>, cuyas renovaciones con el <strong>Euskaltel-Euskadi <\/strong>van a ser anunciadas en breve. La escuadra naranja est\u00e1 dosificando las notas respecto a la composici\u00f3n de su plantilla, y hasta la fecha ha sacado a la luz una renovaci\u00f3n, las promociones de tres corredores de su filial y dos fichajes. Le quedan por confirmar <strong>una tercera incorporaci\u00f3n externa (Jonathan Lastra, del Cofidis)<\/strong> y el resto de prolongaciones, que incluir\u00e1n a los citados Alustiza e Isasa.\n<\/p>\n<p class=\"article-photo__footer\">\n            Pelot\u00f3n guipuzcoano para 2026 (en negrita, las promociones al profesionalismo).                    <\/p>\n<p class=\"article-body__text \">\n        Este fleco pendiente implica un mero formalismo. Y m\u00e1s trascendente se antoja <strong>un \u00faltimo movimiento<\/strong> que se est\u00e1 cocinando entre bambalinas y que a Gipuzkoa le supondr\u00eda, en cierto modo, <strong>salvar los muebles <\/strong>de cara al pr\u00f3ximo curso. El hecho de que el Cofidis haya perdido la licencia de la primera divisi\u00f3n mundial deja al territorio, en un principio,<strong> sin representantes en el World Tour el a\u00f1o que viene<\/strong>. Sin embargo, NOTICIAS DE GIPUZKOA ha podido saber que <strong>un equipo de la m\u00e1xima categor\u00eda trabaja actualmente para fichar a un ciclista local<\/strong>. Dicho corredor tiene contrato en vigor con una escuadra de la segunda divisi\u00f3n, y estar\u00eda cerca de dar el salto al primer nivel si las conversaciones abiertas llegan a buen puerto.\n<\/p>\n<p class=\"article-body__text \">\n        Esta inc\u00f3gnita, tambi\u00e9n la de Enekoitz Azparren,<strong> tiene que ser despejada pr\u00f3ximamente<\/strong>. Y ya se resolvi\u00f3 hace dos semanas la relativa a<strong> Ion Izagirre<\/strong>, quien renueva un a\u00f1o m\u00e1s con el Cofidis. El de Ormaiztegi reconoc\u00eda tras la firma, <a href=\"https:\/\/www.noticiasdegipuzkoa.eus\/ciclismo\/2025\/10\/09\/ion-izagirre-cofidis-rentrevista-renovacion-2026-10191686.html\" title=\"en una entrevista concedida a este peri\u00f3dico\" class=\"link copy\" rel=\"nofollow noopener\" target=\"_blank\">en una entrevista concedida a este peri\u00f3dico<\/a>, que a sus 36 a\u00f1os <strong>la retirada hab\u00eda llegado a pasar por su mente<\/strong>. Pero Ion terminar\u00e1 iniciando en enero su<strong> 17\u00aa campa\u00f1a<\/strong> dentro del pelot\u00f3n profesional.\n<\/p>\n<p>            <script async src=\"https:\/\/platform.twitter.com\/widgets.js\" charset=\"utf-8\"><\/script><\/p>\n","protected":false},"excerpt":{"rendered":"Si los meses de verano agitan sobremanera el mercado del f\u00fatbol, en oto\u00f1o sucede m\u00e1s de lo mismo&hellip;\n","protected":false},"author":2,"featured_media":204241,"comment_status":"","ping_status":"","sticky":false,"template":"","format":"standard","meta":{"footnotes":""},"categories":[273],"tags":[3076,313,2838,312,168,25,24,285,6927,51162,1239,23,167],"class_list":{"0":"post-204240","1":"post","2":"type-post","3":"status-publish","4":"format-standard","5":"has-post-thumbnail","7":"category-ciclismo","8":"tag-3076","9":"tag-ciclismo","10":"tag-ciclistas","11":"tag-cycling","12":"tag-deportes","13":"tag-es","14":"tag-espana","15":"tag-fichajes","16":"tag-gipuzkoa","17":"tag-incognitas","18":"tag-mercado","19":"tag-spain","20":"tag-sports"},"share_on_mastodon":{"url":"https:\/\/pubeurope.com\/@es\/115448072305720033","error":""},"_links":{"self":[{"href":"https:\/\/www.europesays.com\/es\/wp-json\/wp\/v2\/posts\/204240","targetHints":{"allow":["GET"]}}],"collection":[{"href":"https:\/\/www.europesays.com\/es\/wp-json\/wp\/v2\/posts"}],"about":[{"href":"https:\/\/www.europesays.com\/es\/wp-json\/wp\/v2\/types\/post"}],"author":[{"embeddable":true,"href":"https:\/\/www.europesays.com\/es\/wp-json\/wp\/v2\/users\/2"}],"replies":[{"embeddable":true,"href":"https:\/\/www.europesays.com\/es\/wp-json\/wp\/v2\/comments?post=204240"}],"version-history":[{"count":0,"href":"https:\/\/www.europesays.com\/es\/wp-json\/wp\/v2\/posts\/204240\/revisions"}],"wp:featuredmedia":[{"embeddable":true,"href":"https:\/\/www.europesays.com\/es\/wp-json\/wp\/v2\/media\/204241"}],"wp:attachment":[{"href":"https:\/\/www.europesays.com\/es\/wp-json\/wp\/v2\/media?parent=204240"}],"wp:term":[{"taxonomy":"category","embeddable":true,"href":"https:\/\/www.europesays.com\/es\/wp-json\/wp\/v2\/categories?post=204240"},{"taxonomy":"post_tag","embeddable":true,"href":"https:\/\/www.europesays.com\/es\/wp-json\/wp\/v2\/tags?post=204240"}],"curies":[{"name":"wp","href":"https:\/\/api.w.org\/{rel}","templated":true}]}}