{"id":204250,"date":"2025-10-27T20:48:08","date_gmt":"2025-10-27T20:48:08","guid":{"rendered":"https:\/\/www.europesays.com\/es\/204250\/"},"modified":"2025-10-27T20:48:08","modified_gmt":"2025-10-27T20:48:08","slug":"madrid-directo-24-10-2025-parte-2","status":"publish","type":"post","link":"https:\/\/www.europesays.com\/es\/204250\/","title":{"rendered":"Madrid Directo 24.10.2025 (Parte 2)"},"content":{"rendered":"<p class=\"mce\">En la segunda parte del programa de hoy de <a data-content-id=\"\" href=\"https:\/\/www.telemadrid.es\/programas\/madrid-directo\/\" text=\"Madrid Directo\" title=\"\" target=\"_blank\" rel=\"noopener nofollow\" class=\"mceNonEditable mce\">Madrid Directo<\/a>, tenemos la oportunidad de hablar con <strong class=\"mce\">Francisco Contreras, El Ni\u00f1o de Elche, y Ra\u00fcl Refree<\/strong> que, despu\u00e9s de muchos a\u00f1os de colaboraci\u00f3n, cruces de caminos y proyectos en com\u00fan<strong class=\"mce\">, <\/strong>han unido por fin sus talentos en un trabajo discogr\u00e1fico a su nombre. <a data-content-id=\"\" href=\"https:\/\/www.telemadrid.es\/programas\/madrid-directo\/El-Nino-de-Elche-y-Raul-Refree-desembarcan-en-su-primer-album-conjunto-Cruces-2-2828137248--20251024083811.html\" text=\"El \u00e1lbum se titula &#039;Cruces&#039; y se presenta como un viaje por la m\u00fasica espiritual nacida del impulso\" title=\"\" target=\"_blank\" rel=\"noopener nofollow\" class=\"mceNonEditable mce\">El \u00e1lbum se titula &#8216;Cruces&#8217; y se presenta como un viaje por la m\u00fasica espiritual nacida del impulso<\/a>.<\/p>\n","protected":false},"excerpt":{"rendered":"En la segunda parte del programa de hoy de Madrid Directo, tenemos la oportunidad de hablar con Francisco&hellip;\n","protected":false},"author":2,"featured_media":204251,"comment_status":"","ping_status":"","sticky":false,"template":"","format":"standard","meta":{"footnotes":""},"categories":[171],"tags":[517,209,168,95,2666,146,147,25,24,2661,2660,2665,2659,2667,2663,2662,2664,492,23,214,21],"class_list":{"0":"post-204250","1":"post","2":"type-post","3":"status-publish","4":"format-standard","5":"has-post-thumbnail","7":"category-tv","8":"tag-actualidad","9":"tag-cultura","10":"tag-deportes","11":"tag-economia","12":"tag-emision-en-directo","13":"tag-entertainment","14":"tag-entretenimiento","15":"tag-es","16":"tag-espana","17":"tag-internacionales","18":"tag-nacionales","19":"tag-noticias-de-hoy","20":"tag-noticias-de-madrid","21":"tag-podcast","22":"tag-programas-de-telemadrid","23":"tag-programas-de-television","24":"tag-programas-onda-madrid","25":"tag-sociedad","26":"tag-spain","27":"tag-tv","28":"tag-ultimas-noticias"},"share_on_mastodon":{"url":"https:\/\/pubeurope.com\/@es\/115448099952048490","error":""},"_links":{"self":[{"href":"https:\/\/www.europesays.com\/es\/wp-json\/wp\/v2\/posts\/204250","targetHints":{"allow":["GET"]}}],"collection":[{"href":"https:\/\/www.europesays.com\/es\/wp-json\/wp\/v2\/posts"}],"about":[{"href":"https:\/\/www.europesays.com\/es\/wp-json\/wp\/v2\/types\/post"}],"author":[{"embeddable":true,"href":"https:\/\/www.europesays.com\/es\/wp-json\/wp\/v2\/users\/2"}],"replies":[{"embeddable":true,"href":"https:\/\/www.europesays.com\/es\/wp-json\/wp\/v2\/comments?post=204250"}],"version-history":[{"count":0,"href":"https:\/\/www.europesays.com\/es\/wp-json\/wp\/v2\/posts\/204250\/revisions"}],"wp:featuredmedia":[{"embeddable":true,"href":"https:\/\/www.europesays.com\/es\/wp-json\/wp\/v2\/media\/204251"}],"wp:attachment":[{"href":"https:\/\/www.europesays.com\/es\/wp-json\/wp\/v2\/media?parent=204250"}],"wp:term":[{"taxonomy":"category","embeddable":true,"href":"https:\/\/www.europesays.com\/es\/wp-json\/wp\/v2\/categories?post=204250"},{"taxonomy":"post_tag","embeddable":true,"href":"https:\/\/www.europesays.com\/es\/wp-json\/wp\/v2\/tags?post=204250"}],"curies":[{"name":"wp","href":"https:\/\/api.w.org\/{rel}","templated":true}]}}